{"id":87665,"date":"2025-04-06T09:48:46","date_gmt":"2025-04-06T07:48:46","guid":{"rendered":"https:\/\/gorica.info\/?p=87665"},"modified":"2025-04-06T12:59:38","modified_gmt":"2025-04-06T10:59:38","slug":"specijalna-bolnica-naftalan-dobila-je-status-naftalansko-ljeciliste","status":"publish","type":"post","link":"https:\/\/gorica.info\/en\/specijalna-bolnica-naftalan-dobila-je-status-naftalansko-ljeciliste\/","title":{"rendered":"Specijalna bolnica Naftalan dobila status \u201eNaftalansko lje\u010dili\u0161te\u201c"},"content":{"rendered":"<p style=\"padding-left: 40px;\"><span style=\"font-size: 20px;\"><strong>Specijalna bolnica Naftalan<\/strong> dobila je status <strong>\u201eNaftalansko lje\u010dili\u0161te\u201c<\/strong>. Specijalnim bolnicama i lje\u010dili\u0161tima iz cijele Hrvatske koji se bave <strong>zdravstvenim turizmom<\/strong> dodijeljen je <strong>status pru\u017eatelja lje\u010dili\u0161nih usluga. <\/strong><\/span><\/p>\n<p><span style=\"font-size: 20px;\">Ministrica zdravstva <strong>Irena Hrsti\u0107<\/strong> istaknula je kako \u0107e oni doprinijeti kvaliteti zdravstvene usluge lje\u010dili\u0161ta naglasiv\u0161i kako je to i primjer me\u0111uresorne suradnje zdravstva i turizma.<\/span><\/p>\n<p><img fetchpriority=\"high\" decoding=\"async\" class=\"aligncenter wp-image-87670 size-full\" src=\"https:\/\/gorica.info\/wp-content\/uploads\/2025\/04\/naftalan-ljeciliste2.jpg\" alt=\"\" width=\"576\" height=\"432\" srcset=\"https:\/\/gorica.info\/wp-content\/uploads\/2025\/04\/naftalan-ljeciliste2.jpg 576w, https:\/\/gorica.info\/wp-content\/uploads\/2025\/04\/naftalan-ljeciliste2-300x225.jpg 300w, https:\/\/gorica.info\/wp-content\/uploads\/2025\/04\/naftalan-ljeciliste2-16x12.jpg 16w\" sizes=\"(max-width: 576px) 100vw, 576px\" \/><\/p>\n<p><span style=\"font-size: 20px;\">U ime <a href=\"https:\/\/www.zagrebacka-zupanija.hr\/vijesti\/7965\/specijalna-bolnica-naftalan-dobila-status-naftalan\">Zagreba\u010dke \u017eupanije<\/a> simpoziju je nazo\u010dio zamjenik \u017eupana <strong>Ervin Kolarec<\/strong>.<\/span><\/p>\n<p><span style=\"font-size: 20px;\"> \u010cestitao je svim dobitnicima statusa te istaknuo jedinstvenost lje\u010dili\u0161ta Naftalan s obzirom da se nalazi\u0161te naftalana uz Ivani\u0107-Grad, nalazi jo\u0161 jedino u Azerbajd\u017eanu.<\/span><\/p>\n<p><img decoding=\"async\" class=\"aligncenter wp-image-87666 size-full\" src=\"https:\/\/gorica.info\/wp-content\/uploads\/2025\/04\/ervin-kolarec-naftalan.jpg\" alt=\"specijalna bolnica\" width=\"576\" height=\"432\" srcset=\"https:\/\/gorica.info\/wp-content\/uploads\/2025\/04\/ervin-kolarec-naftalan.jpg 576w, https:\/\/gorica.info\/wp-content\/uploads\/2025\/04\/ervin-kolarec-naftalan-300x225.jpg 300w, https:\/\/gorica.info\/wp-content\/uploads\/2025\/04\/ervin-kolarec-naftalan-16x12.jpg 16w\" sizes=\"(max-width: 576px) 100vw, 576px\" \/><\/p>\n<p><span style=\"font-size: 20px;\">Naglasio je kako je zahvaljuju\u0107i gotovo <strong>10 milijuna eura vrijednoj investiciji<\/strong> kojom je bolnica dobila novi kompleks s tri unutarnja i jednim vanjskim bazenom, teretanom, dvoranom i dr. sadr\u017eajima bolnica dobila novi zamah u razvoju i pozicioniranju na lje\u010dili\u0161noj karti.<\/span><\/p>\n<p><span style=\"font-size: 20px;\">Zadovoljstvo dobivenim statusom izrazila je ravnateljica SB Naftalan<strong> Tea Vuko\u0161i\u0107 Paher<\/strong>, podsjetiv\u0161i kako se u bolnici naftalanom lije\u010di jo\u0161 od njenog osnutka 1989. godine.\u00a0<\/span><\/p>\n<p><span style=\"font-size: 20px;\"><a href=\"https:\/\/gorica.info\/en\/goricki-branitelj-branko-mihalic-redovito-se-lijeci-u-naftalanu-svi-su-odlicni-lijecnici-medicinske-sestre-fizioterapeuti\/\">Naftalan<\/a> je zemno mineralno ulje i ve\u0107 je odavno prepoznat kao prirodni ljekoviti saveznik u <a href=\"https:\/\/gorica.info\/en\/svjetski-dan-zdravlja-posvetite-malo-vremena-sebi-provjerite-tlak-i-secer\/\">o\u010duvanju zdravlja<\/a> i sprje\u010davanju bolesti, a kao ljekovito sredstvo prvi puta se pojavio u isto\u010dnja\u010dkoj medicini.<\/span><\/p>\n<p><span style=\"font-size: 20px;\">Prve podatke o ljekovitosti zabilje\u017eio je jo\u0161 u 13. stolje\u0107u Marco Polo, a naftalan se u medicinske svrhe koristi<strong> vi\u0161e od 600 godina.<\/strong><\/span><\/p>\n<p><span style=\"font-size: 20px;\">Naftalan je neprocjenjivo blago koje nam je ostavilo Panonsko more, a <strong>naftalanska terapija<\/strong> izuzetno je blagotvorna u lije\u010denju ko\u017enih, upalnih reumatskih bolesti, te bolesti zglobova i kralje\u017enice, ali i u lije\u010denju opeklina i rehabilitaciji nakon raznih operativnih zahvata.<\/span><\/p>","protected":false},"excerpt":{"rendered":"<p>Specijalna bolnica Naftalan dobila je status \u201eNaftalansko lje\u010dili\u0161te\u201c. Specijalnim bolnicama i lje\u010dili\u0161tima iz cijele Hrvatske koji se bave zdravstvenim turizmom dodijeljen je status pru\u017eatelja lje\u010dili\u0161nih usluga. Ministrica zdravstva Irena Hrsti\u0107 istaknula je kako \u0107e oni doprinijeti kvaliteti zdravstvene usluge lje\u010dili\u0161ta naglasiv\u0161i kako je to i primjer me\u0111uresorne suradnje zdravstva i turizma. U ime Zagreba\u010dke \u017eupanije [&hellip;]<\/p>\n","protected":false},"author":25,"featured_media":87668,"comment_status":"closed","ping_status":"closed","sticky":false,"template":"","format":"standard","meta":{"limit_modified_date":"1","last_modified_date":"","jnews-multi-image_gallery":[],"jnews_single_post":{"subtitle":"","format":"standard","override":[{"template":"3","parallax":"1","fullscreen":"1","layout":"right-sidebar","sidebar":"default-sidebar","second_sidebar":"default-sidebar","sticky_sidebar":"1","share_position":"top","share_float_style":"share-monocrhome","show_featured":"1","show_post_meta":"1","show_post_author":"1","show_post_author_image":"1","show_post_date":"1","post_date_format":"default","post_date_format_custom":"Y\/m\/d","show_post_category":"1","show_post_reading_time":"1","post_reading_time_wpm":"300","post_calculate_word_method":"str_word_count","zoom_button_out_step":"2","zoom_button_in_step":"3","show_post_tag":"1","show_popup_post":"1","number_popup_post":"1","show_post_related":"1"}],"image_override":[{"single_post_thumbnail_size":"crop-500","single_post_gallery_size":"crop-500"}],"trending_post_position":"meta","trending_post_label":"Trending","sponsored_post_label":"Sponsored by","disable_ad":"0"},"jnews_primary_category":[],"jnews_override_counter":{"view_counter_number":"0","share_counter_number":"0","like_counter_number":"0","dislike_counter_number":"0"},"footnotes":""},"categories":[108],"tags":[611,2131,1635,10697,5007,18565,149,2475],"class_list":["post-87665","post","type-post","status-publish","format-standard","has-post-thumbnail","hentry","category-zupanija","tag-ervin-kolarec","tag-ivanic-grad","tag-lijecenje","tag-ljeciliste","tag-naftalan","tag-naftalansko-ljeciliste","tag-zagrebacka-zupanija","tag-zupanija"],"yoast_head":"<!-- This site is optimized with the Yoast SEO Premium plugin v27.4 (Yoast SEO v27.4) - https:\/\/yoast.com\/product\/yoast-seo-premium-wordpress\/ -->\n<title>Specijalna bolnica Naftalan dobila status \u201eNaftalansko lje\u010dili\u0161te\u201c - Gorica Info<\/title>\n<meta name=\"description\" content=\"Specijalna bolnica Naftalan dobila je status \u201eNaftalansko lje\u010dili\u0161te\u201c. Naftalan je izuzetno blagotvoran u lije\u010denju raznih bolesti.\" \/>\n<meta name=\"robots\" content=\"index, follow, max-snippet:-1, max-image-preview:large, max-video-preview:-1\" \/>\n<link rel=\"canonical\" href=\"https:\/\/gorica.info\/en\/specijalna-bolnica-naftalan-dobila-je-status-naftalansko-ljeciliste\/\" \/>\n<meta property=\"og:locale\" content=\"en_US\" \/>\n<meta property=\"og:type\" content=\"article\" \/>\n<meta property=\"og:title\" content=\"Specijalna bolnica Naftalan dobila status \u201eNaftalansko lje\u010dili\u0161te\u201c\" \/>\n<meta property=\"og:description\" content=\"Specijalna bolnica Naftalan dobila je status \u201eNaftalansko lje\u010dili\u0161te\u201c. Naftalan je izuzetno blagotvoran u lije\u010denju raznih bolesti.\" \/>\n<meta property=\"og:url\" content=\"https:\/\/gorica.info\/en\/specijalna-bolnica-naftalan-dobila-je-status-naftalansko-ljeciliste\/\" \/>\n<meta property=\"og:site_name\" content=\"Gorica Info\" \/>\n<meta property=\"article:publisher\" content=\"https:\/\/www.facebook.com\/Goricainfo-106005144489262\" \/>\n<meta property=\"article:published_time\" content=\"2025-04-06T07:48:46+00:00\" \/>\n<meta property=\"article:modified_time\" content=\"2025-04-06T10:59:38+00:00\" \/>\n<meta property=\"og:image\" content=\"https:\/\/gorica.info\/wp-content\/uploads\/2025\/04\/naftalan-ljeciliste-e1743937076502.jpg\" \/>\n\t<meta property=\"og:image:width\" content=\"576\" \/>\n\t<meta property=\"og:image:height\" content=\"348\" \/>\n\t<meta property=\"og:image:type\" content=\"image\/jpeg\" \/>\n<meta name=\"author\" content=\"Marta Horvat\" \/>\n<meta name=\"twitter:card\" content=\"summary_large_image\" \/>\n<meta name=\"twitter:creator\" content=\"@GoricaInfo\" \/>\n<meta name=\"twitter:site\" content=\"@GoricaInfo\" \/>\n<meta name=\"twitter:label1\" content=\"Written by\" \/>\n\t<meta name=\"twitter:data1\" content=\"Marta Horvat\" \/>\n\t<meta name=\"twitter:label2\" content=\"Est. reading time\" \/>\n\t<meta name=\"twitter:data2\" content=\"2 minutes\" \/>\n<meta name=\"geo.placename\" content=\"Velika Gorica\" \/>\n<meta name=\"geo.region\" content=\"Croatia\" \/>\n<!-- \/ Yoast SEO Premium plugin. -->","yoast_head_json":{"title":"Specijalna bolnica Naftalan dobila status \u201eNaftalansko lje\u010dili\u0161te\u201c - Gorica Info","description":"Specijalna bolnica Naftalan dobila je status \u201eNaftalansko lje\u010dili\u0161te\u201c. Naftalan je izuzetno blagotvoran u lije\u010denju raznih bolesti.","robots":{"index":"index","follow":"follow","max-snippet":"max-snippet:-1","max-image-preview":"max-image-preview:large","max-video-preview":"max-video-preview:-1"},"canonical":"https:\/\/gorica.info\/en\/specijalna-bolnica-naftalan-dobila-je-status-naftalansko-ljeciliste\/","og_locale":"en_US","og_type":"article","og_title":"Specijalna bolnica Naftalan dobila status \u201eNaftalansko lje\u010dili\u0161te\u201c","og_description":"Specijalna bolnica Naftalan dobila je status \u201eNaftalansko lje\u010dili\u0161te\u201c. Naftalan je izuzetno blagotvoran u lije\u010denju raznih bolesti.","og_url":"https:\/\/gorica.info\/en\/specijalna-bolnica-naftalan-dobila-je-status-naftalansko-ljeciliste\/","og_site_name":"Gorica Info","article_publisher":"https:\/\/www.facebook.com\/Goricainfo-106005144489262","article_published_time":"2025-04-06T07:48:46+00:00","article_modified_time":"2025-04-06T10:59:38+00:00","og_image":[{"width":576,"height":348,"url":"https:\/\/gorica.info\/wp-content\/uploads\/2025\/04\/naftalan-ljeciliste-e1743937076502.jpg","type":"image\/jpeg"}],"author":"Marta Horvat","twitter_card":"summary_large_image","twitter_creator":"@GoricaInfo","twitter_site":"@GoricaInfo","twitter_misc":{"Written by":"Marta Horvat","Est. reading time":"2 minutes"},"schema":{"@context":"https:\/\/schema.org","@graph":[{"@type":"NewsArticle","@id":"https:\/\/gorica.info\/specijalna-bolnica-naftalan-dobila-je-status-naftalansko-ljeciliste\/#article","isPartOf":{"@id":"https:\/\/gorica.info\/specijalna-bolnica-naftalan-dobila-je-status-naftalansko-ljeciliste\/"},"author":{"name":"Marta Horvat","@id":"https:\/\/gorica.info\/#\/schema\/person\/b2df2f6fb2a9073c0fa5af2672befd52"},"headline":"Specijalna bolnica Naftalan dobila status \u201eNaftalansko lje\u010dili\u0161te\u201c","datePublished":"2025-04-06T07:48:46+00:00","dateModified":"2025-04-06T10:59:38+00:00","mainEntityOfPage":{"@id":"https:\/\/gorica.info\/specijalna-bolnica-naftalan-dobila-je-status-naftalansko-ljeciliste\/"},"wordCount":282,"publisher":{"@id":"https:\/\/gorica.info\/#organization"},"image":{"@id":"https:\/\/gorica.info\/specijalna-bolnica-naftalan-dobila-je-status-naftalansko-ljeciliste\/#primaryimage"},"thumbnailUrl":"https:\/\/gorica.info\/wp-content\/uploads\/2025\/04\/naftalan-ljeciliste-e1743937076502.jpg","keywords":["ervin kolarec","ivani\u0107-grad","lije\u010denje","lje\u010dili\u0161te","naftalan","naftalansko lje\u010dili\u0161te","Zagreba\u010dka \u017eupanija","\u017eupanija"],"articleSection":["\u017dUPANIJA"],"inLanguage":"en-US","copyrightYear":"2025","copyrightHolder":{"@id":"https:\/\/gorica.info\/en\/#organization"}},{"@type":"WebPage","@id":"https:\/\/gorica.info\/specijalna-bolnica-naftalan-dobila-je-status-naftalansko-ljeciliste\/","url":"https:\/\/gorica.info\/specijalna-bolnica-naftalan-dobila-je-status-naftalansko-ljeciliste\/","name":"Specijalna bolnica Naftalan dobila status \u201eNaftalansko lje\u010dili\u0161te\u201c - Gorica Info","isPartOf":{"@id":"https:\/\/gorica.info\/#website"},"primaryImageOfPage":{"@id":"https:\/\/gorica.info\/specijalna-bolnica-naftalan-dobila-je-status-naftalansko-ljeciliste\/#primaryimage"},"image":{"@id":"https:\/\/gorica.info\/specijalna-bolnica-naftalan-dobila-je-status-naftalansko-ljeciliste\/#primaryimage"},"thumbnailUrl":"https:\/\/gorica.info\/wp-content\/uploads\/2025\/04\/naftalan-ljeciliste-e1743937076502.jpg","datePublished":"2025-04-06T07:48:46+00:00","dateModified":"2025-04-06T10:59:38+00:00","description":"Specijalna bolnica Naftalan dobila je status \u201eNaftalansko lje\u010dili\u0161te\u201c. Naftalan je izuzetno blagotvoran u lije\u010denju raznih bolesti.","breadcrumb":{"@id":"https:\/\/gorica.info\/specijalna-bolnica-naftalan-dobila-je-status-naftalansko-ljeciliste\/#breadcrumb"},"inLanguage":"en-US","potentialAction":[{"@type":"ReadAction","target":["https:\/\/gorica.info\/specijalna-bolnica-naftalan-dobila-je-status-naftalansko-ljeciliste\/"]}]},{"@type":"ImageObject","inLanguage":"en-US","@id":"https:\/\/gorica.info\/specijalna-bolnica-naftalan-dobila-je-status-naftalansko-ljeciliste\/#primaryimage","url":"https:\/\/gorica.info\/wp-content\/uploads\/2025\/04\/naftalan-ljeciliste-e1743937076502.jpg","contentUrl":"https:\/\/gorica.info\/wp-content\/uploads\/2025\/04\/naftalan-ljeciliste-e1743937076502.jpg","width":576,"height":348,"caption":"Foto: Zagreba\u010dka \u017eupanija"},{"@type":"BreadcrumbList","@id":"https:\/\/gorica.info\/specijalna-bolnica-naftalan-dobila-je-status-naftalansko-ljeciliste\/#breadcrumb","itemListElement":[{"@type":"ListItem","position":1,"name":"Po\u010detna stranica","item":"https:\/\/gorica.info\/"},{"@type":"ListItem","position":2,"name":"Specijalna bolnica Naftalan dobila status \u201eNaftalansko lje\u010dili\u0161te\u201c"}]},{"@type":"WebSite","@id":"https:\/\/gorica.info\/#website","url":"https:\/\/gorica.info\/","name":"Gorica Info","description":"Vijesti iz Velike Gorice i okolice.","publisher":{"@id":"https:\/\/gorica.info\/#organization"},"potentialAction":[{"@type":"SearchAction","target":{"@type":"EntryPoint","urlTemplate":"https:\/\/gorica.info\/?s={search_term_string}"},"query-input":{"@type":"PropertyValueSpecification","valueRequired":true,"valueName":"search_term_string"}}],"inLanguage":"en-US"},{"@type":["Organization","Place","NewsMediaOrganization"],"@id":"https:\/\/gorica.info\/#organization","name":"Gorica Info","url":"https:\/\/gorica.info\/","logo":{"@id":"https:\/\/gorica.info\/specijalna-bolnica-naftalan-dobila-je-status-naftalansko-ljeciliste\/#local-main-organization-logo"},"image":{"@id":"https:\/\/gorica.info\/specijalna-bolnica-naftalan-dobila-je-status-naftalansko-ljeciliste\/#local-main-organization-logo"},"sameAs":["https:\/\/www.facebook.com\/Goricainfo-106005144489262","https:\/\/x.com\/GoricaInfo","https:\/\/www.instagram.com\/gorica.info\/"],"address":{"@id":"https:\/\/gorica.info\/specijalna-bolnica-naftalan-dobila-je-status-naftalansko-ljeciliste\/#local-main-place-address"},"telephone":[],"openingHoursSpecification":[{"@type":"OpeningHoursSpecification","dayOfWeek":["Monday","Tuesday","Wednesday","Thursday","Friday","Saturday","Sunday"],"opens":"09:00","closes":"17:00"}],"email":"redakcija@gorica.info"},{"@type":"Person","@id":"https:\/\/gorica.info\/#\/schema\/person\/b2df2f6fb2a9073c0fa5af2672befd52","name":"Marta Horvat","description":"Marta Horvat je studentica koja redovito pi\u0161e za portal, prati sva gradska doga\u0111anja i u\u017eiva isprobavati nove recept koje dijeli s na\u0161im \u010ditateljima.","url":"https:\/\/gorica.info\/en\/author\/marta-horvat\/"},{"@type":"PostalAddress","@id":"https:\/\/gorica.info\/specijalna-bolnica-naftalan-dobila-je-status-naftalansko-ljeciliste\/#local-main-place-address","streetAddress":"Horvatova 97","addressLocality":"Velika Gorica","postalCode":"10410","addressRegion":"Croatia","addressCountry":"HR"},{"@type":"ImageObject","inLanguage":"en-US","@id":"https:\/\/gorica.info\/specijalna-bolnica-naftalan-dobila-je-status-naftalansko-ljeciliste\/#local-main-organization-logo","url":"https:\/\/gorica.info\/wp-content\/uploads\/2024\/07\/Gorica-Info-Logo-mali.png","contentUrl":"https:\/\/gorica.info\/wp-content\/uploads\/2024\/07\/Gorica-Info-Logo-mali.png","width":450,"height":85,"caption":"Gorica Info"}]},"geo.placename":"Velika Gorica","geo.region":"Croatia"},"_links":{"self":[{"href":"https:\/\/gorica.info\/en\/wp-json\/wp\/v2\/posts\/87665","targetHints":{"allow":["GET"]}}],"collection":[{"href":"https:\/\/gorica.info\/en\/wp-json\/wp\/v2\/posts"}],"about":[{"href":"https:\/\/gorica.info\/en\/wp-json\/wp\/v2\/types\/post"}],"author":[{"embeddable":true,"href":"https:\/\/gorica.info\/en\/wp-json\/wp\/v2\/users\/25"}],"replies":[{"embeddable":true,"href":"https:\/\/gorica.info\/en\/wp-json\/wp\/v2\/comments?post=87665"}],"version-history":[{"count":1,"href":"https:\/\/gorica.info\/en\/wp-json\/wp\/v2\/posts\/87665\/revisions"}],"predecessor-version":[{"id":87671,"href":"https:\/\/gorica.info\/en\/wp-json\/wp\/v2\/posts\/87665\/revisions\/87671"}],"wp:featuredmedia":[{"embeddable":true,"href":"https:\/\/gorica.info\/en\/wp-json\/wp\/v2\/media\/87668"}],"wp:attachment":[{"href":"https:\/\/gorica.info\/en\/wp-json\/wp\/v2\/media?parent=87665"}],"wp:term":[{"taxonomy":"category","embeddable":true,"href":"https:\/\/gorica.info\/en\/wp-json\/wp\/v2\/categories?post=87665"},{"taxonomy":"post_tag","embeddable":true,"href":"https:\/\/gorica.info\/en\/wp-json\/wp\/v2\/tags?post=87665"}],"curies":[{"name":"wp","href":"https:\/\/api.w.org\/{rel}","templated":true}]}}