{"id":87975,"date":"2025-04-11T11:50:36","date_gmt":"2025-04-11T09:50:36","guid":{"rendered":"https:\/\/gorica.info\/?p=87975"},"modified":"2025-04-11T16:16:09","modified_gmt":"2025-04-11T14:16:09","slug":"velik-uspjeh-mladih-trubaca-tibor-rajtaric-u-estoniji-osvojio-grand-prix-marin-cacic-drugo-mjesto","status":"publish","type":"post","link":"https:\/\/gorica.info\/en\/velik-uspjeh-mladih-trubaca-tibor-rajtaric-u-estoniji-osvojio-grand-prix-marin-cacic-drugo-mjesto\/","title":{"rendered":"Velik uspjeh mladih truba\u010da: Tibor Rajtari\u0107 u Estoniji osvojio prvo mjesto i Grand Prix"},"content":{"rendered":"<p><span style=\"font-size: 20px;\"><strong>Iz Umjetni\u010dke \u0161kole Franje Lu\u010di\u0107a<\/strong> ponovno sti\u017eu sjajne vijesti. U\u010denici trube iz klase profesora <a href=\"https:\/\/gorica.info\/en\/profesor-tomislav-spoljar\/\"><strong>Tomislava \u0160poljara<\/strong><\/a> sudjelovali su na Me\u0111unarodnom truba\u010dkom natjecanju &#8220;Trumpet Talents Tallinn 2025&#8221; u Estoniji i ostvarili<strong> fantasti\u010dne rezultate.<\/strong><\/span><\/p>\n<p><span style=\"font-size: 20px;\"><strong>Jak\u0161a Hum<\/strong> i <strong>Marin \u0106a\u0107i\u0107<\/strong> natjecali su se u 3. kategoriji i me\u0111u 20 kandidata Marin je osvojio 2. mjesto \u00a0i poklon paket.<\/span><\/p>\n<p><img fetchpriority=\"high\" decoding=\"async\" class=\"aligncenter wp-image-87978 size-full\" src=\"https:\/\/gorica.info\/wp-content\/uploads\/2025\/04\/umjetnicka-skola-estonija2.jpg\" alt=\"\" width=\"1067\" height=\"800\" srcset=\"https:\/\/gorica.info\/wp-content\/uploads\/2025\/04\/umjetnicka-skola-estonija2.jpg 1067w, https:\/\/gorica.info\/wp-content\/uploads\/2025\/04\/umjetnicka-skola-estonija2-300x225.jpg 300w, https:\/\/gorica.info\/wp-content\/uploads\/2025\/04\/umjetnicka-skola-estonija2-1024x768.jpg 1024w, https:\/\/gorica.info\/wp-content\/uploads\/2025\/04\/umjetnicka-skola-estonija2-768x576.jpg 768w, https:\/\/gorica.info\/wp-content\/uploads\/2025\/04\/umjetnicka-skola-estonija2-16x12.jpg 16w, https:\/\/gorica.info\/wp-content\/uploads\/2025\/04\/umjetnicka-skola-estonija2-750x562.jpg 750w\" sizes=\"(max-width: 1067px) 100vw, 1067px\" \/><\/p>\n<p><span style=\"font-size: 20px;\"><strong>Tibor Rajtari\u0107<\/strong> je u 4. kategoriji <strong>osvojio 1. mjesto i Grand Prix<\/strong>, nov\u010danu nagradu od 400 eura te profesionalnu trubu Stomvi.<\/span><\/p>\n<p><span style=\"font-size: 20px;\"><a href=\"https:\/\/gorica.info\/en\/jos-jedno-vrijedno-priznanje-talentirani-stefan-gjorgiev-osvojio-prvo-mjesto-na-natjecanju-u-poljskoj\/\"><strong>Stefan Gjorgiev<\/strong><\/a> se me\u0111u 21 kandidata u 5. kategoriji plasirao na 5. mjesto.<\/span><\/p>\n<p><img decoding=\"async\" class=\"aligncenter wp-image-87977 size-large\" src=\"https:\/\/gorica.info\/wp-content\/uploads\/2025\/04\/umjetnicka-skola-estonija1-1024x768.jpg\" alt=\"\" width=\"1024\" height=\"768\" srcset=\"https:\/\/gorica.info\/wp-content\/uploads\/2025\/04\/umjetnicka-skola-estonija1-1024x768.jpg 1024w, https:\/\/gorica.info\/wp-content\/uploads\/2025\/04\/umjetnicka-skola-estonija1-300x225.jpg 300w, https:\/\/gorica.info\/wp-content\/uploads\/2025\/04\/umjetnicka-skola-estonija1-768x576.jpg 768w, https:\/\/gorica.info\/wp-content\/uploads\/2025\/04\/umjetnicka-skola-estonija1-16x12.jpg 16w, https:\/\/gorica.info\/wp-content\/uploads\/2025\/04\/umjetnicka-skola-estonija1-750x562.jpg 750w, https:\/\/gorica.info\/wp-content\/uploads\/2025\/04\/umjetnicka-skola-estonija1.jpg 1067w\" sizes=\"(max-width: 1024px) 100vw, 1024px\" \/><\/p>\n<p><span style=\"font-size: 20px;\">S u\u010denicima je za klavirom sura\u0111ivala nastavnica <strong>Nora Mami\u0107<\/strong>.<\/span><\/p>\n<p><span style=\"font-size: 20px;\">Pored samog natjecanja, majstorske radionice odr\u017eali su Pasi Pirinen (profesor na Sibelius akademiji u Helsinkiju), Alfonso Gonz\u00e1lez Barqu\u00edn (prvi truba\u010d Orchestra dell&#8217;Accademia Nazionale di Santa Cecilia iz Rima), Waclaw Mulak (profesor na Akademije za glazbu Krzysztof Penderecki u Krakowu) te na\u0161 Tomislav \u0160poljar, objavili su iz <a href=\"https:\/\/web.facebook.com\/usfranjelucica?locale=hr_HR\">Umjetni\u010dke \u0161kole.<\/a><\/span><\/p>\n<p><span style=\"font-size: 20px;\">\u010cestitamo Jak\u0161i, Marinu, Tiboru i Stefanu, te nastavnicima Mami\u0107 i \u0160poljaru na postignutim rezultatima u Estoniji.<\/span><\/p>\n<p><img decoding=\"async\" class=\"aligncenter wp-image-87979 size-full\" src=\"https:\/\/gorica.info\/wp-content\/uploads\/2025\/04\/umjetnicka-skola-estonija3.jpg\" alt=\"estoniji\" width=\"600\" height=\"800\" srcset=\"https:\/\/gorica.info\/wp-content\/uploads\/2025\/04\/umjetnicka-skola-estonija3.jpg 600w, https:\/\/gorica.info\/wp-content\/uploads\/2025\/04\/umjetnicka-skola-estonija3-225x300.jpg 225w, https:\/\/gorica.info\/wp-content\/uploads\/2025\/04\/umjetnicka-skola-estonija3-9x12.jpg 9w\" sizes=\"(max-width: 600px) 100vw, 600px\" \/><\/p>\n<p>&nbsp;<\/p>","protected":false},"excerpt":{"rendered":"<p>Iz Umjetni\u010dke \u0161kole Franje Lu\u010di\u0107a ponovno sti\u017eu sjajne vijesti. U\u010denici trube iz klase profesora Tomislava \u0160poljara sudjelovali su na Me\u0111unarodnom truba\u010dkom natjecanju &#8220;Trumpet Talents Tallinn 2025&#8221; u Estoniji i ostvarili fantasti\u010dne rezultate. Jak\u0161a Hum i Marin \u0106a\u0107i\u0107 natjecali su se u 3. kategoriji i me\u0111u 20 kandidata Marin je osvojio 2. mjesto \u00a0i poklon paket. [&hellip;]<\/p>\n","protected":false},"author":23,"featured_media":87976,"comment_status":"closed","ping_status":"closed","sticky":false,"template":"","format":"standard","meta":{"limit_modified_date":"1","last_modified_date":"","jnews-multi-image_gallery":[],"jnews_single_post":{"subtitle":"","format":"standard","override":[{"template":"3","parallax":"1","fullscreen":"1","layout":"right-sidebar","sidebar":"default-sidebar","second_sidebar":"default-sidebar","sticky_sidebar":"1","share_position":"top","share_float_style":"share-monocrhome","show_featured":"1","show_post_meta":"1","show_post_author":"1","show_post_author_image":"1","show_post_date":"1","post_date_format":"default","post_date_format_custom":"Y\/m\/d","show_post_category":"1","show_post_reading_time":"1","post_reading_time_wpm":"300","post_calculate_word_method":"str_word_count","zoom_button_out_step":"2","zoom_button_in_step":"3","show_post_tag":"1","show_popup_post":"1","number_popup_post":"1","show_post_related":"1"}],"image_override":[{"single_post_thumbnail_size":"crop-500","single_post_gallery_size":"crop-500"}],"trending_post_position":"meta","trending_post_label":"Trending","sponsored_post_label":"Sponsored by","disable_ad":"0"},"jnews_primary_category":[],"jnews_override_counter":{"view_counter_number":"0","share_counter_number":"0","like_counter_number":"0","dislike_counter_number":"0"},"footnotes":""},"categories":[87],"tags":[18653,18654,2207,17813,2654,17814,2655,3705],"class_list":["post-87975","post","type-post","status-publish","format-standard","has-post-thumbnail","hentry","category-gorica","tag-estonija","tag-fantastican-uspjeh","tag-natjecanje","tag-nora-mamic","tag-stefan-gjorgiev","tag-tibor-rajtaric","tag-tomislav-spoljar","tag-umjetnicka-skola-franje-lucica"],"yoast_head":"<!-- This site is optimized with the Yoast SEO Premium plugin v27.4 (Yoast SEO v27.4) - https:\/\/yoast.com\/product\/yoast-seo-premium-wordpress\/ -->\n<title>Velik uspjeh mladih truba\u010da: Tibor Rajtari\u0107 u Estoniji osvojio prvo mjesto i Grand Prix - Gorica Info<\/title>\n<meta name=\"description\" content=\"Velik uspjeh mladih truba\u010da: Tibor Rajtari\u0107 u Estoniji osvojio Grand Prix, Marin \u0106a\u0107i\u0107 drugo mjesto, objavili su iz Umjetni\u010dke \u0161kole.\" \/>\n<meta name=\"robots\" content=\"index, follow, max-snippet:-1, max-image-preview:large, max-video-preview:-1\" \/>\n<link rel=\"canonical\" href=\"https:\/\/gorica.info\/en\/velik-uspjeh-mladih-trubaca-tibor-rajtaric-u-estoniji-osvojio-grand-prix-marin-cacic-drugo-mjesto\/\" \/>\n<meta property=\"og:locale\" content=\"en_US\" \/>\n<meta property=\"og:type\" content=\"article\" \/>\n<meta property=\"og:title\" content=\"Velik uspjeh mladih truba\u010da: Tibor Rajtari\u0107 u Estoniji osvojio prvo mjesto i Grand Prix\" \/>\n<meta property=\"og:description\" content=\"Velik uspjeh mladih truba\u010da: Tibor Rajtari\u0107 u Estoniji osvojio Grand Prix, Marin \u0106a\u0107i\u0107 drugo mjesto, objavili su iz Umjetni\u010dke \u0161kole.\" \/>\n<meta property=\"og:url\" content=\"https:\/\/gorica.info\/en\/velik-uspjeh-mladih-trubaca-tibor-rajtaric-u-estoniji-osvojio-grand-prix-marin-cacic-drugo-mjesto\/\" \/>\n<meta property=\"og:site_name\" content=\"Gorica Info\" \/>\n<meta property=\"article:publisher\" content=\"https:\/\/www.facebook.com\/Goricainfo-106005144489262\" \/>\n<meta property=\"article:published_time\" content=\"2025-04-11T09:50:36+00:00\" \/>\n<meta property=\"article:modified_time\" content=\"2025-04-11T14:16:09+00:00\" \/>\n<meta property=\"og:image\" content=\"https:\/\/gorica.info\/wp-content\/uploads\/2025\/04\/umjetnicka-skola-estonija.jpg\" \/>\n\t<meta property=\"og:image:width\" content=\"1067\" \/>\n\t<meta property=\"og:image:height\" content=\"800\" \/>\n\t<meta property=\"og:image:type\" content=\"image\/jpeg\" \/>\n<meta name=\"author\" content=\"Gorica. info\" \/>\n<meta name=\"twitter:card\" content=\"summary_large_image\" \/>\n<meta name=\"twitter:creator\" content=\"@GoricaInfo\" \/>\n<meta name=\"twitter:site\" content=\"@GoricaInfo\" \/>\n<meta name=\"twitter:label1\" content=\"Written by\" \/>\n\t<meta name=\"twitter:data1\" content=\"Gorica. info\" \/>\n\t<meta name=\"twitter:label2\" content=\"Est. reading time\" \/>\n\t<meta name=\"twitter:data2\" content=\"2 minutes\" \/>\n<meta name=\"geo.placename\" content=\"Velika Gorica\" \/>\n<meta name=\"geo.region\" content=\"Croatia\" \/>\n<!-- \/ Yoast SEO Premium plugin. -->","yoast_head_json":{"title":"Velik uspjeh mladih truba\u010da: Tibor Rajtari\u0107 u Estoniji osvojio prvo mjesto i Grand Prix - Gorica Info","description":"Velik uspjeh mladih truba\u010da: Tibor Rajtari\u0107 u Estoniji osvojio Grand Prix, Marin \u0106a\u0107i\u0107 drugo mjesto, objavili su iz Umjetni\u010dke \u0161kole.","robots":{"index":"index","follow":"follow","max-snippet":"max-snippet:-1","max-image-preview":"max-image-preview:large","max-video-preview":"max-video-preview:-1"},"canonical":"https:\/\/gorica.info\/en\/velik-uspjeh-mladih-trubaca-tibor-rajtaric-u-estoniji-osvojio-grand-prix-marin-cacic-drugo-mjesto\/","og_locale":"en_US","og_type":"article","og_title":"Velik uspjeh mladih truba\u010da: Tibor Rajtari\u0107 u Estoniji osvojio prvo mjesto i Grand Prix","og_description":"Velik uspjeh mladih truba\u010da: Tibor Rajtari\u0107 u Estoniji osvojio Grand Prix, Marin \u0106a\u0107i\u0107 drugo mjesto, objavili su iz Umjetni\u010dke \u0161kole.","og_url":"https:\/\/gorica.info\/en\/velik-uspjeh-mladih-trubaca-tibor-rajtaric-u-estoniji-osvojio-grand-prix-marin-cacic-drugo-mjesto\/","og_site_name":"Gorica Info","article_publisher":"https:\/\/www.facebook.com\/Goricainfo-106005144489262","article_published_time":"2025-04-11T09:50:36+00:00","article_modified_time":"2025-04-11T14:16:09+00:00","og_image":[{"width":1067,"height":800,"url":"https:\/\/gorica.info\/wp-content\/uploads\/2025\/04\/umjetnicka-skola-estonija.jpg","type":"image\/jpeg"}],"author":"Gorica. info","twitter_card":"summary_large_image","twitter_creator":"@GoricaInfo","twitter_site":"@GoricaInfo","twitter_misc":{"Written by":"Gorica. info","Est. reading time":"2 minutes"},"schema":{"@context":"https:\/\/schema.org","@graph":[{"@type":"NewsArticle","@id":"https:\/\/gorica.info\/velik-uspjeh-mladih-trubaca-tibor-rajtaric-u-estoniji-osvojio-grand-prix-marin-cacic-drugo-mjesto\/#article","isPartOf":{"@id":"https:\/\/gorica.info\/velik-uspjeh-mladih-trubaca-tibor-rajtaric-u-estoniji-osvojio-grand-prix-marin-cacic-drugo-mjesto\/"},"author":{"name":"Gorica. info","@id":"https:\/\/gorica.info\/#\/schema\/person\/4499af1f22f322670b9b5977ccc2e3de"},"headline":"Velik uspjeh mladih truba\u010da: Tibor Rajtari\u0107 u Estoniji osvojio prvo mjesto i Grand Prix","datePublished":"2025-04-11T09:50:36+00:00","dateModified":"2025-04-11T14:16:09+00:00","mainEntityOfPage":{"@id":"https:\/\/gorica.info\/velik-uspjeh-mladih-trubaca-tibor-rajtaric-u-estoniji-osvojio-grand-prix-marin-cacic-drugo-mjesto\/"},"wordCount":189,"publisher":{"@id":"https:\/\/gorica.info\/#organization"},"image":{"@id":"https:\/\/gorica.info\/velik-uspjeh-mladih-trubaca-tibor-rajtaric-u-estoniji-osvojio-grand-prix-marin-cacic-drugo-mjesto\/#primaryimage"},"thumbnailUrl":"https:\/\/gorica.info\/wp-content\/uploads\/2025\/04\/umjetnicka-skola-estonija.jpg","keywords":["estonija","fantasti\u010dan uspjeh","natjecanje","nora mami\u0107","Stefan Gjorgiev","tibor rajtari\u0107","tomislav \u0161poljar","umjetni\u010dka \u0161kola franje lu\u010di\u0107a"],"articleSection":["GORICA"],"inLanguage":"en-US","copyrightYear":"2025","copyrightHolder":{"@id":"https:\/\/gorica.info\/en\/#organization"}},{"@type":"WebPage","@id":"https:\/\/gorica.info\/velik-uspjeh-mladih-trubaca-tibor-rajtaric-u-estoniji-osvojio-grand-prix-marin-cacic-drugo-mjesto\/","url":"https:\/\/gorica.info\/velik-uspjeh-mladih-trubaca-tibor-rajtaric-u-estoniji-osvojio-grand-prix-marin-cacic-drugo-mjesto\/","name":"Velik uspjeh mladih truba\u010da: Tibor Rajtari\u0107 u Estoniji osvojio prvo mjesto i Grand Prix - Gorica Info","isPartOf":{"@id":"https:\/\/gorica.info\/#website"},"primaryImageOfPage":{"@id":"https:\/\/gorica.info\/velik-uspjeh-mladih-trubaca-tibor-rajtaric-u-estoniji-osvojio-grand-prix-marin-cacic-drugo-mjesto\/#primaryimage"},"image":{"@id":"https:\/\/gorica.info\/velik-uspjeh-mladih-trubaca-tibor-rajtaric-u-estoniji-osvojio-grand-prix-marin-cacic-drugo-mjesto\/#primaryimage"},"thumbnailUrl":"https:\/\/gorica.info\/wp-content\/uploads\/2025\/04\/umjetnicka-skola-estonija.jpg","datePublished":"2025-04-11T09:50:36+00:00","dateModified":"2025-04-11T14:16:09+00:00","description":"Velik uspjeh mladih truba\u010da: Tibor Rajtari\u0107 u Estoniji osvojio Grand Prix, Marin \u0106a\u0107i\u0107 drugo mjesto, objavili su iz Umjetni\u010dke \u0161kole.","breadcrumb":{"@id":"https:\/\/gorica.info\/velik-uspjeh-mladih-trubaca-tibor-rajtaric-u-estoniji-osvojio-grand-prix-marin-cacic-drugo-mjesto\/#breadcrumb"},"inLanguage":"en-US","potentialAction":[{"@type":"ReadAction","target":["https:\/\/gorica.info\/velik-uspjeh-mladih-trubaca-tibor-rajtaric-u-estoniji-osvojio-grand-prix-marin-cacic-drugo-mjesto\/"]}]},{"@type":"ImageObject","inLanguage":"en-US","@id":"https:\/\/gorica.info\/velik-uspjeh-mladih-trubaca-tibor-rajtaric-u-estoniji-osvojio-grand-prix-marin-cacic-drugo-mjesto\/#primaryimage","url":"https:\/\/gorica.info\/wp-content\/uploads\/2025\/04\/umjetnicka-skola-estonija.jpg","contentUrl":"https:\/\/gorica.info\/wp-content\/uploads\/2025\/04\/umjetnicka-skola-estonija.jpg","width":1067,"height":800,"caption":"Foto: Umjetni\u010dka \u0161kola Franje Lu\u010di\u0107a"},{"@type":"BreadcrumbList","@id":"https:\/\/gorica.info\/velik-uspjeh-mladih-trubaca-tibor-rajtaric-u-estoniji-osvojio-grand-prix-marin-cacic-drugo-mjesto\/#breadcrumb","itemListElement":[{"@type":"ListItem","position":1,"name":"Po\u010detna stranica","item":"https:\/\/gorica.info\/"},{"@type":"ListItem","position":2,"name":"Velik uspjeh mladih truba\u010da: Tibor Rajtari\u0107 u Estoniji osvojio prvo mjesto i Grand Prix"}]},{"@type":"WebSite","@id":"https:\/\/gorica.info\/#website","url":"https:\/\/gorica.info\/","name":"Gorica Info","description":"Vijesti iz Velike Gorice i okolice.","publisher":{"@id":"https:\/\/gorica.info\/#organization"},"potentialAction":[{"@type":"SearchAction","target":{"@type":"EntryPoint","urlTemplate":"https:\/\/gorica.info\/?s={search_term_string}"},"query-input":{"@type":"PropertyValueSpecification","valueRequired":true,"valueName":"search_term_string"}}],"inLanguage":"en-US"},{"@type":["Organization","Place","NewsMediaOrganization"],"@id":"https:\/\/gorica.info\/#organization","name":"Gorica Info","url":"https:\/\/gorica.info\/","logo":{"@id":"https:\/\/gorica.info\/velik-uspjeh-mladih-trubaca-tibor-rajtaric-u-estoniji-osvojio-grand-prix-marin-cacic-drugo-mjesto\/#local-main-organization-logo"},"image":{"@id":"https:\/\/gorica.info\/velik-uspjeh-mladih-trubaca-tibor-rajtaric-u-estoniji-osvojio-grand-prix-marin-cacic-drugo-mjesto\/#local-main-organization-logo"},"sameAs":["https:\/\/www.facebook.com\/Goricainfo-106005144489262","https:\/\/x.com\/GoricaInfo","https:\/\/www.instagram.com\/gorica.info\/"],"address":{"@id":"https:\/\/gorica.info\/velik-uspjeh-mladih-trubaca-tibor-rajtaric-u-estoniji-osvojio-grand-prix-marin-cacic-drugo-mjesto\/#local-main-place-address"},"telephone":[],"openingHoursSpecification":[{"@type":"OpeningHoursSpecification","dayOfWeek":["Monday","Tuesday","Wednesday","Thursday","Friday","Saturday","Sunday"],"opens":"09:00","closes":"17:00"}],"email":"redakcija@gorica.info"},{"@type":"Person","@id":"https:\/\/gorica.info\/#\/schema\/person\/4499af1f22f322670b9b5977ccc2e3de","name":"Gorica. info","description":"Gorica.info je lokalni portal koji prati Veliku Goricu i okolici, svakodnevno donosi najnovije vijesti i pri\u010de, kulturna doga\u0111anja i aktualnosti koje oblikuju \u017eivot gra\u0111ana.","url":"https:\/\/gorica.info\/en\/author\/gorica-info\/"},{"@type":"PostalAddress","@id":"https:\/\/gorica.info\/velik-uspjeh-mladih-trubaca-tibor-rajtaric-u-estoniji-osvojio-grand-prix-marin-cacic-drugo-mjesto\/#local-main-place-address","streetAddress":"Horvatova 97","addressLocality":"Velika Gorica","postalCode":"10410","addressRegion":"Croatia","addressCountry":"HR"},{"@type":"ImageObject","inLanguage":"en-US","@id":"https:\/\/gorica.info\/velik-uspjeh-mladih-trubaca-tibor-rajtaric-u-estoniji-osvojio-grand-prix-marin-cacic-drugo-mjesto\/#local-main-organization-logo","url":"https:\/\/gorica.info\/wp-content\/uploads\/2024\/07\/Gorica-Info-Logo-mali.png","contentUrl":"https:\/\/gorica.info\/wp-content\/uploads\/2024\/07\/Gorica-Info-Logo-mali.png","width":450,"height":85,"caption":"Gorica Info"}]},"geo.placename":"Velika Gorica","geo.region":"Croatia"},"_links":{"self":[{"href":"https:\/\/gorica.info\/en\/wp-json\/wp\/v2\/posts\/87975","targetHints":{"allow":["GET"]}}],"collection":[{"href":"https:\/\/gorica.info\/en\/wp-json\/wp\/v2\/posts"}],"about":[{"href":"https:\/\/gorica.info\/en\/wp-json\/wp\/v2\/types\/post"}],"author":[{"embeddable":true,"href":"https:\/\/gorica.info\/en\/wp-json\/wp\/v2\/users\/23"}],"replies":[{"embeddable":true,"href":"https:\/\/gorica.info\/en\/wp-json\/wp\/v2\/comments?post=87975"}],"version-history":[{"count":1,"href":"https:\/\/gorica.info\/en\/wp-json\/wp\/v2\/posts\/87975\/revisions"}],"predecessor-version":[{"id":87980,"href":"https:\/\/gorica.info\/en\/wp-json\/wp\/v2\/posts\/87975\/revisions\/87980"}],"wp:featuredmedia":[{"embeddable":true,"href":"https:\/\/gorica.info\/en\/wp-json\/wp\/v2\/media\/87976"}],"wp:attachment":[{"href":"https:\/\/gorica.info\/en\/wp-json\/wp\/v2\/media?parent=87975"}],"wp:term":[{"taxonomy":"category","embeddable":true,"href":"https:\/\/gorica.info\/en\/wp-json\/wp\/v2\/categories?post=87975"},{"taxonomy":"post_tag","embeddable":true,"href":"https:\/\/gorica.info\/en\/wp-json\/wp\/v2\/tags?post=87975"}],"curies":[{"name":"wp","href":"https:\/\/api.w.org\/{rel}","templated":true}]}}