{"id":88193,"date":"2025-04-13T15:49:43","date_gmt":"2025-04-13T13:49:43","guid":{"rendered":"https:\/\/gorica.info\/?p=88193"},"modified":"2025-04-13T18:27:46","modified_gmt":"2025-04-13T16:27:46","slug":"obnavlja-se-ulica-seljine-brigade-radovi-ce-potrajati-tri-tjedna","status":"publish","type":"post","link":"https:\/\/gorica.info\/en\/obnavlja-se-ulica-seljine-brigade-radovi-ce-potrajati-tri-tjedna\/","title":{"rendered":"Obnavlja se Ulica Seljine brigade: Radovi \u0107e potrajati tri tjedna"},"content":{"rendered":"<p><span style=\"font-size: 20px;\"><strong>U Ulici Seljine brigade<\/strong> u <a href=\"https:\/\/gorica.info\/en\/u-parku-jadranka-cumbaja-otkrivena-i-bista-heroja-domovinskog-rata\/\">Gradskoj \u010detvrti Stari grad<\/a> u <strong>ponedjeljak, 14. travnja<\/strong> po\u010dinju radovi. Iz <a href=\"https:\/\/vgkomunalac.hr\/\"><strong>VG Komunalca<\/strong><\/a> javljaju da \u0107e na snazi biti <strong>privremena regulacija prometa.<\/strong><\/span><\/p>\n<p><span style=\"font-size: 20px;\">Prometovanje \u0107e biti omogu\u0107eno<strong> samo za stanare ulice<\/strong>. Radovi \u0107e potrajati tri tjedna, ako vremenski uvjeti budu povoljni.<\/span><\/p>\n<figure id=\"attachment_88195\" aria-describedby=\"caption-attachment-88195\" style=\"width: 700px\" class=\"wp-caption aligncenter\"><img fetchpriority=\"high\" decoding=\"async\" class=\"wp-image-88195 size-full\" src=\"https:\/\/gorica.info\/wp-content\/uploads\/2025\/04\/radovi-seljine-brigade.jpg\" alt=\"\" width=\"700\" height=\"678\" srcset=\"https:\/\/gorica.info\/wp-content\/uploads\/2025\/04\/radovi-seljine-brigade.jpg 700w, https:\/\/gorica.info\/wp-content\/uploads\/2025\/04\/radovi-seljine-brigade-300x291.jpg 300w, https:\/\/gorica.info\/wp-content\/uploads\/2025\/04\/radovi-seljine-brigade-12x12.jpg 12w\" sizes=\"(max-width: 700px) 100vw, 700px\" \/><figcaption id=\"caption-attachment-88195\" class=\"wp-caption-text\">Foto: VG Komunalac<\/figcaption><\/figure>","protected":false},"excerpt":{"rendered":"<p>U Ulici Seljine brigade u Gradskoj \u010detvrti Stari grad u ponedjeljak, 14. travnja po\u010dinju radovi. Iz VG Komunalca javljaju da \u0107e na snazi biti privremena regulacija prometa. Prometovanje \u0107e biti omogu\u0107eno samo za stanare ulice. Radovi \u0107e potrajati tri tjedna, ako vremenski uvjeti budu povoljni.<\/p>","protected":false},"author":23,"featured_media":88194,"comment_status":"closed","ping_status":"closed","sticky":false,"template":"","format":"standard","meta":{"limit_modified_date":"1","last_modified_date":"","jnews-multi-image_gallery":[],"jnews_single_post":{"subtitle":"","format":"standard","override":[{"template":"3","parallax":"1","fullscreen":"1","layout":"right-sidebar","sidebar":"default-sidebar","second_sidebar":"default-sidebar","sticky_sidebar":"1","share_position":"top","share_float_style":"share-monocrhome","show_featured":"1","show_post_meta":"1","show_post_author":"1","show_post_author_image":"1","show_post_date":"1","post_date_format":"default","post_date_format_custom":"Y\/m\/d","show_post_category":"1","show_post_reading_time":"1","post_reading_time_wpm":"300","post_calculate_word_method":"str_word_count","zoom_button_out_step":"2","zoom_button_in_step":"3","show_post_tag":"1","show_popup_post":"1","number_popup_post":"1","show_post_related":"1"}],"image_override":[{"single_post_thumbnail_size":"crop-500","single_post_gallery_size":"crop-500"}],"trending_post_position":"meta","trending_post_label":"Trending","sponsored_post_label":"Sponsored by","disable_ad":"0"},"jnews_primary_category":[],"jnews_override_counter":{"view_counter_number":"0","share_counter_number":"0","like_counter_number":"0","dislike_counter_number":"0"},"footnotes":""},"categories":[87],"tags":[7458,153,18699,122,662,15554],"class_list":["post-88193","post","type-post","status-publish","format-standard","has-post-thumbnail","hentry","category-gorica","tag-gradska-cetvrt-stari-grad","tag-radovi","tag-ulica-seljine-brigade","tag-velika-gorica","tag-vg-komunalac","tag-vg-vijesti"],"yoast_head":"<!-- This site is optimized with the Yoast SEO Premium plugin v27.4 (Yoast SEO v27.4) - https:\/\/yoast.com\/product\/yoast-seo-premium-wordpress\/ -->\n<title>Obnavlja se Ulica Seljine brigade: Radovi \u0107e potrajati tri tjedna - Gorica Info<\/title>\n<meta name=\"description\" content=\"Obnavlja se Ulica Seljine brigade u Gradskoj \u010detvrti Stari grad: Radovi \u0107e potrajati tri tjedna, rekli su iz VG Komunalca.\" \/>\n<meta name=\"robots\" content=\"index, follow, max-snippet:-1, max-image-preview:large, max-video-preview:-1\" \/>\n<link rel=\"canonical\" href=\"https:\/\/gorica.info\/en\/obnavlja-se-ulica-seljine-brigade-radovi-ce-potrajati-tri-tjedna\/\" \/>\n<meta property=\"og:locale\" content=\"en_US\" \/>\n<meta property=\"og:type\" content=\"article\" \/>\n<meta property=\"og:title\" content=\"Obnavlja se Ulica Seljine brigade: Radovi \u0107e potrajati tri tjedna\" \/>\n<meta property=\"og:description\" content=\"Obnavlja se Ulica Seljine brigade u Gradskoj \u010detvrti Stari grad: Radovi \u0107e potrajati tri tjedna, rekli su iz VG Komunalca.\" \/>\n<meta property=\"og:url\" content=\"https:\/\/gorica.info\/en\/obnavlja-se-ulica-seljine-brigade-radovi-ce-potrajati-tri-tjedna\/\" \/>\n<meta property=\"og:site_name\" content=\"Gorica Info\" \/>\n<meta property=\"article:publisher\" content=\"https:\/\/www.facebook.com\/Goricainfo-106005144489262\" \/>\n<meta property=\"article:published_time\" content=\"2025-04-13T13:49:43+00:00\" \/>\n<meta property=\"article:modified_time\" content=\"2025-04-13T16:27:46+00:00\" \/>\n<meta property=\"og:image\" content=\"https:\/\/gorica.info\/wp-content\/uploads\/2025\/04\/radovi-nogostup-vg-foto-goricainfo.jpg\" \/>\n\t<meta property=\"og:image:width\" content=\"1068\" \/>\n\t<meta property=\"og:image:height\" content=\"800\" \/>\n\t<meta property=\"og:image:type\" content=\"image\/jpeg\" \/>\n<meta name=\"author\" content=\"Gorica. info\" \/>\n<meta name=\"twitter:card\" content=\"summary_large_image\" \/>\n<meta name=\"twitter:creator\" content=\"@GoricaInfo\" \/>\n<meta name=\"twitter:site\" content=\"@GoricaInfo\" \/>\n<meta name=\"twitter:label1\" content=\"Written by\" \/>\n\t<meta name=\"twitter:data1\" content=\"Gorica. info\" \/>\n\t<meta name=\"twitter:label2\" content=\"Est. reading time\" \/>\n\t<meta name=\"twitter:data2\" content=\"1 minute\" \/>\n<meta name=\"geo.placename\" content=\"Velika Gorica\" \/>\n<meta name=\"geo.region\" content=\"Croatia\" \/>\n<!-- \/ Yoast SEO Premium plugin. -->","yoast_head_json":{"title":"Obnavlja se Ulica Seljine brigade: Radovi \u0107e potrajati tri tjedna - Gorica Info","description":"Obnavlja se Ulica Seljine brigade u Gradskoj \u010detvrti Stari grad: Radovi \u0107e potrajati tri tjedna, rekli su iz VG Komunalca.","robots":{"index":"index","follow":"follow","max-snippet":"max-snippet:-1","max-image-preview":"max-image-preview:large","max-video-preview":"max-video-preview:-1"},"canonical":"https:\/\/gorica.info\/en\/obnavlja-se-ulica-seljine-brigade-radovi-ce-potrajati-tri-tjedna\/","og_locale":"en_US","og_type":"article","og_title":"Obnavlja se Ulica Seljine brigade: Radovi \u0107e potrajati tri tjedna","og_description":"Obnavlja se Ulica Seljine brigade u Gradskoj \u010detvrti Stari grad: Radovi \u0107e potrajati tri tjedna, rekli su iz VG Komunalca.","og_url":"https:\/\/gorica.info\/en\/obnavlja-se-ulica-seljine-brigade-radovi-ce-potrajati-tri-tjedna\/","og_site_name":"Gorica Info","article_publisher":"https:\/\/www.facebook.com\/Goricainfo-106005144489262","article_published_time":"2025-04-13T13:49:43+00:00","article_modified_time":"2025-04-13T16:27:46+00:00","og_image":[{"width":1068,"height":800,"url":"https:\/\/gorica.info\/wp-content\/uploads\/2025\/04\/radovi-nogostup-vg-foto-goricainfo.jpg","type":"image\/jpeg"}],"author":"Gorica. info","twitter_card":"summary_large_image","twitter_creator":"@GoricaInfo","twitter_site":"@GoricaInfo","twitter_misc":{"Written by":"Gorica. info","Est. reading time":"1 minute"},"schema":{"@context":"https:\/\/schema.org","@graph":[{"@type":"NewsArticle","@id":"https:\/\/gorica.info\/obnavlja-se-ulica-seljine-brigade-radovi-ce-potrajati-tri-tjedna\/#article","isPartOf":{"@id":"https:\/\/gorica.info\/obnavlja-se-ulica-seljine-brigade-radovi-ce-potrajati-tri-tjedna\/"},"author":{"name":"Gorica. info","@id":"https:\/\/gorica.info\/#\/schema\/person\/4499af1f22f322670b9b5977ccc2e3de"},"headline":"Obnavlja se Ulica Seljine brigade: Radovi \u0107e potrajati tri tjedna","datePublished":"2025-04-13T13:49:43+00:00","dateModified":"2025-04-13T16:27:46+00:00","mainEntityOfPage":{"@id":"https:\/\/gorica.info\/obnavlja-se-ulica-seljine-brigade-radovi-ce-potrajati-tri-tjedna\/"},"wordCount":66,"publisher":{"@id":"https:\/\/gorica.info\/#organization"},"image":{"@id":"https:\/\/gorica.info\/obnavlja-se-ulica-seljine-brigade-radovi-ce-potrajati-tri-tjedna\/#primaryimage"},"thumbnailUrl":"https:\/\/gorica.info\/wp-content\/uploads\/2025\/04\/radovi-nogostup-vg-foto-goricainfo.jpg","keywords":["gradska \u010detvrt stari grad","radovi","ulica seljine brigade","Velika Gorica","VG Komunalac","vg vijesti"],"articleSection":["GORICA"],"inLanguage":"en-US","copyrightYear":"2025","copyrightHolder":{"@id":"https:\/\/gorica.info\/en\/#organization"}},{"@type":"WebPage","@id":"https:\/\/gorica.info\/obnavlja-se-ulica-seljine-brigade-radovi-ce-potrajati-tri-tjedna\/","url":"https:\/\/gorica.info\/obnavlja-se-ulica-seljine-brigade-radovi-ce-potrajati-tri-tjedna\/","name":"Obnavlja se Ulica Seljine brigade: Radovi \u0107e potrajati tri tjedna - Gorica Info","isPartOf":{"@id":"https:\/\/gorica.info\/#website"},"primaryImageOfPage":{"@id":"https:\/\/gorica.info\/obnavlja-se-ulica-seljine-brigade-radovi-ce-potrajati-tri-tjedna\/#primaryimage"},"image":{"@id":"https:\/\/gorica.info\/obnavlja-se-ulica-seljine-brigade-radovi-ce-potrajati-tri-tjedna\/#primaryimage"},"thumbnailUrl":"https:\/\/gorica.info\/wp-content\/uploads\/2025\/04\/radovi-nogostup-vg-foto-goricainfo.jpg","datePublished":"2025-04-13T13:49:43+00:00","dateModified":"2025-04-13T16:27:46+00:00","description":"Obnavlja se Ulica Seljine brigade u Gradskoj \u010detvrti Stari grad: Radovi \u0107e potrajati tri tjedna, rekli su iz VG Komunalca.","breadcrumb":{"@id":"https:\/\/gorica.info\/obnavlja-se-ulica-seljine-brigade-radovi-ce-potrajati-tri-tjedna\/#breadcrumb"},"inLanguage":"en-US","potentialAction":[{"@type":"ReadAction","target":["https:\/\/gorica.info\/obnavlja-se-ulica-seljine-brigade-radovi-ce-potrajati-tri-tjedna\/"]}]},{"@type":"ImageObject","inLanguage":"en-US","@id":"https:\/\/gorica.info\/obnavlja-se-ulica-seljine-brigade-radovi-ce-potrajati-tri-tjedna\/#primaryimage","url":"https:\/\/gorica.info\/wp-content\/uploads\/2025\/04\/radovi-nogostup-vg-foto-goricainfo.jpg","contentUrl":"https:\/\/gorica.info\/wp-content\/uploads\/2025\/04\/radovi-nogostup-vg-foto-goricainfo.jpg","width":1068,"height":800,"caption":"Arhivska fotografija: Gorica.info"},{"@type":"BreadcrumbList","@id":"https:\/\/gorica.info\/obnavlja-se-ulica-seljine-brigade-radovi-ce-potrajati-tri-tjedna\/#breadcrumb","itemListElement":[{"@type":"ListItem","position":1,"name":"Po\u010detna stranica","item":"https:\/\/gorica.info\/"},{"@type":"ListItem","position":2,"name":"Obnavlja se Ulica Seljine brigade: Radovi \u0107e potrajati tri tjedna"}]},{"@type":"WebSite","@id":"https:\/\/gorica.info\/#website","url":"https:\/\/gorica.info\/","name":"Gorica Info","description":"Vijesti iz Velike Gorice i okolice.","publisher":{"@id":"https:\/\/gorica.info\/#organization"},"potentialAction":[{"@type":"SearchAction","target":{"@type":"EntryPoint","urlTemplate":"https:\/\/gorica.info\/?s={search_term_string}"},"query-input":{"@type":"PropertyValueSpecification","valueRequired":true,"valueName":"search_term_string"}}],"inLanguage":"en-US"},{"@type":["Organization","Place","NewsMediaOrganization"],"@id":"https:\/\/gorica.info\/#organization","name":"Gorica Info","url":"https:\/\/gorica.info\/","logo":{"@id":"https:\/\/gorica.info\/obnavlja-se-ulica-seljine-brigade-radovi-ce-potrajati-tri-tjedna\/#local-main-organization-logo"},"image":{"@id":"https:\/\/gorica.info\/obnavlja-se-ulica-seljine-brigade-radovi-ce-potrajati-tri-tjedna\/#local-main-organization-logo"},"sameAs":["https:\/\/www.facebook.com\/Goricainfo-106005144489262","https:\/\/x.com\/GoricaInfo","https:\/\/www.instagram.com\/gorica.info\/"],"address":{"@id":"https:\/\/gorica.info\/obnavlja-se-ulica-seljine-brigade-radovi-ce-potrajati-tri-tjedna\/#local-main-place-address"},"telephone":[],"openingHoursSpecification":[{"@type":"OpeningHoursSpecification","dayOfWeek":["Monday","Tuesday","Wednesday","Thursday","Friday","Saturday","Sunday"],"opens":"09:00","closes":"17:00"}],"email":"redakcija@gorica.info"},{"@type":"Person","@id":"https:\/\/gorica.info\/#\/schema\/person\/4499af1f22f322670b9b5977ccc2e3de","name":"Gorica. info","description":"Gorica.info je lokalni portal koji prati Veliku Goricu i okolici, svakodnevno donosi najnovije vijesti i pri\u010de, kulturna doga\u0111anja i aktualnosti koje oblikuju \u017eivot gra\u0111ana.","url":"https:\/\/gorica.info\/en\/author\/gorica-info\/"},{"@type":"PostalAddress","@id":"https:\/\/gorica.info\/obnavlja-se-ulica-seljine-brigade-radovi-ce-potrajati-tri-tjedna\/#local-main-place-address","streetAddress":"Horvatova 97","addressLocality":"Velika Gorica","postalCode":"10410","addressRegion":"Croatia","addressCountry":"HR"},{"@type":"ImageObject","inLanguage":"en-US","@id":"https:\/\/gorica.info\/obnavlja-se-ulica-seljine-brigade-radovi-ce-potrajati-tri-tjedna\/#local-main-organization-logo","url":"https:\/\/gorica.info\/wp-content\/uploads\/2024\/07\/Gorica-Info-Logo-mali.png","contentUrl":"https:\/\/gorica.info\/wp-content\/uploads\/2024\/07\/Gorica-Info-Logo-mali.png","width":450,"height":85,"caption":"Gorica Info"}]},"geo.placename":"Velika Gorica","geo.region":"Croatia"},"_links":{"self":[{"href":"https:\/\/gorica.info\/en\/wp-json\/wp\/v2\/posts\/88193","targetHints":{"allow":["GET"]}}],"collection":[{"href":"https:\/\/gorica.info\/en\/wp-json\/wp\/v2\/posts"}],"about":[{"href":"https:\/\/gorica.info\/en\/wp-json\/wp\/v2\/types\/post"}],"author":[{"embeddable":true,"href":"https:\/\/gorica.info\/en\/wp-json\/wp\/v2\/users\/23"}],"replies":[{"embeddable":true,"href":"https:\/\/gorica.info\/en\/wp-json\/wp\/v2\/comments?post=88193"}],"version-history":[{"count":3,"href":"https:\/\/gorica.info\/en\/wp-json\/wp\/v2\/posts\/88193\/revisions"}],"predecessor-version":[{"id":88197,"href":"https:\/\/gorica.info\/en\/wp-json\/wp\/v2\/posts\/88193\/revisions\/88197"}],"wp:featuredmedia":[{"embeddable":true,"href":"https:\/\/gorica.info\/en\/wp-json\/wp\/v2\/media\/88194"}],"wp:attachment":[{"href":"https:\/\/gorica.info\/en\/wp-json\/wp\/v2\/media?parent=88193"}],"wp:term":[{"taxonomy":"category","embeddable":true,"href":"https:\/\/gorica.info\/en\/wp-json\/wp\/v2\/categories?post=88193"},{"taxonomy":"post_tag","embeddable":true,"href":"https:\/\/gorica.info\/en\/wp-json\/wp\/v2\/tags?post=88193"}],"curies":[{"name":"wp","href":"https:\/\/api.w.org\/{rel}","templated":true}]}}