{"id":88868,"date":"2025-04-25T07:36:41","date_gmt":"2025-04-25T05:36:41","guid":{"rendered":"https:\/\/gorica.info\/?p=88868"},"modified":"2025-04-25T08:10:47","modified_gmt":"2025-04-25T06:10:47","slug":"kandidatkinja-za-zupanicu-barbara-knezevic-u-velikoj-gorici","status":"publish","type":"post","link":"https:\/\/gorica.info\/en\/kandidatkinja-za-zupanicu-barbara-knezevic-u-velikoj-gorici\/","title":{"rendered":"Kandidatkinja za \u017eupanicu Barbara Kne\u017eevi\u0107 dru\u017eila se s gra\u0111anima u Velikoj Gorici"},"content":{"rendered":"<p><span style=\"font-size: 20px;\"><strong>Barbara Kne\u017eevi\u0107<\/strong>, zajedni\u010dka kandidatkinja <strong>bloka desnih stranaka<\/strong> u \u010detvrtak se u Velikoj Gorici dru\u017eila s gra\u0111anima te sudjelovala u akciji prikupljanja potpisa za svoju kandidaturu. Kne\u017eevi\u0107 poudpiru <strong>H<\/strong><\/span><span style=\"font-size: 20px;\"><strong>rvatski suverenisti<\/strong>, <strong>MOST<\/strong>, <strong>DOMiNO<\/strong>, <strong>HSP<\/strong>, <strong>HSS<\/strong> <strong>SR<\/strong> i <strong>Projekt Domovina<\/strong>.<\/span><\/p>\n<figure id=\"attachment_88871\" aria-describedby=\"caption-attachment-88871\" style=\"width: 1500px\" class=\"wp-caption aligncenter\"><img fetchpriority=\"high\" decoding=\"async\" class=\"wp-image-88871 size-full\" src=\"https:\/\/gorica.info\/wp-content\/uploads\/2025\/04\/barbara-knezevic-vg2.jpg\" alt=\"\" width=\"1500\" height=\"675\" srcset=\"https:\/\/gorica.info\/wp-content\/uploads\/2025\/04\/barbara-knezevic-vg2.jpg 1500w, https:\/\/gorica.info\/wp-content\/uploads\/2025\/04\/barbara-knezevic-vg2-300x135.jpg 300w, https:\/\/gorica.info\/wp-content\/uploads\/2025\/04\/barbara-knezevic-vg2-1024x461.jpg 1024w, https:\/\/gorica.info\/wp-content\/uploads\/2025\/04\/barbara-knezevic-vg2-768x346.jpg 768w, https:\/\/gorica.info\/wp-content\/uploads\/2025\/04\/barbara-knezevic-vg2-18x8.jpg 18w, https:\/\/gorica.info\/wp-content\/uploads\/2025\/04\/barbara-knezevic-vg2-750x338.jpg 750w, https:\/\/gorica.info\/wp-content\/uploads\/2025\/04\/barbara-knezevic-vg2-1140x513.jpg 1140w\" sizes=\"(max-width: 1500px) 100vw, 1500px\" \/><figcaption id=\"caption-attachment-88871\" class=\"wp-caption-text\">Nada Finderle, Barbara Kne\u017eevi\u0107 i Zlatko Rovi\u0161an<\/figcaption><\/figure>\n<p><span style=\"font-size: 20px;\">Gra\u0111ani Velike Gorice srda\u010dno su do\u010dekali kandidatkinju te u velikom broju pristupili \u0161tandu, iskazav\u0161i svoje zadovoljstvo programom i porukama koje Kne\u017eevi\u0107 zastupa. U razgovorima s gra\u0111anima, izra\u017eena je podr\u0161ka promjenama koje zagovara, kao i \u017eelja za sna\u017enijim razvojem Zagreba\u010dke \u017eupanije kroz transparentno i odgovorno upravljanje, priop\u0107ili su <a href=\"https:\/\/gorica.info\/en\/ivan-bekavac-je-kandidat-most-a-za-zamjenika-gradonacelnice-velike-gorice\/\">Hrvatski suverenisti<\/a>.<\/span><\/p>\n<p><span style=\"font-size: 20px;\">Uz Barbaru Kne\u017eevi\u0107, na dru\u017eenju je bila i <a href=\"https:\/\/web.facebook.com\/nada.finderle?locale=hr_HR\"><strong>Nada Finderle<\/strong><\/a>, kandidatkinja za gradona\u010delnicu Velike Gorice, koja je tako\u0111er imala priliku razgovarati s gra\u0111anima i osjetiti sna\u017enu potporu lokalne zajednice. Njihovo zajedni\u010dko djelovanje pokazuje jasnu viziju uskla\u0111ene suradnje na razini grada i \u017eupanije, poru\u010duju Hrvatski suverenisti.<\/span><\/p>\n<p><img decoding=\"async\" class=\"aligncenter wp-image-88870 size-full\" src=\"https:\/\/gorica.info\/wp-content\/uploads\/2025\/04\/barbara-knezevic-vg1.jpg\" alt=\"barbara kne\u017eevi\u0107\" width=\"705\" height=\"684\" srcset=\"https:\/\/gorica.info\/wp-content\/uploads\/2025\/04\/barbara-knezevic-vg1.jpg 705w, https:\/\/gorica.info\/wp-content\/uploads\/2025\/04\/barbara-knezevic-vg1-300x291.jpg 300w, https:\/\/gorica.info\/wp-content\/uploads\/2025\/04\/barbara-knezevic-vg1-12x12.jpg 12w\" sizes=\"(max-width: 705px) 100vw, 705px\" \/><\/p>\n<p><span style=\"font-size: 20px;\">Barbara Kne\u017eevi\u0107 istaknula je kako snaga ove kampanje<strong> le\u017ei upravo u ljudima<\/strong> \u2013 u svakom razgovoru, u svakom stisku ruke i svakom potpisu vidim \u017eelju za boljom i pravednijom \u017eupanijom.<\/span><\/p>\n<p><span style=\"font-size: 20px;\">Podsje\u0107amo, uz Barbaru Kne\u017eevi\u0107 kandidati za njezine zamjenike su <strong>Antonio Kuli\u0161<\/strong>, predsjednik Hrvatskih suverenista iz Velike Gorice, te <strong>Zlatko Rovi\u0161an<\/strong>, \u010dlan MOST-a tako\u0111er iz Velike Gorice. Njihovo lokalno poznavanje sredine i predanost zajednici dodatna su snaga ovog tima.<\/span>\u00a0\u00a0\u00a0<img decoding=\"async\" class=\"aligncenter wp-image-88872 size-full\" src=\"https:\/\/gorica.info\/wp-content\/uploads\/2025\/04\/barbara-knezevic-vg3.jpg\" alt=\"barbara kne\u017eevi\u0107\" width=\"574\" height=\"595\" srcset=\"https:\/\/gorica.info\/wp-content\/uploads\/2025\/04\/barbara-knezevic-vg3.jpg 574w, https:\/\/gorica.info\/wp-content\/uploads\/2025\/04\/barbara-knezevic-vg3-289x300.jpg 289w, https:\/\/gorica.info\/wp-content\/uploads\/2025\/04\/barbara-knezevic-vg3-12x12.jpg 12w\" sizes=\"(max-width: 574px) 100vw, 574px\" \/><\/p>","protected":false},"excerpt":{"rendered":"<p>Barbara Kne\u017eevi\u0107, zajedni\u010dka kandidatkinja bloka desnih stranaka u \u010detvrtak se u Velikoj Gorici dru\u017eila s gra\u0111anima te sudjelovala u akciji prikupljanja potpisa za svoju kandidaturu. Kne\u017eevi\u0107 poudpiru Hrvatski suverenisti, MOST, DOMiNO, HSP, HSS SR i Projekt Domovina. Gra\u0111ani Velike Gorice srda\u010dno su do\u010dekali kandidatkinju te u velikom broju pristupili \u0161tandu, iskazav\u0161i svoje zadovoljstvo programom i [&hellip;]<\/p>\n","protected":false},"author":23,"featured_media":88869,"comment_status":"closed","ping_status":"closed","sticky":false,"template":"","format":"standard","meta":{"limit_modified_date":"1","last_modified_date":"","jnews-multi-image_gallery":[],"jnews_single_post":{"subtitle":"Kandidati za zamjenike su Antonio Kuli\u0161, predsjednik Hrvatskih suverenista iz Velike Gorice, te Zlatko Rovi\u0161an, \u010dlan gori\u010dkog MOST-a","format":"standard","override":[{"template":"3","parallax":"1","fullscreen":"1","layout":"right-sidebar","sidebar":"default-sidebar","second_sidebar":"default-sidebar","sticky_sidebar":"1","share_position":"top","share_float_style":"share-monocrhome","show_featured":"1","show_post_meta":"1","show_post_author":"1","show_post_author_image":"1","show_post_date":"1","post_date_format":"default","post_date_format_custom":"Y\/m\/d","show_post_category":"1","show_post_reading_time":"1","post_reading_time_wpm":"300","post_calculate_word_method":"str_word_count","zoom_button_out_step":"2","zoom_button_in_step":"3","show_post_tag":"1","show_popup_post":"1","number_popup_post":"1","show_post_related":"1"}],"image_override":[{"single_post_thumbnail_size":"crop-500","single_post_gallery_size":"crop-500"}],"trending_post_position":"meta","trending_post_label":"Trending","sponsored_post_label":"Sponsored by","disable_ad":"0"},"jnews_primary_category":[],"jnews_override_counter":{"view_counter_number":"0","share_counter_number":"0","like_counter_number":"0","dislike_counter_number":"0"},"footnotes":""},"categories":[90],"tags":[6596,18915,18608,275,18916,1429,238,2192,16017,15554],"class_list":["post-88868","post","type-post","status-publish","format-standard","has-post-thumbnail","hentry","category-politika","tag-antonio-kulis","tag-barbara-knezevic","tag-goricka-politika","tag-izbori","tag-kandidatkinja-za-zupanicu","tag-lokalni-izbori","tag-most","tag-nada-finderle","tag-prikupljanje-potpisa","tag-vg-vijesti"],"yoast_head":"<!-- This site is optimized with the Yoast SEO Premium plugin v27.5 (Yoast SEO v27.5) - https:\/\/yoast.com\/product\/yoast-seo-premium-wordpress\/ -->\n<title>Kandidatkinja za \u017eupanicu Barbara Kne\u017eevi\u0107 dru\u017eila se s gra\u0111anima u Velikoj Gorici - Gorica Info<\/title>\n<meta name=\"description\" content=\"Kandidatkinja za \u017eupanicu Barbara Kne\u017eevi\u0107 dru\u017eila se s gra\u0111anima u \u010detvrtak u Velikoj Gorici. Kne\u017eevi\u0107 podupire blok desnih stranaka.\" \/>\n<meta name=\"robots\" content=\"index, follow, max-snippet:-1, max-image-preview:large, max-video-preview:-1\" \/>\n<link rel=\"canonical\" href=\"https:\/\/gorica.info\/en\/kandidatkinja-za-zupanicu-barbara-knezevic-u-velikoj-gorici\/\" \/>\n<meta property=\"og:locale\" content=\"en_US\" \/>\n<meta property=\"og:type\" content=\"article\" \/>\n<meta property=\"og:title\" content=\"Kandidatkinja za \u017eupanicu Barbara Kne\u017eevi\u0107 dru\u017eila se s gra\u0111anima u Velikoj Gorici\" \/>\n<meta property=\"og:description\" content=\"Kandidatkinja za \u017eupanicu Barbara Kne\u017eevi\u0107 dru\u017eila se s gra\u0111anima u \u010detvrtak u Velikoj Gorici. Kne\u017eevi\u0107 podupire blok desnih stranaka.\" \/>\n<meta property=\"og:url\" content=\"https:\/\/gorica.info\/en\/kandidatkinja-za-zupanicu-barbara-knezevic-u-velikoj-gorici\/\" \/>\n<meta property=\"og:site_name\" content=\"Gorica Info\" \/>\n<meta property=\"article:publisher\" content=\"https:\/\/www.facebook.com\/Goricainfo-106005144489262\" \/>\n<meta property=\"article:published_time\" content=\"2025-04-25T05:36:41+00:00\" \/>\n<meta property=\"article:modified_time\" content=\"2025-04-25T06:10:47+00:00\" \/>\n<meta property=\"og:image\" content=\"https:\/\/gorica.info\/wp-content\/uploads\/2025\/04\/barbara-knezevic-vg.jpg\" \/>\n\t<meta property=\"og:image:width\" content=\"958\" \/>\n\t<meta property=\"og:image:height\" content=\"539\" \/>\n\t<meta property=\"og:image:type\" content=\"image\/jpeg\" \/>\n<meta name=\"author\" content=\"Gorica. info\" \/>\n<meta name=\"twitter:card\" content=\"summary_large_image\" \/>\n<meta name=\"twitter:creator\" content=\"@GoricaInfo\" \/>\n<meta name=\"twitter:site\" content=\"@GoricaInfo\" \/>\n<meta name=\"twitter:label1\" content=\"Written by\" \/>\n\t<meta name=\"twitter:data1\" content=\"Gorica. info\" \/>\n\t<meta name=\"twitter:label2\" content=\"Est. reading time\" \/>\n\t<meta name=\"twitter:data2\" content=\"2 minutes\" \/>\n<meta name=\"geo.placename\" content=\"Velika Gorica\" \/>\n<meta name=\"geo.region\" content=\"Croatia\" \/>\n<!-- \/ Yoast SEO Premium plugin. -->","yoast_head_json":{"title":"Kandidatkinja za \u017eupanicu Barbara Kne\u017eevi\u0107 dru\u017eila se s gra\u0111anima u Velikoj Gorici - Gorica Info","description":"Kandidatkinja za \u017eupanicu Barbara Kne\u017eevi\u0107 dru\u017eila se s gra\u0111anima u \u010detvrtak u Velikoj Gorici. Kne\u017eevi\u0107 podupire blok desnih stranaka.","robots":{"index":"index","follow":"follow","max-snippet":"max-snippet:-1","max-image-preview":"max-image-preview:large","max-video-preview":"max-video-preview:-1"},"canonical":"https:\/\/gorica.info\/en\/kandidatkinja-za-zupanicu-barbara-knezevic-u-velikoj-gorici\/","og_locale":"en_US","og_type":"article","og_title":"Kandidatkinja za \u017eupanicu Barbara Kne\u017eevi\u0107 dru\u017eila se s gra\u0111anima u Velikoj Gorici","og_description":"Kandidatkinja za \u017eupanicu Barbara Kne\u017eevi\u0107 dru\u017eila se s gra\u0111anima u \u010detvrtak u Velikoj Gorici. Kne\u017eevi\u0107 podupire blok desnih stranaka.","og_url":"https:\/\/gorica.info\/en\/kandidatkinja-za-zupanicu-barbara-knezevic-u-velikoj-gorici\/","og_site_name":"Gorica Info","article_publisher":"https:\/\/www.facebook.com\/Goricainfo-106005144489262","article_published_time":"2025-04-25T05:36:41+00:00","article_modified_time":"2025-04-25T06:10:47+00:00","og_image":[{"width":958,"height":539,"url":"https:\/\/gorica.info\/wp-content\/uploads\/2025\/04\/barbara-knezevic-vg.jpg","type":"image\/jpeg"}],"author":"Gorica. info","twitter_card":"summary_large_image","twitter_creator":"@GoricaInfo","twitter_site":"@GoricaInfo","twitter_misc":{"Written by":"Gorica. info","Est. reading time":"2 minutes"},"schema":{"@context":"https:\/\/schema.org","@graph":[{"@type":"NewsArticle","@id":"https:\/\/gorica.info\/kandidatkinja-za-zupanicu-barbara-knezevic-u-velikoj-gorici\/#article","isPartOf":{"@id":"https:\/\/gorica.info\/kandidatkinja-za-zupanicu-barbara-knezevic-u-velikoj-gorici\/"},"author":{"name":"Gorica. info","@id":"https:\/\/gorica.info\/#\/schema\/person\/4499af1f22f322670b9b5977ccc2e3de"},"headline":"Kandidatkinja za \u017eupanicu Barbara Kne\u017eevi\u0107 dru\u017eila se s gra\u0111anima u Velikoj Gorici","datePublished":"2025-04-25T05:36:41+00:00","dateModified":"2025-04-25T06:10:47+00:00","mainEntityOfPage":{"@id":"https:\/\/gorica.info\/kandidatkinja-za-zupanicu-barbara-knezevic-u-velikoj-gorici\/"},"wordCount":261,"publisher":{"@id":"https:\/\/gorica.info\/#organization"},"image":{"@id":"https:\/\/gorica.info\/kandidatkinja-za-zupanicu-barbara-knezevic-u-velikoj-gorici\/#primaryimage"},"thumbnailUrl":"https:\/\/gorica.info\/wp-content\/uploads\/2025\/04\/barbara-knezevic-vg.jpg","keywords":["antonio kuli\u0161","barbara kne\u017eevi\u0107","gori\u010dka politika","izbori","kandidatkinja za \u017eupanicu","lokalni izbori","Most","nada finderle","prikupljanje potpisa","vg vijesti"],"articleSection":["POLITIKA"],"inLanguage":"en-US","copyrightYear":"2025","copyrightHolder":{"@id":"https:\/\/gorica.info\/en\/#organization"}},{"@type":"WebPage","@id":"https:\/\/gorica.info\/kandidatkinja-za-zupanicu-barbara-knezevic-u-velikoj-gorici\/","url":"https:\/\/gorica.info\/kandidatkinja-za-zupanicu-barbara-knezevic-u-velikoj-gorici\/","name":"Kandidatkinja za \u017eupanicu Barbara Kne\u017eevi\u0107 dru\u017eila se s gra\u0111anima u Velikoj Gorici - Gorica Info","isPartOf":{"@id":"https:\/\/gorica.info\/#website"},"primaryImageOfPage":{"@id":"https:\/\/gorica.info\/kandidatkinja-za-zupanicu-barbara-knezevic-u-velikoj-gorici\/#primaryimage"},"image":{"@id":"https:\/\/gorica.info\/kandidatkinja-za-zupanicu-barbara-knezevic-u-velikoj-gorici\/#primaryimage"},"thumbnailUrl":"https:\/\/gorica.info\/wp-content\/uploads\/2025\/04\/barbara-knezevic-vg.jpg","datePublished":"2025-04-25T05:36:41+00:00","dateModified":"2025-04-25T06:10:47+00:00","description":"Kandidatkinja za \u017eupanicu Barbara Kne\u017eevi\u0107 dru\u017eila se s gra\u0111anima u \u010detvrtak u Velikoj Gorici. Kne\u017eevi\u0107 podupire blok desnih stranaka.","breadcrumb":{"@id":"https:\/\/gorica.info\/kandidatkinja-za-zupanicu-barbara-knezevic-u-velikoj-gorici\/#breadcrumb"},"inLanguage":"en-US","potentialAction":[{"@type":"ReadAction","target":["https:\/\/gorica.info\/kandidatkinja-za-zupanicu-barbara-knezevic-u-velikoj-gorici\/"]}]},{"@type":"ImageObject","inLanguage":"en-US","@id":"https:\/\/gorica.info\/kandidatkinja-za-zupanicu-barbara-knezevic-u-velikoj-gorici\/#primaryimage","url":"https:\/\/gorica.info\/wp-content\/uploads\/2025\/04\/barbara-knezevic-vg.jpg","contentUrl":"https:\/\/gorica.info\/wp-content\/uploads\/2025\/04\/barbara-knezevic-vg.jpg","width":958,"height":539,"caption":"Foto: Hrvatski suverenisti"},{"@type":"BreadcrumbList","@id":"https:\/\/gorica.info\/kandidatkinja-za-zupanicu-barbara-knezevic-u-velikoj-gorici\/#breadcrumb","itemListElement":[{"@type":"ListItem","position":1,"name":"Po\u010detna stranica","item":"https:\/\/gorica.info\/"},{"@type":"ListItem","position":2,"name":"Kandidatkinja za \u017eupanicu Barbara Kne\u017eevi\u0107 dru\u017eila se s gra\u0111anima u Velikoj Gorici"}]},{"@type":"WebSite","@id":"https:\/\/gorica.info\/#website","url":"https:\/\/gorica.info\/","name":"Gorica Info","description":"Vijesti iz Velike Gorice i okolice.","publisher":{"@id":"https:\/\/gorica.info\/#organization"},"potentialAction":[{"@type":"SearchAction","target":{"@type":"EntryPoint","urlTemplate":"https:\/\/gorica.info\/?s={search_term_string}"},"query-input":{"@type":"PropertyValueSpecification","valueRequired":true,"valueName":"search_term_string"}}],"inLanguage":"en-US"},{"@type":["Organization","Place","NewsMediaOrganization"],"@id":"https:\/\/gorica.info\/#organization","name":"Gorica Info","url":"https:\/\/gorica.info\/","logo":{"@id":"https:\/\/gorica.info\/kandidatkinja-za-zupanicu-barbara-knezevic-u-velikoj-gorici\/#local-main-organization-logo"},"image":{"@id":"https:\/\/gorica.info\/kandidatkinja-za-zupanicu-barbara-knezevic-u-velikoj-gorici\/#local-main-organization-logo"},"sameAs":["https:\/\/www.facebook.com\/Goricainfo-106005144489262","https:\/\/x.com\/GoricaInfo","https:\/\/www.instagram.com\/gorica.info\/"],"address":{"@id":"https:\/\/gorica.info\/kandidatkinja-za-zupanicu-barbara-knezevic-u-velikoj-gorici\/#local-main-place-address"},"telephone":[],"openingHoursSpecification":[{"@type":"OpeningHoursSpecification","dayOfWeek":["Monday","Tuesday","Wednesday","Thursday","Friday","Saturday","Sunday"],"opens":"09:00","closes":"17:00"}],"email":"redakcija@gorica.info"},{"@type":"Person","@id":"https:\/\/gorica.info\/#\/schema\/person\/4499af1f22f322670b9b5977ccc2e3de","name":"Gorica. info","description":"Gorica.info je lokalni portal koji prati Veliku Goricu i okolici, svakodnevno donosi najnovije vijesti i pri\u010de, kulturna doga\u0111anja i aktualnosti koje oblikuju \u017eivot gra\u0111ana.","url":"https:\/\/gorica.info\/en\/author\/gorica-info\/"},{"@type":"PostalAddress","@id":"https:\/\/gorica.info\/kandidatkinja-za-zupanicu-barbara-knezevic-u-velikoj-gorici\/#local-main-place-address","streetAddress":"Horvatova 97","addressLocality":"Velika Gorica","postalCode":"10410","addressRegion":"Croatia","addressCountry":"HR"},{"@type":"ImageObject","inLanguage":"en-US","@id":"https:\/\/gorica.info\/kandidatkinja-za-zupanicu-barbara-knezevic-u-velikoj-gorici\/#local-main-organization-logo","url":"https:\/\/gorica.info\/wp-content\/uploads\/2024\/07\/Gorica-Info-Logo-mali.png","contentUrl":"https:\/\/gorica.info\/wp-content\/uploads\/2024\/07\/Gorica-Info-Logo-mali.png","width":450,"height":85,"caption":"Gorica Info"}]},"geo.placename":"Velika Gorica","geo.region":"Croatia"},"_links":{"self":[{"href":"https:\/\/gorica.info\/en\/wp-json\/wp\/v2\/posts\/88868","targetHints":{"allow":["GET"]}}],"collection":[{"href":"https:\/\/gorica.info\/en\/wp-json\/wp\/v2\/posts"}],"about":[{"href":"https:\/\/gorica.info\/en\/wp-json\/wp\/v2\/types\/post"}],"author":[{"embeddable":true,"href":"https:\/\/gorica.info\/en\/wp-json\/wp\/v2\/users\/23"}],"replies":[{"embeddable":true,"href":"https:\/\/gorica.info\/en\/wp-json\/wp\/v2\/comments?post=88868"}],"version-history":[{"count":3,"href":"https:\/\/gorica.info\/en\/wp-json\/wp\/v2\/posts\/88868\/revisions"}],"predecessor-version":[{"id":88876,"href":"https:\/\/gorica.info\/en\/wp-json\/wp\/v2\/posts\/88868\/revisions\/88876"}],"wp:featuredmedia":[{"embeddable":true,"href":"https:\/\/gorica.info\/en\/wp-json\/wp\/v2\/media\/88869"}],"wp:attachment":[{"href":"https:\/\/gorica.info\/en\/wp-json\/wp\/v2\/media?parent=88868"}],"wp:term":[{"taxonomy":"category","embeddable":true,"href":"https:\/\/gorica.info\/en\/wp-json\/wp\/v2\/categories?post=88868"},{"taxonomy":"post_tag","embeddable":true,"href":"https:\/\/gorica.info\/en\/wp-json\/wp\/v2\/tags?post=88868"}],"curies":[{"name":"wp","href":"https:\/\/api.w.org\/{rel}","templated":true}]}}