{"id":89121,"date":"2025-04-28T17:19:54","date_gmt":"2025-04-28T15:19:54","guid":{"rendered":"https:\/\/gorica.info\/?p=89121"},"modified":"2025-04-28T17:46:58","modified_gmt":"2025-04-28T15:46:58","slug":"kresimir-ackar-predao-vise-od-cetiri-tisuce-potpisa-za-kandidaturu","status":"publish","type":"post","link":"https:\/\/gorica.info\/en\/kresimir-ackar-predao-vise-od-cetiri-tisuce-potpisa-za-kandidaturu\/","title":{"rendered":"Kre\u0161imir A\u010dkar predao vi\u0161e od \u010detiri tisu\u0107e potpisa za kandidaturu"},"content":{"rendered":"<p><span style=\"font-size: 20px;\"><strong>HDZ-ov<\/strong> kandidat kojeg podr\u017eava jo\u0161 pet stranaka, <strong>Kre\u0161imir A\u010dkar<\/strong> i kandidat za zamjenika gradona\u010delnika <strong>Neven Karas<\/strong>, predali su danas potpise potpore za kandidaturu za lokalne izbore.<\/span><\/p>\n<p><img fetchpriority=\"high\" decoding=\"async\" class=\"aligncenter wp-image-89122 size-full\" src=\"https:\/\/gorica.info\/wp-content\/uploads\/2025\/04\/kresimir-ackar-potpisi2.jpg\" alt=\"kandidaturu\" width=\"1500\" height=\"1125\" srcset=\"https:\/\/gorica.info\/wp-content\/uploads\/2025\/04\/kresimir-ackar-potpisi2.jpg 1500w, https:\/\/gorica.info\/wp-content\/uploads\/2025\/04\/kresimir-ackar-potpisi2-300x225.jpg 300w, https:\/\/gorica.info\/wp-content\/uploads\/2025\/04\/kresimir-ackar-potpisi2-1024x768.jpg 1024w, https:\/\/gorica.info\/wp-content\/uploads\/2025\/04\/kresimir-ackar-potpisi2-768x576.jpg 768w, https:\/\/gorica.info\/wp-content\/uploads\/2025\/04\/kresimir-ackar-potpisi2-16x12.jpg 16w, https:\/\/gorica.info\/wp-content\/uploads\/2025\/04\/kresimir-ackar-potpisi2-750x563.jpg 750w, https:\/\/gorica.info\/wp-content\/uploads\/2025\/04\/kresimir-ackar-potpisi2-1140x855.jpg 1140w\" sizes=\"(max-width: 1500px) 100vw, 1500px\" \/><\/p>\n<p><span style=\"font-size: 20px;\">Vi\u0161e od \u010detiri tisu\u0107e potpisa potpore predali smo danas <strong>Gradskom izbornom povjerenstvu<\/strong>. Hvala Vam svima na podr\u0161ci!<\/span><\/p>\n<p><span style=\"font-size: 20px;\">Svatko od nas Velikogori\u010dana voli ovaj grad na svoj na\u010din. Svatko od nas svojim djelima \u010dini ga boljim i ljep\u0161im mjestom za \u017eivot.<\/span><\/p>\n<p><span style=\"font-size: 20px;\">U sljede\u0107em mandatu pred nama je<strong> niz novih projekata<\/strong> koji \u0107e na\u0161u <a href=\"https:\/\/gorica.hr\/\">Veliku Goricu<\/a> u\u010diniti jo\u0161 po\u017eeljnijim gradom za \u017eivot. Za ostvarenje tih ciljeva trebat \u0107e nam zajedni\u0161tvo svih Velikogori\u010danki i Velikogori\u010dana.<\/span><\/p>\n<p><span style=\"font-size: 20px;\">Zajedno sa svojim zamjenikom Nevenom Karasom i sa svima vama \u2013 nastavljamo dalje za na\u0161u Goricu \u2013 kazao je A\u010dkar u izjavi medijima.<\/span><\/p>\n<p><img decoding=\"async\" class=\"aligncenter wp-image-89124 size-full\" src=\"https:\/\/gorica.info\/wp-content\/uploads\/2025\/04\/kresimir-ackar-potpisi1.jpg\" alt=\"\" width=\"1500\" height=\"823\" srcset=\"https:\/\/gorica.info\/wp-content\/uploads\/2025\/04\/kresimir-ackar-potpisi1.jpg 1500w, https:\/\/gorica.info\/wp-content\/uploads\/2025\/04\/kresimir-ackar-potpisi1-300x165.jpg 300w, https:\/\/gorica.info\/wp-content\/uploads\/2025\/04\/kresimir-ackar-potpisi1-1024x562.jpg 1024w, https:\/\/gorica.info\/wp-content\/uploads\/2025\/04\/kresimir-ackar-potpisi1-768x421.jpg 768w, https:\/\/gorica.info\/wp-content\/uploads\/2025\/04\/kresimir-ackar-potpisi1-18x10.jpg 18w, https:\/\/gorica.info\/wp-content\/uploads\/2025\/04\/kresimir-ackar-potpisi1-750x412.jpg 750w, https:\/\/gorica.info\/wp-content\/uploads\/2025\/04\/kresimir-ackar-potpisi1-1140x625.jpg 1140w\" sizes=\"(max-width: 1500px) 100vw, 1500px\" \/><\/p>\n<p><span style=\"font-size: 20px;\"><a href=\"https:\/\/gorica.info\/en\/hdz-potpisao-koalicijski-sporazum-s-pet-stranaka-ovo-je-lista-jakih-i-uglednih-imena\/\">HDZ na izbore i<\/a>de s HSU-oma, HSLS-om, HSS-om, Nezavisnom listom Stjepana Ko\u017ei\u0107a i strankom BM365 Idemo delat!.<\/span><\/p>","protected":false},"excerpt":{"rendered":"<p>HDZ-ov kandidat kojeg podr\u017eava jo\u0161 pet stranaka, Kre\u0161imir A\u010dkar i kandidat za zamjenika gradona\u010delnika Neven Karas, predali su danas potpise potpore za kandidaturu za lokalne izbore. Vi\u0161e od \u010detiri tisu\u0107e potpisa potpore predali smo danas Gradskom izbornom povjerenstvu. Hvala Vam svima na podr\u0161ci! Svatko od nas Velikogori\u010dana voli ovaj grad na svoj na\u010din. Svatko od [&hellip;]<\/p>\n","protected":false},"author":23,"featured_media":89123,"comment_status":"closed","ping_status":"closed","sticky":false,"template":"","format":"standard","meta":{"limit_modified_date":"1","last_modified_date":"","jnews-multi-image_gallery":[],"jnews_single_post":{"subtitle":"","format":"standard","override":[{"template":"3","parallax":"1","fullscreen":"1","layout":"right-sidebar","sidebar":"default-sidebar","second_sidebar":"default-sidebar","sticky_sidebar":"1","share_position":"top","share_float_style":"share-monocrhome","show_featured":"1","show_post_meta":"1","show_post_author":"1","show_post_author_image":"1","show_post_date":"1","post_date_format":"default","post_date_format_custom":"Y\/m\/d","show_post_category":"1","show_post_reading_time":"1","post_reading_time_wpm":"300","post_calculate_word_method":"str_word_count","zoom_button_out_step":"2","zoom_button_in_step":"3","show_post_tag":"1","show_popup_post":"1","number_popup_post":"1","show_post_related":"1"}],"image_override":[{"single_post_thumbnail_size":"crop-500","single_post_gallery_size":"crop-500"}],"trending_post_position":"meta","trending_post_label":"Trending","sponsored_post_label":"Sponsored by","disable_ad":"0"},"jnews_primary_category":[],"jnews_override_counter":{"view_counter_number":"0","share_counter_number":"0","like_counter_number":"0","dislike_counter_number":"0"},"footnotes":""},"categories":[90],"tags":[253,1429,256,18972,122,15554],"class_list":["post-89121","post","type-post","status-publish","format-standard","has-post-thumbnail","hentry","category-politika","tag-kresimir-ackar","tag-lokalni-izbori","tag-neven-karas","tag-potpisi-za-kandidaturu","tag-velika-gorica","tag-vg-vijesti"],"yoast_head":"<!-- This site is optimized with the Yoast SEO Premium plugin v27.4 (Yoast SEO v27.4) - https:\/\/yoast.com\/product\/yoast-seo-premium-wordpress\/ -->\n<title>Kre\u0161imir A\u010dkar predao vi\u0161e od \u010detiri tisu\u0107e potpisa za kandidaturu - Gorica Info<\/title>\n<meta name=\"description\" content=\"Kre\u0161imir A\u010dkar predao Gradskom izbornom povjerenstvu vi\u0161e od \u010detiri tisu\u0107e potpisa za kandidaturu za novi gradona\u010delni\u010dki mandat.\" \/>\n<meta name=\"robots\" content=\"index, follow, max-snippet:-1, max-image-preview:large, max-video-preview:-1\" \/>\n<link rel=\"canonical\" href=\"https:\/\/gorica.info\/en\/kresimir-ackar-predao-vise-od-cetiri-tisuce-potpisa-za-kandidaturu\/\" \/>\n<meta property=\"og:locale\" content=\"en_US\" \/>\n<meta property=\"og:type\" content=\"article\" \/>\n<meta property=\"og:title\" content=\"Kre\u0161imir A\u010dkar predao vi\u0161e od \u010detiri tisu\u0107e potpisa za kandidaturu\" \/>\n<meta property=\"og:description\" content=\"Kre\u0161imir A\u010dkar predao Gradskom izbornom povjerenstvu vi\u0161e od \u010detiri tisu\u0107e potpisa za kandidaturu za novi gradona\u010delni\u010dki mandat.\" \/>\n<meta property=\"og:url\" content=\"https:\/\/gorica.info\/en\/kresimir-ackar-predao-vise-od-cetiri-tisuce-potpisa-za-kandidaturu\/\" \/>\n<meta property=\"og:site_name\" content=\"Gorica Info\" \/>\n<meta property=\"article:publisher\" content=\"https:\/\/www.facebook.com\/Goricainfo-106005144489262\" \/>\n<meta property=\"article:published_time\" content=\"2025-04-28T15:19:54+00:00\" \/>\n<meta property=\"article:modified_time\" content=\"2025-04-28T15:46:58+00:00\" \/>\n<meta property=\"og:image\" content=\"https:\/\/gorica.info\/wp-content\/uploads\/2025\/04\/kresimir-ackar-potpisi.jpg\" \/>\n\t<meta property=\"og:image:width\" content=\"1500\" \/>\n\t<meta property=\"og:image:height\" content=\"839\" \/>\n\t<meta property=\"og:image:type\" content=\"image\/jpeg\" \/>\n<meta name=\"author\" content=\"Gorica. info\" \/>\n<meta name=\"twitter:card\" content=\"summary_large_image\" \/>\n<meta name=\"twitter:creator\" content=\"@GoricaInfo\" \/>\n<meta name=\"twitter:site\" content=\"@GoricaInfo\" \/>\n<meta name=\"twitter:label1\" content=\"Written by\" \/>\n\t<meta name=\"twitter:data1\" content=\"Gorica. info\" \/>\n\t<meta name=\"twitter:label2\" content=\"Est. reading time\" \/>\n\t<meta name=\"twitter:data2\" content=\"2 minutes\" \/>\n<meta name=\"geo.placename\" content=\"Velika Gorica\" \/>\n<meta name=\"geo.region\" content=\"Croatia\" \/>\n<!-- \/ Yoast SEO Premium plugin. -->","yoast_head_json":{"title":"Kre\u0161imir A\u010dkar predao vi\u0161e od \u010detiri tisu\u0107e potpisa za kandidaturu - Gorica Info","description":"Kre\u0161imir A\u010dkar predao Gradskom izbornom povjerenstvu vi\u0161e od \u010detiri tisu\u0107e potpisa za kandidaturu za novi gradona\u010delni\u010dki mandat.","robots":{"index":"index","follow":"follow","max-snippet":"max-snippet:-1","max-image-preview":"max-image-preview:large","max-video-preview":"max-video-preview:-1"},"canonical":"https:\/\/gorica.info\/en\/kresimir-ackar-predao-vise-od-cetiri-tisuce-potpisa-za-kandidaturu\/","og_locale":"en_US","og_type":"article","og_title":"Kre\u0161imir A\u010dkar predao vi\u0161e od \u010detiri tisu\u0107e potpisa za kandidaturu","og_description":"Kre\u0161imir A\u010dkar predao Gradskom izbornom povjerenstvu vi\u0161e od \u010detiri tisu\u0107e potpisa za kandidaturu za novi gradona\u010delni\u010dki mandat.","og_url":"https:\/\/gorica.info\/en\/kresimir-ackar-predao-vise-od-cetiri-tisuce-potpisa-za-kandidaturu\/","og_site_name":"Gorica Info","article_publisher":"https:\/\/www.facebook.com\/Goricainfo-106005144489262","article_published_time":"2025-04-28T15:19:54+00:00","article_modified_time":"2025-04-28T15:46:58+00:00","og_image":[{"width":1500,"height":839,"url":"https:\/\/gorica.info\/wp-content\/uploads\/2025\/04\/kresimir-ackar-potpisi.jpg","type":"image\/jpeg"}],"author":"Gorica. info","twitter_card":"summary_large_image","twitter_creator":"@GoricaInfo","twitter_site":"@GoricaInfo","twitter_misc":{"Written by":"Gorica. info","Est. reading time":"2 minutes"},"schema":{"@context":"https:\/\/schema.org","@graph":[{"@type":"NewsArticle","@id":"https:\/\/gorica.info\/kresimir-ackar-predao-vise-od-cetiri-tisuce-potpisa-za-kandidaturu\/#article","isPartOf":{"@id":"https:\/\/gorica.info\/kresimir-ackar-predao-vise-od-cetiri-tisuce-potpisa-za-kandidaturu\/"},"author":{"name":"Gorica. info","@id":"https:\/\/gorica.info\/#\/schema\/person\/4499af1f22f322670b9b5977ccc2e3de"},"headline":"Kre\u0161imir A\u010dkar predao vi\u0161e od \u010detiri tisu\u0107e potpisa za kandidaturu","datePublished":"2025-04-28T15:19:54+00:00","dateModified":"2025-04-28T15:46:58+00:00","mainEntityOfPage":{"@id":"https:\/\/gorica.info\/kresimir-ackar-predao-vise-od-cetiri-tisuce-potpisa-za-kandidaturu\/"},"wordCount":171,"publisher":{"@id":"https:\/\/gorica.info\/#organization"},"image":{"@id":"https:\/\/gorica.info\/kresimir-ackar-predao-vise-od-cetiri-tisuce-potpisa-za-kandidaturu\/#primaryimage"},"thumbnailUrl":"https:\/\/gorica.info\/wp-content\/uploads\/2025\/04\/kresimir-ackar-potpisi.jpg","keywords":["Kre\u0161imir A\u010dkar","lokalni izbori","Neven Karas","potpisi za kandidaturu","Velika Gorica","vg vijesti"],"articleSection":["POLITIKA"],"inLanguage":"en-US","copyrightYear":"2025","copyrightHolder":{"@id":"https:\/\/gorica.info\/en\/#organization"}},{"@type":"WebPage","@id":"https:\/\/gorica.info\/kresimir-ackar-predao-vise-od-cetiri-tisuce-potpisa-za-kandidaturu\/","url":"https:\/\/gorica.info\/kresimir-ackar-predao-vise-od-cetiri-tisuce-potpisa-za-kandidaturu\/","name":"Kre\u0161imir A\u010dkar predao vi\u0161e od \u010detiri tisu\u0107e potpisa za kandidaturu - Gorica Info","isPartOf":{"@id":"https:\/\/gorica.info\/#website"},"primaryImageOfPage":{"@id":"https:\/\/gorica.info\/kresimir-ackar-predao-vise-od-cetiri-tisuce-potpisa-za-kandidaturu\/#primaryimage"},"image":{"@id":"https:\/\/gorica.info\/kresimir-ackar-predao-vise-od-cetiri-tisuce-potpisa-za-kandidaturu\/#primaryimage"},"thumbnailUrl":"https:\/\/gorica.info\/wp-content\/uploads\/2025\/04\/kresimir-ackar-potpisi.jpg","datePublished":"2025-04-28T15:19:54+00:00","dateModified":"2025-04-28T15:46:58+00:00","description":"Kre\u0161imir A\u010dkar predao Gradskom izbornom povjerenstvu vi\u0161e od \u010detiri tisu\u0107e potpisa za kandidaturu za novi gradona\u010delni\u010dki mandat.","breadcrumb":{"@id":"https:\/\/gorica.info\/kresimir-ackar-predao-vise-od-cetiri-tisuce-potpisa-za-kandidaturu\/#breadcrumb"},"inLanguage":"en-US","potentialAction":[{"@type":"ReadAction","target":["https:\/\/gorica.info\/kresimir-ackar-predao-vise-od-cetiri-tisuce-potpisa-za-kandidaturu\/"]}]},{"@type":"ImageObject","inLanguage":"en-US","@id":"https:\/\/gorica.info\/kresimir-ackar-predao-vise-od-cetiri-tisuce-potpisa-za-kandidaturu\/#primaryimage","url":"https:\/\/gorica.info\/wp-content\/uploads\/2025\/04\/kresimir-ackar-potpisi.jpg","contentUrl":"https:\/\/gorica.info\/wp-content\/uploads\/2025\/04\/kresimir-ackar-potpisi.jpg","width":1500,"height":839,"caption":"Foto: Gorica.info"},{"@type":"BreadcrumbList","@id":"https:\/\/gorica.info\/kresimir-ackar-predao-vise-od-cetiri-tisuce-potpisa-za-kandidaturu\/#breadcrumb","itemListElement":[{"@type":"ListItem","position":1,"name":"Po\u010detna stranica","item":"https:\/\/gorica.info\/"},{"@type":"ListItem","position":2,"name":"Kre\u0161imir A\u010dkar predao vi\u0161e od \u010detiri tisu\u0107e potpisa za kandidaturu"}]},{"@type":"WebSite","@id":"https:\/\/gorica.info\/#website","url":"https:\/\/gorica.info\/","name":"Gorica Info","description":"Vijesti iz Velike Gorice i okolice.","publisher":{"@id":"https:\/\/gorica.info\/#organization"},"potentialAction":[{"@type":"SearchAction","target":{"@type":"EntryPoint","urlTemplate":"https:\/\/gorica.info\/?s={search_term_string}"},"query-input":{"@type":"PropertyValueSpecification","valueRequired":true,"valueName":"search_term_string"}}],"inLanguage":"en-US"},{"@type":["Organization","Place","NewsMediaOrganization"],"@id":"https:\/\/gorica.info\/#organization","name":"Gorica Info","url":"https:\/\/gorica.info\/","logo":{"@id":"https:\/\/gorica.info\/kresimir-ackar-predao-vise-od-cetiri-tisuce-potpisa-za-kandidaturu\/#local-main-organization-logo"},"image":{"@id":"https:\/\/gorica.info\/kresimir-ackar-predao-vise-od-cetiri-tisuce-potpisa-za-kandidaturu\/#local-main-organization-logo"},"sameAs":["https:\/\/www.facebook.com\/Goricainfo-106005144489262","https:\/\/x.com\/GoricaInfo","https:\/\/www.instagram.com\/gorica.info\/"],"address":{"@id":"https:\/\/gorica.info\/kresimir-ackar-predao-vise-od-cetiri-tisuce-potpisa-za-kandidaturu\/#local-main-place-address"},"telephone":[],"openingHoursSpecification":[{"@type":"OpeningHoursSpecification","dayOfWeek":["Monday","Tuesday","Wednesday","Thursday","Friday","Saturday","Sunday"],"opens":"09:00","closes":"17:00"}],"email":"redakcija@gorica.info"},{"@type":"Person","@id":"https:\/\/gorica.info\/#\/schema\/person\/4499af1f22f322670b9b5977ccc2e3de","name":"Gorica. info","description":"Gorica.info je lokalni portal koji prati Veliku Goricu i okolici, svakodnevno donosi najnovije vijesti i pri\u010de, kulturna doga\u0111anja i aktualnosti koje oblikuju \u017eivot gra\u0111ana.","url":"https:\/\/gorica.info\/en\/author\/gorica-info\/"},{"@type":"PostalAddress","@id":"https:\/\/gorica.info\/kresimir-ackar-predao-vise-od-cetiri-tisuce-potpisa-za-kandidaturu\/#local-main-place-address","streetAddress":"Horvatova 97","addressLocality":"Velika Gorica","postalCode":"10410","addressRegion":"Croatia","addressCountry":"HR"},{"@type":"ImageObject","inLanguage":"en-US","@id":"https:\/\/gorica.info\/kresimir-ackar-predao-vise-od-cetiri-tisuce-potpisa-za-kandidaturu\/#local-main-organization-logo","url":"https:\/\/gorica.info\/wp-content\/uploads\/2024\/07\/Gorica-Info-Logo-mali.png","contentUrl":"https:\/\/gorica.info\/wp-content\/uploads\/2024\/07\/Gorica-Info-Logo-mali.png","width":450,"height":85,"caption":"Gorica Info"}]},"geo.placename":"Velika Gorica","geo.region":"Croatia"},"_links":{"self":[{"href":"https:\/\/gorica.info\/en\/wp-json\/wp\/v2\/posts\/89121","targetHints":{"allow":["GET"]}}],"collection":[{"href":"https:\/\/gorica.info\/en\/wp-json\/wp\/v2\/posts"}],"about":[{"href":"https:\/\/gorica.info\/en\/wp-json\/wp\/v2\/types\/post"}],"author":[{"embeddable":true,"href":"https:\/\/gorica.info\/en\/wp-json\/wp\/v2\/users\/23"}],"replies":[{"embeddable":true,"href":"https:\/\/gorica.info\/en\/wp-json\/wp\/v2\/comments?post=89121"}],"version-history":[{"count":2,"href":"https:\/\/gorica.info\/en\/wp-json\/wp\/v2\/posts\/89121\/revisions"}],"predecessor-version":[{"id":89126,"href":"https:\/\/gorica.info\/en\/wp-json\/wp\/v2\/posts\/89121\/revisions\/89126"}],"wp:featuredmedia":[{"embeddable":true,"href":"https:\/\/gorica.info\/en\/wp-json\/wp\/v2\/media\/89123"}],"wp:attachment":[{"href":"https:\/\/gorica.info\/en\/wp-json\/wp\/v2\/media?parent=89121"}],"wp:term":[{"taxonomy":"category","embeddable":true,"href":"https:\/\/gorica.info\/en\/wp-json\/wp\/v2\/categories?post=89121"},{"taxonomy":"post_tag","embeddable":true,"href":"https:\/\/gorica.info\/en\/wp-json\/wp\/v2\/tags?post=89121"}],"curies":[{"name":"wp","href":"https:\/\/api.w.org\/{rel}","templated":true}]}}