{"id":89401,"date":"2025-05-03T09:23:46","date_gmt":"2025-05-03T07:23:46","guid":{"rendered":"https:\/\/gorica.info\/?p=89401"},"modified":"2025-05-04T08:50:14","modified_gmt":"2025-05-04T06:50:14","slug":"vazna-pomoc-za-ruralna-podrucja-zagrebacka-zupanija-dobila-prvu-mobilnu-ljekarnu","status":"publish","type":"post","link":"https:\/\/gorica.info\/en\/vazna-pomoc-za-ruralna-podrucja-zagrebacka-zupanija-dobila-prvu-mobilnu-ljekarnu\/","title":{"rendered":"Va\u017ena pomo\u0107 za ruralna podru\u010dja: Zagreba\u010dka \u017eupanija dobila prvu mobilnu ljekarnu"},"content":{"rendered":"<p><span style=\"font-size: 20px;\"><strong>Ljekarne Zagreba\u010dke \u017eupanije<\/strong> dobile su prvu <strong>mobilnu ljekarnu. <\/strong><\/span><span style=\"font-size: 20px;\"><strong>Ana Gali\u0107 Skoko<\/strong>, ravnateljica Ljekarni Zagreba\u010dke \u017eupanije, i pro\u010delnica Upravnog odjela za zdravstvo, socijalnu skrb i hrvatske branitelje, <strong>Ksenija \u010culjak<\/strong>, preuzele su klju\u010deve prve mobilne ljekarne.<\/span><\/p>\n<p><img fetchpriority=\"high\" decoding=\"async\" class=\"aligncenter wp-image-89404 size-full\" src=\"https:\/\/gorica.info\/wp-content\/uploads\/2025\/05\/mobilna-ljekarna3.jpg\" alt=\"mobilnu ljekarnu\" width=\"576\" height=\"432\" srcset=\"https:\/\/gorica.info\/wp-content\/uploads\/2025\/05\/mobilna-ljekarna3.jpg 576w, https:\/\/gorica.info\/wp-content\/uploads\/2025\/05\/mobilna-ljekarna3-300x225.jpg 300w, https:\/\/gorica.info\/wp-content\/uploads\/2025\/05\/mobilna-ljekarna3-16x12.jpg 16w\" sizes=\"(max-width: 576px) 100vw, 576px\" \/><\/p>\n<p><span style=\"font-size: 20px;\">Ova mobilna ljekarna predstavlja zna\u010dajan korak prema osiguravanju dostupnosti ljekarni\u010dke skrbi stanovnicima ruralnih i slabije naseljenih podru\u010dja te im omogu\u0107iti pristup lijekovima na recept, bezreceptnim lijekovima i dodacima prehrani, uz stru\u010dni savjet farmaceutskog tima, izvijestili su iz <a href=\"https:\/\/www.zagrebacka-zupanija.hr\/vijesti\/8002\/stigla-prva-mobilna-ljekarna-u-zagrebacku-zupaniju\">\u017eupanije.<\/a><\/span><\/p>\n<p><img decoding=\"async\" class=\"aligncenter wp-image-89403 size-full\" src=\"https:\/\/gorica.info\/wp-content\/uploads\/2025\/05\/mobilna-ljekarna2.jpg\" alt=\"\" width=\"576\" height=\"432\" srcset=\"https:\/\/gorica.info\/wp-content\/uploads\/2025\/05\/mobilna-ljekarna2.jpg 576w, https:\/\/gorica.info\/wp-content\/uploads\/2025\/05\/mobilna-ljekarna2-300x225.jpg 300w, https:\/\/gorica.info\/wp-content\/uploads\/2025\/05\/mobilna-ljekarna2-16x12.jpg 16w\" sizes=\"(max-width: 576px) 100vw, 576px\" \/><\/p>\n<p><span style=\"font-size: 20px;\">&#8211; Mobilna ljekarna osigurat \u0107e svakom stanovniku \u017eupanije ujedna\u010denu <a href=\"https:\/\/gorica.info\/en\/vazna-pomoc-roditeljima-male-djece-predstavljen-projekt-od-prve-zlice-do-prve-godine\/\">ljekarni\u010dku skrb<\/a>, bez obzira na mjesto stanovanja &#8211; istaknula je ravnateljica Ana Gali\u0107 Skoko.<\/span><\/p>\n<p><img decoding=\"async\" class=\"aligncenter wp-image-89408 size-full\" src=\"https:\/\/gorica.info\/wp-content\/uploads\/2025\/05\/mobilna-ljekarna5.jpg\" alt=\"\" width=\"1600\" height=\"1200\" srcset=\"https:\/\/gorica.info\/wp-content\/uploads\/2025\/05\/mobilna-ljekarna5.jpg 1600w, https:\/\/gorica.info\/wp-content\/uploads\/2025\/05\/mobilna-ljekarna5-300x225.jpg 300w, https:\/\/gorica.info\/wp-content\/uploads\/2025\/05\/mobilna-ljekarna5-1024x768.jpg 1024w, https:\/\/gorica.info\/wp-content\/uploads\/2025\/05\/mobilna-ljekarna5-768x576.jpg 768w, https:\/\/gorica.info\/wp-content\/uploads\/2025\/05\/mobilna-ljekarna5-1536x1152.jpg 1536w, https:\/\/gorica.info\/wp-content\/uploads\/2025\/05\/mobilna-ljekarna5-16x12.jpg 16w, https:\/\/gorica.info\/wp-content\/uploads\/2025\/05\/mobilna-ljekarna5-750x563.jpg 750w, https:\/\/gorica.info\/wp-content\/uploads\/2025\/05\/mobilna-ljekarna5-1140x855.jpg 1140w\" sizes=\"(max-width: 1600px) 100vw, 1600px\" \/><\/p>\n<p><span style=\"font-size: 20px;\">&#8211; Ova mobilna ljekarna dio je \u0161ireg plana Zagreba\u010dke \u017eupanije usmjerenog na ja\u010danje zdravstvenih i socijalnih usluga na cijelom podru\u010dju \u017eupanije, s posebnim naglaskom na ravnomjernu dostupnost stanovnicima ruralnih i prometno slabije povezanih sredina. Na\u0161 je cilj omogu\u0107iti svima jednaku razinu zdravstvene skrbi, a ovaj projekt je konkretan i vrlo va\u017ean korak u tom smjeru &#8211; dodala je pro\u010delnica Ksenija \u010culjak.<\/span><\/p>\n<p><span style=\"font-size: 20px;\">Trenutno se \u010deka dono\u0161enje pravilnika Ministarstva zdravstva koji \u0107e definirati detalje rada mobilnih ljekarni.<\/span><\/p>\n<p><img loading=\"lazy\" decoding=\"async\" class=\"aligncenter wp-image-89405 size-full\" src=\"https:\/\/gorica.info\/wp-content\/uploads\/2025\/05\/mobilna-ljekarna4.jpg\" alt=\"\" width=\"324\" height=\"432\" srcset=\"https:\/\/gorica.info\/wp-content\/uploads\/2025\/05\/mobilna-ljekarna4.jpg 324w, https:\/\/gorica.info\/wp-content\/uploads\/2025\/05\/mobilna-ljekarna4-225x300.jpg 225w, https:\/\/gorica.info\/wp-content\/uploads\/2025\/05\/mobilna-ljekarna4-9x12.jpg 9w\" sizes=\"(max-width: 324px) 100vw, 324px\" \/><\/p>\n<blockquote><p><span style=\"font-size: 20px;\">Nakon toga, mobilna ljekarna zapo\u010det \u0107e s radom, a raspored obilazaka bit \u0107e izra\u0111en u suradnji s jedinicama lokalne samouprave te prilago\u0111en stvarnim potrebama stanovni\u0161tva.<\/span><\/p><\/blockquote>\n<p><span style=\"font-size: 20px;\">Osim Zagreba\u010dke, mobilne ljekarne dobile su i Vukovarsko-srijemska, Brodsko-posavska, Sisa\u010dko-moslava\u010dka, Li\u010dko-senjska, Karlova\u010dka i Zadarska \u017eupanija.<\/span><\/p>","protected":false},"excerpt":{"rendered":"<p>Ljekarne Zagreba\u010dke \u017eupanije dobile su prvu mobilnu ljekarnu. Ana Gali\u0107 Skoko, ravnateljica Ljekarni Zagreba\u010dke \u017eupanije, i pro\u010delnica Upravnog odjela za zdravstvo, socijalnu skrb i hrvatske branitelje, Ksenija \u010culjak, preuzele su klju\u010deve prve mobilne ljekarne. Ova mobilna ljekarna predstavlja zna\u010dajan korak prema osiguravanju dostupnosti ljekarni\u010dke skrbi stanovnicima ruralnih i slabije naseljenih podru\u010dja te im omogu\u0107iti pristup [&hellip;]<\/p>\n","protected":false},"author":25,"featured_media":89402,"comment_status":"closed","ping_status":"closed","sticky":false,"template":"","format":"standard","meta":{"limit_modified_date":"1","last_modified_date":"","jnews-multi-image_gallery":[],"jnews_single_post":{"subtitle":"","format":"standard","override":[{"template":"3","parallax":"1","fullscreen":"1","layout":"right-sidebar","sidebar":"default-sidebar","second_sidebar":"default-sidebar","sticky_sidebar":"1","share_position":"top","share_float_style":"share-monocrhome","show_featured":"1","show_post_meta":"1","show_post_author":"1","show_post_author_image":"1","show_post_date":"1","post_date_format":"default","post_date_format_custom":"Y\/m\/d","show_post_category":"1","show_post_reading_time":"1","post_reading_time_wpm":"300","post_calculate_word_method":"str_word_count","zoom_button_out_step":"2","zoom_button_in_step":"3","show_post_tag":"1","show_popup_post":"1","number_popup_post":"1","show_post_related":"1"}],"image_override":[{"single_post_thumbnail_size":"crop-500","single_post_gallery_size":"crop-500"}],"trending_post_position":"meta","trending_post_label":"Trending","sponsored_post_label":"Sponsored by","disable_ad":"0"},"jnews_primary_category":[],"jnews_override_counter":{"view_counter_number":"0","share_counter_number":"0","like_counter_number":"0","dislike_counter_number":"0"},"footnotes":""},"categories":[108],"tags":[7838,5067,6035,19028,18350,18354],"class_list":["post-89401","post","type-post","status-publish","format-standard","has-post-thumbnail","hentry","category-zupanija","tag-ana-galic-skoko","tag-ksenija-culjak","tag-ljekarne-zagrebacke-zupanije","tag-ljekarnicka-skrb","tag-mobilna-ljekarna","tag-ruralna-podrucja"],"yoast_head":"<!-- This site is optimized with the Yoast SEO Premium plugin v27.4 (Yoast SEO v27.4) - https:\/\/yoast.com\/product\/yoast-seo-premium-wordpress\/ -->\n<title>Va\u017ena pomo\u0107 za ruralna podru\u010dja: Zagreba\u010dka \u017eupanija dobila prvu mobilnu ljekarnu - Gorica Info<\/title>\n<meta name=\"description\" content=\"Va\u017ena pomo\u0107 za ruralna podru\u010dja: Zagreba\u010dka \u017eupanija dobila prvu mobilnu ljekarnu koja \u0107e osigurati ujedna\u010denu ljekarni\u010dku skrb.\" \/>\n<meta name=\"robots\" content=\"index, follow, max-snippet:-1, max-image-preview:large, max-video-preview:-1\" \/>\n<link rel=\"canonical\" href=\"https:\/\/gorica.info\/en\/vazna-pomoc-za-ruralna-podrucja-zagrebacka-zupanija-dobila-prvu-mobilnu-ljekarnu\/\" \/>\n<meta property=\"og:locale\" content=\"en_US\" \/>\n<meta property=\"og:type\" content=\"article\" \/>\n<meta property=\"og:title\" content=\"Va\u017ena pomo\u0107 za ruralna podru\u010dja: Zagreba\u010dka \u017eupanija dobila prvu mobilnu ljekarnu\" \/>\n<meta property=\"og:description\" content=\"Va\u017ena pomo\u0107 za ruralna podru\u010dja: Zagreba\u010dka \u017eupanija dobila prvu mobilnu ljekarnu koja \u0107e osigurati ujedna\u010denu ljekarni\u010dku skrb.\" \/>\n<meta property=\"og:url\" content=\"https:\/\/gorica.info\/en\/vazna-pomoc-za-ruralna-podrucja-zagrebacka-zupanija-dobila-prvu-mobilnu-ljekarnu\/\" \/>\n<meta property=\"og:site_name\" content=\"Gorica Info\" \/>\n<meta property=\"article:publisher\" content=\"https:\/\/www.facebook.com\/Goricainfo-106005144489262\" \/>\n<meta property=\"article:published_time\" content=\"2025-05-03T07:23:46+00:00\" \/>\n<meta property=\"article:modified_time\" content=\"2025-05-04T06:50:14+00:00\" \/>\n<meta property=\"og:image\" content=\"https:\/\/gorica.info\/wp-content\/uploads\/2025\/05\/mobilna-ljekarna1.jpg\" \/>\n\t<meta property=\"og:image:width\" content=\"576\" \/>\n\t<meta property=\"og:image:height\" content=\"432\" \/>\n\t<meta property=\"og:image:type\" content=\"image\/jpeg\" \/>\n<meta name=\"author\" content=\"Marta Horvat\" \/>\n<meta name=\"twitter:card\" content=\"summary_large_image\" \/>\n<meta name=\"twitter:creator\" content=\"@GoricaInfo\" \/>\n<meta name=\"twitter:site\" content=\"@GoricaInfo\" \/>\n<meta name=\"twitter:label1\" content=\"Written by\" \/>\n\t<meta name=\"twitter:data1\" content=\"Marta Horvat\" \/>\n\t<meta name=\"twitter:label2\" content=\"Est. reading time\" \/>\n\t<meta name=\"twitter:data2\" content=\"2 minutes\" \/>\n<meta name=\"geo.placename\" content=\"Velika Gorica\" \/>\n<meta name=\"geo.region\" content=\"Croatia\" \/>\n<!-- \/ Yoast SEO Premium plugin. -->","yoast_head_json":{"title":"Va\u017ena pomo\u0107 za ruralna podru\u010dja: Zagreba\u010dka \u017eupanija dobila prvu mobilnu ljekarnu - Gorica Info","description":"Va\u017ena pomo\u0107 za ruralna podru\u010dja: Zagreba\u010dka \u017eupanija dobila prvu mobilnu ljekarnu koja \u0107e osigurati ujedna\u010denu ljekarni\u010dku skrb.","robots":{"index":"index","follow":"follow","max-snippet":"max-snippet:-1","max-image-preview":"max-image-preview:large","max-video-preview":"max-video-preview:-1"},"canonical":"https:\/\/gorica.info\/en\/vazna-pomoc-za-ruralna-podrucja-zagrebacka-zupanija-dobila-prvu-mobilnu-ljekarnu\/","og_locale":"en_US","og_type":"article","og_title":"Va\u017ena pomo\u0107 za ruralna podru\u010dja: Zagreba\u010dka \u017eupanija dobila prvu mobilnu ljekarnu","og_description":"Va\u017ena pomo\u0107 za ruralna podru\u010dja: Zagreba\u010dka \u017eupanija dobila prvu mobilnu ljekarnu koja \u0107e osigurati ujedna\u010denu ljekarni\u010dku skrb.","og_url":"https:\/\/gorica.info\/en\/vazna-pomoc-za-ruralna-podrucja-zagrebacka-zupanija-dobila-prvu-mobilnu-ljekarnu\/","og_site_name":"Gorica Info","article_publisher":"https:\/\/www.facebook.com\/Goricainfo-106005144489262","article_published_time":"2025-05-03T07:23:46+00:00","article_modified_time":"2025-05-04T06:50:14+00:00","og_image":[{"width":576,"height":432,"url":"https:\/\/gorica.info\/wp-content\/uploads\/2025\/05\/mobilna-ljekarna1.jpg","type":"image\/jpeg"}],"author":"Marta Horvat","twitter_card":"summary_large_image","twitter_creator":"@GoricaInfo","twitter_site":"@GoricaInfo","twitter_misc":{"Written by":"Marta Horvat","Est. reading time":"2 minutes"},"schema":{"@context":"https:\/\/schema.org","@graph":[{"@type":"NewsArticle","@id":"https:\/\/gorica.info\/vazna-pomoc-za-ruralna-podrucja-zagrebacka-zupanija-dobila-prvu-mobilnu-ljekarnu\/#article","isPartOf":{"@id":"https:\/\/gorica.info\/vazna-pomoc-za-ruralna-podrucja-zagrebacka-zupanija-dobila-prvu-mobilnu-ljekarnu\/"},"author":{"name":"Marta Horvat","@id":"https:\/\/gorica.info\/#\/schema\/person\/b2df2f6fb2a9073c0fa5af2672befd52"},"headline":"Va\u017ena pomo\u0107 za ruralna podru\u010dja: Zagreba\u010dka \u017eupanija dobila prvu mobilnu ljekarnu","datePublished":"2025-05-03T07:23:46+00:00","dateModified":"2025-05-04T06:50:14+00:00","mainEntityOfPage":{"@id":"https:\/\/gorica.info\/vazna-pomoc-za-ruralna-podrucja-zagrebacka-zupanija-dobila-prvu-mobilnu-ljekarnu\/"},"wordCount":251,"publisher":{"@id":"https:\/\/gorica.info\/#organization"},"image":{"@id":"https:\/\/gorica.info\/vazna-pomoc-za-ruralna-podrucja-zagrebacka-zupanija-dobila-prvu-mobilnu-ljekarnu\/#primaryimage"},"thumbnailUrl":"https:\/\/gorica.info\/wp-content\/uploads\/2025\/05\/mobilna-ljekarna1.jpg","keywords":["ana gali\u0107 skoko","ksenija \u010duljak","ljekarne zagreba\u010dke \u017eupanije","ljekarni\u010dka skrb","mobilna ljekarna","ruralna podru\u010dja"],"articleSection":["\u017dUPANIJA"],"inLanguage":"en-US","copyrightYear":"2025","copyrightHolder":{"@id":"https:\/\/gorica.info\/en\/#organization"}},{"@type":"WebPage","@id":"https:\/\/gorica.info\/vazna-pomoc-za-ruralna-podrucja-zagrebacka-zupanija-dobila-prvu-mobilnu-ljekarnu\/","url":"https:\/\/gorica.info\/vazna-pomoc-za-ruralna-podrucja-zagrebacka-zupanija-dobila-prvu-mobilnu-ljekarnu\/","name":"Va\u017ena pomo\u0107 za ruralna podru\u010dja: Zagreba\u010dka \u017eupanija dobila prvu mobilnu ljekarnu - Gorica Info","isPartOf":{"@id":"https:\/\/gorica.info\/#website"},"primaryImageOfPage":{"@id":"https:\/\/gorica.info\/vazna-pomoc-za-ruralna-podrucja-zagrebacka-zupanija-dobila-prvu-mobilnu-ljekarnu\/#primaryimage"},"image":{"@id":"https:\/\/gorica.info\/vazna-pomoc-za-ruralna-podrucja-zagrebacka-zupanija-dobila-prvu-mobilnu-ljekarnu\/#primaryimage"},"thumbnailUrl":"https:\/\/gorica.info\/wp-content\/uploads\/2025\/05\/mobilna-ljekarna1.jpg","datePublished":"2025-05-03T07:23:46+00:00","dateModified":"2025-05-04T06:50:14+00:00","description":"Va\u017ena pomo\u0107 za ruralna podru\u010dja: Zagreba\u010dka \u017eupanija dobila prvu mobilnu ljekarnu koja \u0107e osigurati ujedna\u010denu ljekarni\u010dku skrb.","breadcrumb":{"@id":"https:\/\/gorica.info\/vazna-pomoc-za-ruralna-podrucja-zagrebacka-zupanija-dobila-prvu-mobilnu-ljekarnu\/#breadcrumb"},"inLanguage":"en-US","potentialAction":[{"@type":"ReadAction","target":["https:\/\/gorica.info\/vazna-pomoc-za-ruralna-podrucja-zagrebacka-zupanija-dobila-prvu-mobilnu-ljekarnu\/"]}]},{"@type":"ImageObject","inLanguage":"en-US","@id":"https:\/\/gorica.info\/vazna-pomoc-za-ruralna-podrucja-zagrebacka-zupanija-dobila-prvu-mobilnu-ljekarnu\/#primaryimage","url":"https:\/\/gorica.info\/wp-content\/uploads\/2025\/05\/mobilna-ljekarna1.jpg","contentUrl":"https:\/\/gorica.info\/wp-content\/uploads\/2025\/05\/mobilna-ljekarna1.jpg","width":576,"height":432,"caption":"Foto: Zagreba\u010dka \u017eupanija"},{"@type":"BreadcrumbList","@id":"https:\/\/gorica.info\/vazna-pomoc-za-ruralna-podrucja-zagrebacka-zupanija-dobila-prvu-mobilnu-ljekarnu\/#breadcrumb","itemListElement":[{"@type":"ListItem","position":1,"name":"Po\u010detna stranica","item":"https:\/\/gorica.info\/"},{"@type":"ListItem","position":2,"name":"Va\u017ena pomo\u0107 za ruralna podru\u010dja: Zagreba\u010dka \u017eupanija dobila prvu mobilnu ljekarnu"}]},{"@type":"WebSite","@id":"https:\/\/gorica.info\/#website","url":"https:\/\/gorica.info\/","name":"Gorica Info","description":"Vijesti iz Velike Gorice i okolice.","publisher":{"@id":"https:\/\/gorica.info\/#organization"},"potentialAction":[{"@type":"SearchAction","target":{"@type":"EntryPoint","urlTemplate":"https:\/\/gorica.info\/?s={search_term_string}"},"query-input":{"@type":"PropertyValueSpecification","valueRequired":true,"valueName":"search_term_string"}}],"inLanguage":"en-US"},{"@type":["Organization","Place","NewsMediaOrganization"],"@id":"https:\/\/gorica.info\/#organization","name":"Gorica Info","url":"https:\/\/gorica.info\/","logo":{"@id":"https:\/\/gorica.info\/vazna-pomoc-za-ruralna-podrucja-zagrebacka-zupanija-dobila-prvu-mobilnu-ljekarnu\/#local-main-organization-logo"},"image":{"@id":"https:\/\/gorica.info\/vazna-pomoc-za-ruralna-podrucja-zagrebacka-zupanija-dobila-prvu-mobilnu-ljekarnu\/#local-main-organization-logo"},"sameAs":["https:\/\/www.facebook.com\/Goricainfo-106005144489262","https:\/\/x.com\/GoricaInfo","https:\/\/www.instagram.com\/gorica.info\/"],"address":{"@id":"https:\/\/gorica.info\/vazna-pomoc-za-ruralna-podrucja-zagrebacka-zupanija-dobila-prvu-mobilnu-ljekarnu\/#local-main-place-address"},"telephone":[],"openingHoursSpecification":[{"@type":"OpeningHoursSpecification","dayOfWeek":["Monday","Tuesday","Wednesday","Thursday","Friday","Saturday","Sunday"],"opens":"09:00","closes":"17:00"}],"email":"redakcija@gorica.info"},{"@type":"Person","@id":"https:\/\/gorica.info\/#\/schema\/person\/b2df2f6fb2a9073c0fa5af2672befd52","name":"Marta Horvat","description":"Marta Horvat je studentica koja redovito pi\u0161e za portal, prati sva gradska doga\u0111anja i u\u017eiva isprobavati nove recept koje dijeli s na\u0161im \u010ditateljima.","url":"https:\/\/gorica.info\/en\/author\/marta-horvat\/"},{"@type":"PostalAddress","@id":"https:\/\/gorica.info\/vazna-pomoc-za-ruralna-podrucja-zagrebacka-zupanija-dobila-prvu-mobilnu-ljekarnu\/#local-main-place-address","streetAddress":"Horvatova 97","addressLocality":"Velika Gorica","postalCode":"10410","addressRegion":"Croatia","addressCountry":"HR"},{"@type":"ImageObject","inLanguage":"en-US","@id":"https:\/\/gorica.info\/vazna-pomoc-za-ruralna-podrucja-zagrebacka-zupanija-dobila-prvu-mobilnu-ljekarnu\/#local-main-organization-logo","url":"https:\/\/gorica.info\/wp-content\/uploads\/2024\/07\/Gorica-Info-Logo-mali.png","contentUrl":"https:\/\/gorica.info\/wp-content\/uploads\/2024\/07\/Gorica-Info-Logo-mali.png","width":450,"height":85,"caption":"Gorica Info"}]},"geo.placename":"Velika Gorica","geo.region":"Croatia"},"_links":{"self":[{"href":"https:\/\/gorica.info\/en\/wp-json\/wp\/v2\/posts\/89401","targetHints":{"allow":["GET"]}}],"collection":[{"href":"https:\/\/gorica.info\/en\/wp-json\/wp\/v2\/posts"}],"about":[{"href":"https:\/\/gorica.info\/en\/wp-json\/wp\/v2\/types\/post"}],"author":[{"embeddable":true,"href":"https:\/\/gorica.info\/en\/wp-json\/wp\/v2\/users\/25"}],"replies":[{"embeddable":true,"href":"https:\/\/gorica.info\/en\/wp-json\/wp\/v2\/comments?post=89401"}],"version-history":[{"count":3,"href":"https:\/\/gorica.info\/en\/wp-json\/wp\/v2\/posts\/89401\/revisions"}],"predecessor-version":[{"id":89407,"href":"https:\/\/gorica.info\/en\/wp-json\/wp\/v2\/posts\/89401\/revisions\/89407"}],"wp:featuredmedia":[{"embeddable":true,"href":"https:\/\/gorica.info\/en\/wp-json\/wp\/v2\/media\/89402"}],"wp:attachment":[{"href":"https:\/\/gorica.info\/en\/wp-json\/wp\/v2\/media?parent=89401"}],"wp:term":[{"taxonomy":"category","embeddable":true,"href":"https:\/\/gorica.info\/en\/wp-json\/wp\/v2\/categories?post=89401"},{"taxonomy":"post_tag","embeddable":true,"href":"https:\/\/gorica.info\/en\/wp-json\/wp\/v2\/tags?post=89401"}],"curies":[{"name":"wp","href":"https:\/\/api.w.org\/{rel}","templated":true}]}}