{"id":90042,"date":"2025-05-13T13:06:19","date_gmt":"2025-05-13T11:06:19","guid":{"rendered":"https:\/\/gorica.info\/?p=90042"},"modified":"2025-05-13T15:11:14","modified_gmt":"2025-05-13T13:11:14","slug":"europsko-prvenstvo-motogymkhana-croatia-odrzat-ce-se-na-poligonu-micevec","status":"publish","type":"post","link":"https:\/\/gorica.info\/en\/europsko-prvenstvo-motogymkhana-croatia-odrzat-ce-se-na-poligonu-micevec\/","title":{"rendered":"Europsko prvenstvo Motogymkhana Croatia odr\u017eat \u0107e se na poligonu Mi\u010devec"},"content":{"rendered":"<p><span style=\"font-size: 20px\">U Hrvatsku sti\u017eu najbolji voza\u010di <strong>Motogymkhane svijeta<\/strong>. U povodu 11. Europskog prvenstva Motogymkhana Croatia, koje se <strong>od 11. do 13. srpnja<\/strong> odr\u017eava na Bugatti Rimac poligonu Mi\u010devec, u Centru za posjetitelje odr\u017eana je konferencija za medije o jednom od najve\u0107ih ovogodi\u0161njih doga\u0111aja kada je <a href=\"https:\/\/gorica.info\/en\/u-muzeju-turopolja-otvorena-izlozba-popularnih-motocikla-jawa\/\">motosport<\/a> u pitanju u Hrvatskoj. <\/span><\/p>\n<p><span style=\"font-size: 20px\">Suradnju grada<strong> Velike Gorice<\/strong> i <strong>Udruge Motogymkhana Croatia<\/strong> predstavili su gradona\u010delnik <strong>Kre\u0161imir A\u010dkar<\/strong> i predsjednik udruge <strong>\u017deljko Marinovi\u0107<\/strong>.<\/span><\/p>\n<p><img fetchpriority=\"high\" decoding=\"async\" class=\"aligncenter wp-image-90045 size-full\" src=\"https:\/\/gorica.info\/wp-content\/uploads\/2025\/05\/Motogymkhan-press.jpg\" alt=\"\" width=\"1500\" height=\"1000\" srcset=\"https:\/\/gorica.info\/wp-content\/uploads\/2025\/05\/Motogymkhan-press.jpg 1500w, https:\/\/gorica.info\/wp-content\/uploads\/2025\/05\/Motogymkhan-press-300x200.jpg 300w, https:\/\/gorica.info\/wp-content\/uploads\/2025\/05\/Motogymkhan-press-1024x683.jpg 1024w, https:\/\/gorica.info\/wp-content\/uploads\/2025\/05\/Motogymkhan-press-768x512.jpg 768w, https:\/\/gorica.info\/wp-content\/uploads\/2025\/05\/Motogymkhan-press-18x12.jpg 18w, https:\/\/gorica.info\/wp-content\/uploads\/2025\/05\/Motogymkhan-press-750x500.jpg 750w, https:\/\/gorica.info\/wp-content\/uploads\/2025\/05\/Motogymkhan-press-1140x760.jpg 1140w\" sizes=\"(max-width: 1500px) 100vw, 1500px\" \/><\/p>\n<p><span style=\"font-size: 20px\">&#8211; Velika je \u010dast i zadovoljstvo da \u0107e Velika Gorica biti doma\u0107in <strong>11. Europskog prvenstva Motogymkhana Croatia.<\/strong> Uistinu Velika Gorica ponosno njeguje, sport u svim njegovim kategorijama, ali ova disciplina je ne\u0161to \u0161to \u0107e dati dodanu vrijednost ne\u010dega \u0161to nismo imali prilike do sada vidjeti. Sami smo svjedoci kako u Velikoj Gorici postoji veliki interes za ovim sportom. <\/span><\/p>\n<p><span style=\"font-size: 20px\">Mislim da \u0107e ovo biti jedna sjajna promocija Velike Gorice kao turisti\u010dke destinacije i sredi\u0161ta, op\u0107enito turisti\u010dke manifestacije u Velikoj Gorici privla\u010de velik broj posjetitelja, zahvaljuju\u0107i suradnji i sinergiji turisti\u010dkih djelatnika. Mogu re\u0107i dobro do\u0161li u Veliku Goricu, grad sporta, grad otvorenih vrata i srda\u010dnih ljudi, radujemo se \u0161to \u0107emo vas ugostiti \u0161to \u0107emo vas bodriti i zajedno stvarati nezaboravne trenutke<em>,<\/em> istaknuo je gradona\u010delnik A\u010dkar.<\/span><\/p>\n<h3><strong><span style=\"font-size: 20px\">Motogymkhana je najbli\u017ei moto slalomu<\/span><\/strong><\/h3>\n<p><span style=\"font-size: 20px\">O samom <a href=\"https:\/\/www.motogymkhana.hr\/\">natjecanju<\/a>, broju natjecatelja i Motogymkhani kao disciplini, prisutne je upoznao \u017deljko Marinovi\u0107. <\/span><\/p>\n<p><span style=\"font-size: 20px\">&#8211; Motogymkhana je sport koji je najbli\u017ei <strong>moto slalomu<\/strong>, koji se u Hrvatskoj vozi od 60. tih godina. Mi smo 2018. godine Motogymkhanu doveli iz Japana u Hrvatsku i od tada ga njegujemo. Europski lideri Motogymkhane su shvatili da to radimo jako ozbiljno i da smo dobri u tome, trenutno smo najve\u0107a Motogymkhana u Europi. Pro\u0161le godine smo bili na Europskom prvenstvu u \u010ce\u0161koj gdje su oni odlu\u010dili dodijeliti nam doma\u0107instvo ovogodi\u0161njeg Europskog prvenstva.<\/span><\/p>\n<p><img decoding=\"async\" class=\"aligncenter wp-image-90043 size-full\" src=\"https:\/\/gorica.info\/wp-content\/uploads\/2025\/05\/Motogymkhan-natjecanje.jpg\" alt=\"\" width=\"1500\" height=\"1000\" srcset=\"https:\/\/gorica.info\/wp-content\/uploads\/2025\/05\/Motogymkhan-natjecanje.jpg 1500w, https:\/\/gorica.info\/wp-content\/uploads\/2025\/05\/Motogymkhan-natjecanje-300x200.jpg 300w, https:\/\/gorica.info\/wp-content\/uploads\/2025\/05\/Motogymkhan-natjecanje-1024x683.jpg 1024w, https:\/\/gorica.info\/wp-content\/uploads\/2025\/05\/Motogymkhan-natjecanje-768x512.jpg 768w, https:\/\/gorica.info\/wp-content\/uploads\/2025\/05\/Motogymkhan-natjecanje-18x12.jpg 18w, https:\/\/gorica.info\/wp-content\/uploads\/2025\/05\/Motogymkhan-natjecanje-750x500.jpg 750w, https:\/\/gorica.info\/wp-content\/uploads\/2025\/05\/Motogymkhan-natjecanje-1140x760.jpg 1140w\" sizes=\"(max-width: 1500px) 100vw, 1500px\" \/><\/p>\n<p><span style=\"font-size: 20px\">Nakon \u0161to smo otvorili prijave, nakon \u0161to smo objavili lokaciju gdje \u0107e se Europsko prvenstvo odr\u017eati u roku od 24 sata smo imali popunjenih vi\u0161e od \u010detrdeset prijava \u0161to je u nekim zemljama gornji limit natjecatelja. <\/span><\/p>\n<p><span style=\"font-size: 20px\">S obzirom da su nam gradona\u010delnik A\u010dkar, odnosno grad Velika Gorica osigurali prostor na Mi\u010devcu, mo\u017eemo primiti puno vi\u0161e ljudi, tako da smo mi otvorili 99 pozicija i trenutno imamo 77 natjecatelja prijavljenih iz \u010ce\u0161ke, Poljske, Nizozemske, Litve, Latvije, \u0160panjolske, Francuske, Bugarske, Rumunjske, cijeli svijet sti\u017ee u Hrvatsku &#8211; kazao je Marinovi\u0107.\u00a0<\/span><\/p>\n<h3>Motogymkhana tra\u017ei spretnu i brzu vo\u017enju<\/h3>\n<p><span style=\"font-size: 20px\">Motogymkhana je najbli\u017ea natjecanju u <strong>spretnoj i sigurnoj vo\u017enji<\/strong> gdje se na \u0161toperici mjeri vrijeme prolaska kroz poligon koji je zami\u0161ljen i kojeg voza\u010di nisu vidjeli do tog dana.<\/span><\/p>\n<p><img decoding=\"async\" class=\"aligncenter wp-image-90044 size-full\" src=\"https:\/\/gorica.info\/wp-content\/uploads\/2025\/05\/Motogymkhan-natjecanje1.jpg\" alt=\"\" width=\"1500\" height=\"1000\" srcset=\"https:\/\/gorica.info\/wp-content\/uploads\/2025\/05\/Motogymkhan-natjecanje1.jpg 1500w, https:\/\/gorica.info\/wp-content\/uploads\/2025\/05\/Motogymkhan-natjecanje1-300x200.jpg 300w, https:\/\/gorica.info\/wp-content\/uploads\/2025\/05\/Motogymkhan-natjecanje1-1024x683.jpg 1024w, https:\/\/gorica.info\/wp-content\/uploads\/2025\/05\/Motogymkhan-natjecanje1-768x512.jpg 768w, https:\/\/gorica.info\/wp-content\/uploads\/2025\/05\/Motogymkhan-natjecanje1-18x12.jpg 18w, https:\/\/gorica.info\/wp-content\/uploads\/2025\/05\/Motogymkhan-natjecanje1-750x500.jpg 750w, https:\/\/gorica.info\/wp-content\/uploads\/2025\/05\/Motogymkhan-natjecanje1-1140x760.jpg 1140w\" sizes=\"(max-width: 1500px) 100vw, 1500px\" \/><\/p>\n<p><span style=\"font-size: 20px\">Osim vje\u0161tine upravljanja motociklom morate imati i kognitivne sposobnosti zapamtiti poligon u roku od 45 minuta koliko je predvi\u0111eno za to na europskoj razini. Nakon dolaska natjecateljima je najbitnije da osjete podlogu, koliko je gripa na njoj i kako onda dr\u017ei gumu. <\/span><\/p>\n<p><span style=\"font-size: 20px\">U petak su neslu\u017ebeni treninzi, u subotu slu\u017ebeni, ali nitko jo\u0161 uvijek ne\u0107e vidjeti poligon na kojem \u0107e se natjecati. Staza \u0107e biti nacrtana i \u010duvana, 45 minuta prije natjecanja \u0107e se otvoriti koverta i tek onda \u0107e vidjeti stazu. Nakon toga imaju tih 45 minuta kako bi zapamtili sve smjerove poligona. Kroz poligon se prolazi u dva puta, prvi je u jutarnjim satima, drugi u poslijepodnevnim. <\/span><\/p>\n<p><span style=\"font-size: 20px\">Onaj tko ima najbolje vrijeme u prvom odnosno drugom krugu, odnosi pobjedu. Svi motocikli nalaze se u jednoj kategoriji, mi smo zbog popularizacije sporta u Hrvatskoj napravili nekoliko kategorija iz razloga \u0161to su neki motocikli ve\u0107i, te\u017ei, ja\u010di, drugi su opet puno lak\u0161i i okretniji. <\/span><\/p>\n<p><span style=\"font-size: 20px\">Podijelili smo i zbog \u017eenske populacija, napravili smo klasu gdje voze samo \u017eene, \u0161to je urodilo plodom, trenutno u udruzi koja \u010dini 120 \u010dlanova imamo tridesetak voza\u010dica, zaklju\u010dio je Marinovi\u0107.<\/span><\/p>","protected":false},"excerpt":{"rendered":"<p>U Hrvatsku sti\u017eu najbolji voza\u010di Motogymkhane svijeta. U povodu 11. Europskog prvenstva Motogymkhana Croatia, koje se od 11. do 13. srpnja odr\u017eava na Bugatti Rimac poligonu Mi\u010devec, u Centru za posjetitelje odr\u017eana je konferencija za medije o jednom od najve\u0107ih ovogodi\u0161njih doga\u0111aja kada je motosport u pitanju u Hrvatskoj. Suradnju grada Velike Gorice i Udruge [&hellip;]<\/p>\n","protected":false},"author":23,"featured_media":90046,"comment_status":"closed","ping_status":"closed","sticky":false,"template":"","format":"standard","meta":{"limit_modified_date":"1","last_modified_date":"","jnews-multi-image_gallery":[],"jnews_single_post":{"subtitle":"","format":"standard","override":[{"template":"3","parallax":"1","fullscreen":"1","layout":"right-sidebar","sidebar":"default-sidebar","second_sidebar":"default-sidebar","sticky_sidebar":"1","share_position":"top","share_float_style":"share-monocrhome","show_featured":"1","show_post_meta":"1","show_post_author":"1","show_post_author_image":"1","show_post_date":"1","post_date_format":"default","post_date_format_custom":"Y\/m\/d","show_post_category":"1","show_post_reading_time":"1","post_reading_time_wpm":"300","post_calculate_word_method":"str_word_count","zoom_button_out_step":"2","zoom_button_in_step":"3","show_post_tag":"1","show_popup_post":"1","number_popup_post":"1","show_post_related":"1"}],"image_override":[{"single_post_thumbnail_size":"crop-500","single_post_gallery_size":"crop-500"}],"trending_post_position":"meta","trending_post_label":"Trending","sponsored_post_label":"Sponsored by","disable_ad":"0"},"jnews_primary_category":[],"jnews_override_counter":{"view_counter_number":"0","share_counter_number":"0","like_counter_number":"0","dislike_counter_number":"0"},"footnotes":""},"categories":[87],"tags":[2542,6961,326,19142,2207,122,15554],"class_list":["post-90042","post","type-post","status-publish","format-standard","has-post-thumbnail","hentry","category-gorica","tag-europsko-prvenstvo","tag-micevec","tag-motocikli","tag-motogymkhan","tag-natjecanje","tag-velika-gorica","tag-vg-vijesti"],"yoast_head":"<!-- This site is optimized with the Yoast SEO Premium plugin v27.4 (Yoast SEO v27.4) - https:\/\/yoast.com\/product\/yoast-seo-premium-wordpress\/ -->\n<title>Europsko prvenstvo Motogymkhana Croatia odr\u017eat \u0107e se na poligonu Mi\u010devec - Gorica Info<\/title>\n<meta name=\"description\" content=\"Europsko prvenstvo Motogymkhana Croatia 2025. odr\u017eat \u0107e se na poligonu Mi\u010devec sredinom srpnja, najavljeno je na konferenciji za medije.\" \/>\n<meta name=\"robots\" content=\"index, follow, max-snippet:-1, max-image-preview:large, max-video-preview:-1\" \/>\n<link rel=\"canonical\" href=\"https:\/\/gorica.info\/en\/europsko-prvenstvo-motogymkhana-croatia-odrzat-ce-se-na-poligonu-micevec\/\" \/>\n<meta property=\"og:locale\" content=\"en_US\" \/>\n<meta property=\"og:type\" content=\"article\" \/>\n<meta property=\"og:title\" content=\"Europsko prvenstvo Motogymkhana Croatia odr\u017eat \u0107e se na poligonu Mi\u010devec\" \/>\n<meta property=\"og:description\" content=\"Europsko prvenstvo Motogymkhana Croatia 2025. odr\u017eat \u0107e se na poligonu Mi\u010devec sredinom srpnja, najavljeno je na konferenciji za medije.\" \/>\n<meta property=\"og:url\" content=\"https:\/\/gorica.info\/en\/europsko-prvenstvo-motogymkhana-croatia-odrzat-ce-se-na-poligonu-micevec\/\" \/>\n<meta property=\"og:site_name\" content=\"Gorica Info\" \/>\n<meta property=\"article:publisher\" content=\"https:\/\/www.facebook.com\/Goricainfo-106005144489262\" \/>\n<meta property=\"article:published_time\" content=\"2025-05-13T11:06:19+00:00\" \/>\n<meta property=\"article:modified_time\" content=\"2025-05-13T13:11:14+00:00\" \/>\n<meta property=\"og:image\" content=\"https:\/\/gorica.info\/wp-content\/uploads\/2025\/05\/Motogymkhan-press-13052025.jpg\" \/>\n\t<meta property=\"og:image:width\" content=\"1500\" \/>\n\t<meta property=\"og:image:height\" content=\"1125\" \/>\n\t<meta property=\"og:image:type\" content=\"image\/jpeg\" \/>\n<meta name=\"author\" content=\"Gorica. info\" \/>\n<meta name=\"twitter:card\" content=\"summary_large_image\" \/>\n<meta name=\"twitter:creator\" content=\"@GoricaInfo\" \/>\n<meta name=\"twitter:site\" content=\"@GoricaInfo\" \/>\n<meta name=\"twitter:label1\" content=\"Written by\" \/>\n\t<meta name=\"twitter:data1\" content=\"Gorica. info\" \/>\n\t<meta name=\"twitter:label2\" content=\"Est. reading time\" \/>\n\t<meta name=\"twitter:data2\" content=\"5 minutes\" \/>\n<meta name=\"geo.placename\" content=\"Velika Gorica\" \/>\n<meta name=\"geo.region\" content=\"Croatia\" \/>\n<!-- \/ Yoast SEO Premium plugin. -->","yoast_head_json":{"title":"Europsko prvenstvo Motogymkhana Croatia odr\u017eat \u0107e se na poligonu Mi\u010devec - Gorica Info","description":"Europsko prvenstvo Motogymkhana Croatia 2025. odr\u017eat \u0107e se na poligonu Mi\u010devec sredinom srpnja, najavljeno je na konferenciji za medije.","robots":{"index":"index","follow":"follow","max-snippet":"max-snippet:-1","max-image-preview":"max-image-preview:large","max-video-preview":"max-video-preview:-1"},"canonical":"https:\/\/gorica.info\/en\/europsko-prvenstvo-motogymkhana-croatia-odrzat-ce-se-na-poligonu-micevec\/","og_locale":"en_US","og_type":"article","og_title":"Europsko prvenstvo Motogymkhana Croatia odr\u017eat \u0107e se na poligonu Mi\u010devec","og_description":"Europsko prvenstvo Motogymkhana Croatia 2025. odr\u017eat \u0107e se na poligonu Mi\u010devec sredinom srpnja, najavljeno je na konferenciji za medije.","og_url":"https:\/\/gorica.info\/en\/europsko-prvenstvo-motogymkhana-croatia-odrzat-ce-se-na-poligonu-micevec\/","og_site_name":"Gorica Info","article_publisher":"https:\/\/www.facebook.com\/Goricainfo-106005144489262","article_published_time":"2025-05-13T11:06:19+00:00","article_modified_time":"2025-05-13T13:11:14+00:00","og_image":[{"width":1500,"height":1125,"url":"https:\/\/gorica.info\/wp-content\/uploads\/2025\/05\/Motogymkhan-press-13052025.jpg","type":"image\/jpeg"}],"author":"Gorica. info","twitter_card":"summary_large_image","twitter_creator":"@GoricaInfo","twitter_site":"@GoricaInfo","twitter_misc":{"Written by":"Gorica. info","Est. reading time":"5 minutes"},"schema":{"@context":"https:\/\/schema.org","@graph":[{"@type":"NewsArticle","@id":"https:\/\/gorica.info\/europsko-prvenstvo-motogymkhana-croatia-odrzat-ce-se-na-poligonu-micevec\/#article","isPartOf":{"@id":"https:\/\/gorica.info\/europsko-prvenstvo-motogymkhana-croatia-odrzat-ce-se-na-poligonu-micevec\/"},"author":{"name":"Gorica. info","@id":"https:\/\/gorica.info\/#\/schema\/person\/4499af1f22f322670b9b5977ccc2e3de"},"headline":"Europsko prvenstvo Motogymkhana Croatia odr\u017eat \u0107e se na poligonu Mi\u010devec","datePublished":"2025-05-13T11:06:19+00:00","dateModified":"2025-05-13T13:11:14+00:00","mainEntityOfPage":{"@id":"https:\/\/gorica.info\/europsko-prvenstvo-motogymkhana-croatia-odrzat-ce-se-na-poligonu-micevec\/"},"wordCount":650,"publisher":{"@id":"https:\/\/gorica.info\/#organization"},"image":{"@id":"https:\/\/gorica.info\/europsko-prvenstvo-motogymkhana-croatia-odrzat-ce-se-na-poligonu-micevec\/#primaryimage"},"thumbnailUrl":"https:\/\/gorica.info\/wp-content\/uploads\/2025\/05\/Motogymkhan-press-13052025.jpg","keywords":["europsko prvenstvo","mi\u010devec","motocikli","Motogymkhan","natjecanje","Velika Gorica","vg vijesti"],"articleSection":["GORICA"],"inLanguage":"en-US","copyrightYear":"2025","copyrightHolder":{"@id":"https:\/\/gorica.info\/en\/#organization"}},{"@type":"WebPage","@id":"https:\/\/gorica.info\/europsko-prvenstvo-motogymkhana-croatia-odrzat-ce-se-na-poligonu-micevec\/","url":"https:\/\/gorica.info\/europsko-prvenstvo-motogymkhana-croatia-odrzat-ce-se-na-poligonu-micevec\/","name":"Europsko prvenstvo Motogymkhana Croatia odr\u017eat \u0107e se na poligonu Mi\u010devec - Gorica Info","isPartOf":{"@id":"https:\/\/gorica.info\/#website"},"primaryImageOfPage":{"@id":"https:\/\/gorica.info\/europsko-prvenstvo-motogymkhana-croatia-odrzat-ce-se-na-poligonu-micevec\/#primaryimage"},"image":{"@id":"https:\/\/gorica.info\/europsko-prvenstvo-motogymkhana-croatia-odrzat-ce-se-na-poligonu-micevec\/#primaryimage"},"thumbnailUrl":"https:\/\/gorica.info\/wp-content\/uploads\/2025\/05\/Motogymkhan-press-13052025.jpg","datePublished":"2025-05-13T11:06:19+00:00","dateModified":"2025-05-13T13:11:14+00:00","description":"Europsko prvenstvo Motogymkhana Croatia 2025. odr\u017eat \u0107e se na poligonu Mi\u010devec sredinom srpnja, najavljeno je na konferenciji za medije.","breadcrumb":{"@id":"https:\/\/gorica.info\/europsko-prvenstvo-motogymkhana-croatia-odrzat-ce-se-na-poligonu-micevec\/#breadcrumb"},"inLanguage":"en-US","potentialAction":[{"@type":"ReadAction","target":["https:\/\/gorica.info\/europsko-prvenstvo-motogymkhana-croatia-odrzat-ce-se-na-poligonu-micevec\/"]}]},{"@type":"ImageObject","inLanguage":"en-US","@id":"https:\/\/gorica.info\/europsko-prvenstvo-motogymkhana-croatia-odrzat-ce-se-na-poligonu-micevec\/#primaryimage","url":"https:\/\/gorica.info\/wp-content\/uploads\/2025\/05\/Motogymkhan-press-13052025.jpg","contentUrl":"https:\/\/gorica.info\/wp-content\/uploads\/2025\/05\/Motogymkhan-press-13052025.jpg","width":1500,"height":1125,"caption":"Motogymkhana"},{"@type":"BreadcrumbList","@id":"https:\/\/gorica.info\/europsko-prvenstvo-motogymkhana-croatia-odrzat-ce-se-na-poligonu-micevec\/#breadcrumb","itemListElement":[{"@type":"ListItem","position":1,"name":"Po\u010detna stranica","item":"https:\/\/gorica.info\/"},{"@type":"ListItem","position":2,"name":"Europsko prvenstvo Motogymkhana Croatia odr\u017eat \u0107e se na poligonu Mi\u010devec"}]},{"@type":"WebSite","@id":"https:\/\/gorica.info\/#website","url":"https:\/\/gorica.info\/","name":"Gorica Info","description":"Vijesti iz Velike Gorice i okolice.","publisher":{"@id":"https:\/\/gorica.info\/#organization"},"potentialAction":[{"@type":"SearchAction","target":{"@type":"EntryPoint","urlTemplate":"https:\/\/gorica.info\/?s={search_term_string}"},"query-input":{"@type":"PropertyValueSpecification","valueRequired":true,"valueName":"search_term_string"}}],"inLanguage":"en-US"},{"@type":["Organization","Place","NewsMediaOrganization"],"@id":"https:\/\/gorica.info\/#organization","name":"Gorica Info","url":"https:\/\/gorica.info\/","logo":{"@id":"https:\/\/gorica.info\/europsko-prvenstvo-motogymkhana-croatia-odrzat-ce-se-na-poligonu-micevec\/#local-main-organization-logo"},"image":{"@id":"https:\/\/gorica.info\/europsko-prvenstvo-motogymkhana-croatia-odrzat-ce-se-na-poligonu-micevec\/#local-main-organization-logo"},"sameAs":["https:\/\/www.facebook.com\/Goricainfo-106005144489262","https:\/\/x.com\/GoricaInfo","https:\/\/www.instagram.com\/gorica.info\/"],"address":{"@id":"https:\/\/gorica.info\/europsko-prvenstvo-motogymkhana-croatia-odrzat-ce-se-na-poligonu-micevec\/#local-main-place-address"},"telephone":[],"openingHoursSpecification":[{"@type":"OpeningHoursSpecification","dayOfWeek":["Monday","Tuesday","Wednesday","Thursday","Friday","Saturday","Sunday"],"opens":"09:00","closes":"17:00"}],"email":"redakcija@gorica.info"},{"@type":"Person","@id":"https:\/\/gorica.info\/#\/schema\/person\/4499af1f22f322670b9b5977ccc2e3de","name":"Gorica. info","description":"Gorica.info je lokalni portal koji prati Veliku Goricu i okolici, svakodnevno donosi najnovije vijesti i pri\u010de, kulturna doga\u0111anja i aktualnosti koje oblikuju \u017eivot gra\u0111ana.","url":"https:\/\/gorica.info\/en\/author\/gorica-info\/"},{"@type":"PostalAddress","@id":"https:\/\/gorica.info\/europsko-prvenstvo-motogymkhana-croatia-odrzat-ce-se-na-poligonu-micevec\/#local-main-place-address","streetAddress":"Horvatova 97","addressLocality":"Velika Gorica","postalCode":"10410","addressRegion":"Croatia","addressCountry":"HR"},{"@type":"ImageObject","inLanguage":"en-US","@id":"https:\/\/gorica.info\/europsko-prvenstvo-motogymkhana-croatia-odrzat-ce-se-na-poligonu-micevec\/#local-main-organization-logo","url":"https:\/\/gorica.info\/wp-content\/uploads\/2024\/07\/Gorica-Info-Logo-mali.png","contentUrl":"https:\/\/gorica.info\/wp-content\/uploads\/2024\/07\/Gorica-Info-Logo-mali.png","width":450,"height":85,"caption":"Gorica Info"}]},"geo.placename":"Velika Gorica","geo.region":"Croatia"},"_links":{"self":[{"href":"https:\/\/gorica.info\/en\/wp-json\/wp\/v2\/posts\/90042","targetHints":{"allow":["GET"]}}],"collection":[{"href":"https:\/\/gorica.info\/en\/wp-json\/wp\/v2\/posts"}],"about":[{"href":"https:\/\/gorica.info\/en\/wp-json\/wp\/v2\/types\/post"}],"author":[{"embeddable":true,"href":"https:\/\/gorica.info\/en\/wp-json\/wp\/v2\/users\/23"}],"replies":[{"embeddable":true,"href":"https:\/\/gorica.info\/en\/wp-json\/wp\/v2\/comments?post=90042"}],"version-history":[{"count":2,"href":"https:\/\/gorica.info\/en\/wp-json\/wp\/v2\/posts\/90042\/revisions"}],"predecessor-version":[{"id":90048,"href":"https:\/\/gorica.info\/en\/wp-json\/wp\/v2\/posts\/90042\/revisions\/90048"}],"wp:featuredmedia":[{"embeddable":true,"href":"https:\/\/gorica.info\/en\/wp-json\/wp\/v2\/media\/90046"}],"wp:attachment":[{"href":"https:\/\/gorica.info\/en\/wp-json\/wp\/v2\/media?parent=90042"}],"wp:term":[{"taxonomy":"category","embeddable":true,"href":"https:\/\/gorica.info\/en\/wp-json\/wp\/v2\/categories?post=90042"},{"taxonomy":"post_tag","embeddable":true,"href":"https:\/\/gorica.info\/en\/wp-json\/wp\/v2\/tags?post=90042"}],"curies":[{"name":"wp","href":"https:\/\/api.w.org\/{rel}","templated":true}]}}