{"id":90251,"date":"2025-05-16T14:07:23","date_gmt":"2025-05-16T12:07:23","guid":{"rendered":"https:\/\/gorica.info\/?p=90251"},"modified":"2025-05-16T15:25:10","modified_gmt":"2025-05-16T13:25:10","slug":"pocinju-goricke-veceri-otvorenje-uz-koncert-gibonnia","status":"publish","type":"post","link":"https:\/\/gorica.info\/en\/pocinju-goricke-veceri-otvorenje-uz-koncert-gibonnia\/","title":{"rendered":"Po\u010dinju Gori\u010dke ve\u010deri: Ve\u010deras je otvorenje uz koncert Gibonnia"},"content":{"rendered":"<p><span style=\"font-size: 20px\"><strong>Gori\u010dke ve\u010deri<\/strong> ove godine slave <strong>50 godina postojanja<\/strong>. Na poznatoj lokaciji u Parku Franje Tu\u0111mana najdugovje\u010dnija <strong>gori\u010dka kulturna manifestacija<\/strong> pokazat \u0107e jo\u0161 jednom za\u0161to je publika voli.<\/span><\/p>\n<blockquote><p><span style=\"font-size: 20px\">Sve\u010dano otvorenje je ve\u010deras u 20:30 sati uz koncert jednog od najpopularnijih doma\u0107ih izvo\u0111a\u010da \u2013 Gibonnija.<\/span><\/p><\/blockquote>\n<p><span style=\"font-size: 20px\">Jedan od najcjenjenijih doma\u0107ih kantautora, dobitnik brojnih glazbenih nagrada i autor bezvremenskih hitova \u2013 sti\u017ee u Veliku Goricu. Njegove pjesme obilje\u017eile su generacije, a sna\u017ean emotivni izri\u010daj i vrhunska glazbena produkcija u\u010dinili su ga jedinstvenim na hrvatskoj glazbenoj sceni.<\/span><\/p>\n<p><span style=\"font-size: 20px\">Na velikoj pozornici pred gori\u010dkom publikom izvest \u0107e neke od svojih najpoznatijih pjesama poput: Mirakul, Libar, Ovo mi je \u0161kola, \u010cinim pravu stvar, Toleranca, Tempera i mnoge druge.<\/span><\/p>\n<p><span style=\"font-size: 20px\"><a href=\"https:\/\/gorica.info\/en\/zbog-najavljenog-loseg-vremena-otvorenje-gorickih-veceri-i-koncert-gibonnia-bit-ce-u-petak\/\">Gibonni<\/a> je kroz svoju dugogodi\u0161nju karijeru sura\u0111ivao s vrhunskim glazbenicima te neumorno odu\u0161evljava publiku \u0161irom regije. Njegov koncert bit \u0107e vrhunac Gori\u010dkih ve\u010deri, doga\u0111aj koji se ne propu\u0161ta, isti\u010du iz <a href=\"https:\/\/www.pouvg.hr\/kultura\/koncerti-i-izlozbe\/gibonni-goricke-veceri-2025\/\">Pu\u010dkog otvorenog u\u010dili\u0161ta<\/a>.<\/span><\/p>\n<p><span style=\"font-size: 20px\">Uz koncerte, kazali\u0161ne predstave, kino na otvorenom, cirkuske to\u010dke, dje\u010dje programe i festivalske ve\u010deri, posjetitelje Gori\u010dkih vee\u010dri o\u010dekuju i radionice stranih jezika, gastro ponuda lokalnih ugostitelja, kao i niz popratnih sadr\u017eaja za cijelu obitelj.<\/span><\/p>\n<blockquote><p><span style=\"font-size: 20px\">Dio kazali\u0161nog repertoara odr\u017eavat \u0107e se na otvorenom, u ambijentalnom okru\u017eenju Starog grada Lukavca.<\/span><\/p><\/blockquote>","protected":false},"excerpt":{"rendered":"<p>Gori\u010dke ve\u010deri ove godine slave 50 godina postojanja. Na poznatoj lokaciji u Parku Franje Tu\u0111mana najdugovje\u010dnija gori\u010dka kulturna manifestacija pokazat \u0107e jo\u0161 jednom za\u0161to je publika voli. Sve\u010dano otvorenje je ve\u010deras u 20:30 sati uz koncert jednog od najpopularnijih doma\u0107ih izvo\u0111a\u010da \u2013 Gibonnija. Jedan od najcjenjenijih doma\u0107ih kantautora, dobitnik brojnih glazbenih nagrada i autor bezvremenskih [&hellip;]<\/p>\n","protected":false},"author":23,"featured_media":90252,"comment_status":"closed","ping_status":"closed","sticky":false,"template":"","format":"standard","meta":{"limit_modified_date":"1","last_modified_date":"","jnews-multi-image_gallery":[],"jnews_single_post":{"subtitle":"","format":"standard","override":[{"template":"3","parallax":"1","fullscreen":"1","layout":"right-sidebar","sidebar":"default-sidebar","second_sidebar":"default-sidebar","sticky_sidebar":"1","share_position":"top","share_float_style":"share-monocrhome","show_featured":"1","show_post_meta":"1","show_post_author":"1","show_post_author_image":"1","show_post_date":"1","post_date_format":"default","post_date_format_custom":"Y\/m\/d","show_post_category":"1","show_post_reading_time":"1","post_reading_time_wpm":"300","post_calculate_word_method":"str_word_count","zoom_button_out_step":"2","zoom_button_in_step":"3","show_post_tag":"1","show_popup_post":"1","number_popup_post":"1","show_post_related":"1"}],"image_override":[{"single_post_thumbnail_size":"crop-500","single_post_gallery_size":"crop-500"}],"trending_post_position":"meta","trending_post_label":"Trending","sponsored_post_label":"Sponsored by","disable_ad":"0"},"jnews_primary_category":[],"jnews_override_counter":{"view_counter_number":"0","share_counter_number":"0","like_counter_number":"0","dislike_counter_number":"0"},"footnotes":""},"categories":[87],"tags":[18830,293,1308,2393,2660,2142,15554],"class_list":["post-90251","post","type-post","status-publish","format-standard","has-post-thumbnail","hentry","category-gorica","tag-gibonni","tag-goricke-veceri","tag-koncert","tag-otvorenje","tag-park-franje-tudmana","tag-pou-vg","tag-vg-vijesti"],"yoast_head":"<!-- This site is optimized with the Yoast SEO Premium plugin v27.5 (Yoast SEO v27.5) - https:\/\/yoast.com\/product\/yoast-seo-premium-wordpress\/ -->\n<title>Po\u010dinju Gori\u010dke ve\u010deri: Ve\u010deras je otvorenje uz koncert Gibonnia - Gorica Info<\/title>\n<meta name=\"description\" content=\"Po\u010dinju Gori\u010dke ve\u010deri: Otvorenje uz koncert Gibonnia od 20.30 sati u Parku Franje Tu\u0111mana, najavili su iz Pu\u010dkog otvorenog u\u010dili\u0161ta.\" \/>\n<meta name=\"robots\" content=\"index, follow, max-snippet:-1, max-image-preview:large, max-video-preview:-1\" \/>\n<link rel=\"canonical\" href=\"https:\/\/gorica.info\/en\/pocinju-goricke-veceri-otvorenje-uz-koncert-gibonnia\/\" \/>\n<meta property=\"og:locale\" content=\"en_US\" \/>\n<meta property=\"og:type\" content=\"article\" \/>\n<meta property=\"og:title\" content=\"Po\u010dinju Gori\u010dke ve\u010deri: Ve\u010deras je otvorenje uz koncert Gibonnia\" \/>\n<meta property=\"og:description\" content=\"Po\u010dinju Gori\u010dke ve\u010deri: Otvorenje uz koncert Gibonnia od 20.30 sati u Parku Franje Tu\u0111mana, najavili su iz Pu\u010dkog otvorenog u\u010dili\u0161ta.\" \/>\n<meta property=\"og:url\" content=\"https:\/\/gorica.info\/en\/pocinju-goricke-veceri-otvorenje-uz-koncert-gibonnia\/\" \/>\n<meta property=\"og:site_name\" content=\"Gorica Info\" \/>\n<meta property=\"article:publisher\" content=\"https:\/\/www.facebook.com\/Goricainfo-106005144489262\" \/>\n<meta property=\"article:published_time\" content=\"2025-05-16T12:07:23+00:00\" \/>\n<meta property=\"article:modified_time\" content=\"2025-05-16T13:25:10+00:00\" \/>\n<meta property=\"og:image\" content=\"https:\/\/gorica.info\/wp-content\/uploads\/2025\/05\/gibonni-koncert-youtube-1.jpg\" \/>\n\t<meta property=\"og:image:width\" content=\"874\" \/>\n\t<meta property=\"og:image:height\" content=\"570\" \/>\n\t<meta property=\"og:image:type\" content=\"image\/jpeg\" \/>\n<meta name=\"author\" content=\"Gorica. info\" \/>\n<meta name=\"twitter:card\" content=\"summary_large_image\" \/>\n<meta name=\"twitter:creator\" content=\"@GoricaInfo\" \/>\n<meta name=\"twitter:site\" content=\"@GoricaInfo\" \/>\n<meta name=\"twitter:label1\" content=\"Written by\" \/>\n\t<meta name=\"twitter:data1\" content=\"Gorica. info\" \/>\n\t<meta name=\"twitter:label2\" content=\"Est. reading time\" \/>\n\t<meta name=\"twitter:data2\" content=\"2 minutes\" \/>\n<meta name=\"geo.placename\" content=\"Velika Gorica\" \/>\n<meta name=\"geo.region\" content=\"Croatia\" \/>\n<!-- \/ Yoast SEO Premium plugin. -->","yoast_head_json":{"title":"Po\u010dinju Gori\u010dke ve\u010deri: Ve\u010deras je otvorenje uz koncert Gibonnia - Gorica Info","description":"Po\u010dinju Gori\u010dke ve\u010deri: Otvorenje uz koncert Gibonnia od 20.30 sati u Parku Franje Tu\u0111mana, najavili su iz Pu\u010dkog otvorenog u\u010dili\u0161ta.","robots":{"index":"index","follow":"follow","max-snippet":"max-snippet:-1","max-image-preview":"max-image-preview:large","max-video-preview":"max-video-preview:-1"},"canonical":"https:\/\/gorica.info\/en\/pocinju-goricke-veceri-otvorenje-uz-koncert-gibonnia\/","og_locale":"en_US","og_type":"article","og_title":"Po\u010dinju Gori\u010dke ve\u010deri: Ve\u010deras je otvorenje uz koncert Gibonnia","og_description":"Po\u010dinju Gori\u010dke ve\u010deri: Otvorenje uz koncert Gibonnia od 20.30 sati u Parku Franje Tu\u0111mana, najavili su iz Pu\u010dkog otvorenog u\u010dili\u0161ta.","og_url":"https:\/\/gorica.info\/en\/pocinju-goricke-veceri-otvorenje-uz-koncert-gibonnia\/","og_site_name":"Gorica Info","article_publisher":"https:\/\/www.facebook.com\/Goricainfo-106005144489262","article_published_time":"2025-05-16T12:07:23+00:00","article_modified_time":"2025-05-16T13:25:10+00:00","og_image":[{"width":874,"height":570,"url":"https:\/\/gorica.info\/wp-content\/uploads\/2025\/05\/gibonni-koncert-youtube-1.jpg","type":"image\/jpeg"}],"author":"Gorica. info","twitter_card":"summary_large_image","twitter_creator":"@GoricaInfo","twitter_site":"@GoricaInfo","twitter_misc":{"Written by":"Gorica. info","Est. reading time":"2 minutes"},"schema":{"@context":"https:\/\/schema.org","@graph":[{"@type":"NewsArticle","@id":"https:\/\/gorica.info\/pocinju-goricke-veceri-otvorenje-uz-koncert-gibonnia\/#article","isPartOf":{"@id":"https:\/\/gorica.info\/pocinju-goricke-veceri-otvorenje-uz-koncert-gibonnia\/"},"author":{"name":"Gorica. info","@id":"https:\/\/gorica.info\/#\/schema\/person\/4499af1f22f322670b9b5977ccc2e3de"},"headline":"Po\u010dinju Gori\u010dke ve\u010deri: Ve\u010deras je otvorenje uz koncert Gibonnia","datePublished":"2025-05-16T12:07:23+00:00","dateModified":"2025-05-16T13:25:10+00:00","mainEntityOfPage":{"@id":"https:\/\/gorica.info\/pocinju-goricke-veceri-otvorenje-uz-koncert-gibonnia\/"},"wordCount":240,"publisher":{"@id":"https:\/\/gorica.info\/#organization"},"image":{"@id":"https:\/\/gorica.info\/pocinju-goricke-veceri-otvorenje-uz-koncert-gibonnia\/#primaryimage"},"thumbnailUrl":"https:\/\/gorica.info\/wp-content\/uploads\/2025\/05\/gibonni-koncert-youtube-1.jpg","keywords":["gibonni","Gori\u010dke ve\u010deri","koncert","otvorenje","park franje tu\u0111mana","pou vg","vg vijesti"],"articleSection":["GORICA"],"inLanguage":"en-US","copyrightYear":"2025","copyrightHolder":{"@id":"https:\/\/gorica.info\/en\/#organization"}},{"@type":"WebPage","@id":"https:\/\/gorica.info\/pocinju-goricke-veceri-otvorenje-uz-koncert-gibonnia\/","url":"https:\/\/gorica.info\/pocinju-goricke-veceri-otvorenje-uz-koncert-gibonnia\/","name":"Po\u010dinju Gori\u010dke ve\u010deri: Ve\u010deras je otvorenje uz koncert Gibonnia - Gorica Info","isPartOf":{"@id":"https:\/\/gorica.info\/#website"},"primaryImageOfPage":{"@id":"https:\/\/gorica.info\/pocinju-goricke-veceri-otvorenje-uz-koncert-gibonnia\/#primaryimage"},"image":{"@id":"https:\/\/gorica.info\/pocinju-goricke-veceri-otvorenje-uz-koncert-gibonnia\/#primaryimage"},"thumbnailUrl":"https:\/\/gorica.info\/wp-content\/uploads\/2025\/05\/gibonni-koncert-youtube-1.jpg","datePublished":"2025-05-16T12:07:23+00:00","dateModified":"2025-05-16T13:25:10+00:00","description":"Po\u010dinju Gori\u010dke ve\u010deri: Otvorenje uz koncert Gibonnia od 20.30 sati u Parku Franje Tu\u0111mana, najavili su iz Pu\u010dkog otvorenog u\u010dili\u0161ta.","breadcrumb":{"@id":"https:\/\/gorica.info\/pocinju-goricke-veceri-otvorenje-uz-koncert-gibonnia\/#breadcrumb"},"inLanguage":"en-US","potentialAction":[{"@type":"ReadAction","target":["https:\/\/gorica.info\/pocinju-goricke-veceri-otvorenje-uz-koncert-gibonnia\/"]}]},{"@type":"ImageObject","inLanguage":"en-US","@id":"https:\/\/gorica.info\/pocinju-goricke-veceri-otvorenje-uz-koncert-gibonnia\/#primaryimage","url":"https:\/\/gorica.info\/wp-content\/uploads\/2025\/05\/gibonni-koncert-youtube-1.jpg","contentUrl":"https:\/\/gorica.info\/wp-content\/uploads\/2025\/05\/gibonni-koncert-youtube-1.jpg","width":874,"height":570,"caption":"Screenshot Youtube"},{"@type":"BreadcrumbList","@id":"https:\/\/gorica.info\/pocinju-goricke-veceri-otvorenje-uz-koncert-gibonnia\/#breadcrumb","itemListElement":[{"@type":"ListItem","position":1,"name":"Po\u010detna stranica","item":"https:\/\/gorica.info\/"},{"@type":"ListItem","position":2,"name":"Po\u010dinju Gori\u010dke ve\u010deri: Ve\u010deras je otvorenje uz koncert Gibonnia"}]},{"@type":"WebSite","@id":"https:\/\/gorica.info\/#website","url":"https:\/\/gorica.info\/","name":"Gorica Info","description":"Vijesti iz Velike Gorice i okolice.","publisher":{"@id":"https:\/\/gorica.info\/#organization"},"potentialAction":[{"@type":"SearchAction","target":{"@type":"EntryPoint","urlTemplate":"https:\/\/gorica.info\/?s={search_term_string}"},"query-input":{"@type":"PropertyValueSpecification","valueRequired":true,"valueName":"search_term_string"}}],"inLanguage":"en-US"},{"@type":["Organization","Place","NewsMediaOrganization"],"@id":"https:\/\/gorica.info\/#organization","name":"Gorica Info","url":"https:\/\/gorica.info\/","logo":{"@id":"https:\/\/gorica.info\/pocinju-goricke-veceri-otvorenje-uz-koncert-gibonnia\/#local-main-organization-logo"},"image":{"@id":"https:\/\/gorica.info\/pocinju-goricke-veceri-otvorenje-uz-koncert-gibonnia\/#local-main-organization-logo"},"sameAs":["https:\/\/www.facebook.com\/Goricainfo-106005144489262","https:\/\/x.com\/GoricaInfo","https:\/\/www.instagram.com\/gorica.info\/"],"address":{"@id":"https:\/\/gorica.info\/pocinju-goricke-veceri-otvorenje-uz-koncert-gibonnia\/#local-main-place-address"},"telephone":[],"openingHoursSpecification":[{"@type":"OpeningHoursSpecification","dayOfWeek":["Monday","Tuesday","Wednesday","Thursday","Friday","Saturday","Sunday"],"opens":"09:00","closes":"17:00"}],"email":"redakcija@gorica.info"},{"@type":"Person","@id":"https:\/\/gorica.info\/#\/schema\/person\/4499af1f22f322670b9b5977ccc2e3de","name":"Gorica. info","description":"Gorica.info je lokalni portal koji prati Veliku Goricu i okolici, svakodnevno donosi najnovije vijesti i pri\u010de, kulturna doga\u0111anja i aktualnosti koje oblikuju \u017eivot gra\u0111ana.","url":"https:\/\/gorica.info\/en\/author\/gorica-info\/"},{"@type":"PostalAddress","@id":"https:\/\/gorica.info\/pocinju-goricke-veceri-otvorenje-uz-koncert-gibonnia\/#local-main-place-address","streetAddress":"Horvatova 97","addressLocality":"Velika Gorica","postalCode":"10410","addressRegion":"Croatia","addressCountry":"HR"},{"@type":"ImageObject","inLanguage":"en-US","@id":"https:\/\/gorica.info\/pocinju-goricke-veceri-otvorenje-uz-koncert-gibonnia\/#local-main-organization-logo","url":"https:\/\/gorica.info\/wp-content\/uploads\/2024\/07\/Gorica-Info-Logo-mali.png","contentUrl":"https:\/\/gorica.info\/wp-content\/uploads\/2024\/07\/Gorica-Info-Logo-mali.png","width":450,"height":85,"caption":"Gorica Info"}]},"geo.placename":"Velika Gorica","geo.region":"Croatia"},"_links":{"self":[{"href":"https:\/\/gorica.info\/en\/wp-json\/wp\/v2\/posts\/90251","targetHints":{"allow":["GET"]}}],"collection":[{"href":"https:\/\/gorica.info\/en\/wp-json\/wp\/v2\/posts"}],"about":[{"href":"https:\/\/gorica.info\/en\/wp-json\/wp\/v2\/types\/post"}],"author":[{"embeddable":true,"href":"https:\/\/gorica.info\/en\/wp-json\/wp\/v2\/users\/23"}],"replies":[{"embeddable":true,"href":"https:\/\/gorica.info\/en\/wp-json\/wp\/v2\/comments?post=90251"}],"version-history":[{"count":2,"href":"https:\/\/gorica.info\/en\/wp-json\/wp\/v2\/posts\/90251\/revisions"}],"predecessor-version":[{"id":90254,"href":"https:\/\/gorica.info\/en\/wp-json\/wp\/v2\/posts\/90251\/revisions\/90254"}],"wp:featuredmedia":[{"embeddable":true,"href":"https:\/\/gorica.info\/en\/wp-json\/wp\/v2\/media\/90252"}],"wp:attachment":[{"href":"https:\/\/gorica.info\/en\/wp-json\/wp\/v2\/media?parent=90251"}],"wp:term":[{"taxonomy":"category","embeddable":true,"href":"https:\/\/gorica.info\/en\/wp-json\/wp\/v2\/categories?post=90251"},{"taxonomy":"post_tag","embeddable":true,"href":"https:\/\/gorica.info\/en\/wp-json\/wp\/v2\/tags?post=90251"}],"curies":[{"name":"wp","href":"https:\/\/api.w.org\/{rel}","templated":true}]}}