{"id":90331,"date":"2025-05-20T12:52:29","date_gmt":"2025-05-20T10:52:29","guid":{"rendered":"https:\/\/gorica.info\/?p=90331"},"modified":"2025-05-18T17:14:19","modified_gmt":"2025-05-18T15:14:19","slug":"adam-ili-slonovo-uho-ukrasna-biljka-prekrasnih-listova-koja-ponekad-place","status":"publish","type":"post","link":"https:\/\/gorica.info\/en\/adam-ili-slonovo-uho-ukrasna-biljka-prekrasnih-listova-koja-ponekad-place\/","title":{"rendered":"Adam ili slonovo uho: Ukrasna biljka prekrasnih listova koja ponekad pla\u010de"},"content":{"rendered":"<p><span style=\"font-size: 20px\"><strong>Biljka adam<\/strong> poznata je i pod imenom<strong> slonovo uho<\/strong>. Porijeklom je iz tropskih i suptropskih dijelova isto\u010dne i jugoisto\u010dne Azije (Kina, Japan, Indija, Mjanmar), a danas se \u010desto uzgaja kao <strong>ukrasna <a href=\"https:\/\/gorica.info\/en\/znate-li-koja-je-biljka-odlicna-za-spavacu-sobu-i-laka-za-odrzavanje\/\">sobna biljka<\/a><\/strong> i u na\u0161im krajevima.<\/span><\/p>\n<p><span style=\"font-size: 20px\">Karakteriziraju je <strong>veliki, srcoliki listovi<\/strong> koji mogu narasti do 90 cm, a cijela biljka mo\u017ee dose\u0107i visinu i do 2,5 metra u povoljnim uvjetima. Listovi su matirani, valovitog ruba, na dugim i sna\u017enim stapkama, \u0161to biljci daje impozantan izgled.<\/span><\/p>\n<figure id=\"attachment_90334\" aria-describedby=\"caption-attachment-90334\" style=\"width: 1200px\" class=\"wp-caption aligncenter\"><img fetchpriority=\"high\" decoding=\"async\" class=\"wp-image-90334 size-full\" src=\"https:\/\/gorica.info\/wp-content\/uploads\/2025\/05\/adam-cvijet-foto-goricainfo.jpg\" alt=\"adam\" width=\"1200\" height=\"899\" srcset=\"https:\/\/gorica.info\/wp-content\/uploads\/2025\/05\/adam-cvijet-foto-goricainfo.jpg 1200w, https:\/\/gorica.info\/wp-content\/uploads\/2025\/05\/adam-cvijet-foto-goricainfo-300x225.jpg 300w, https:\/\/gorica.info\/wp-content\/uploads\/2025\/05\/adam-cvijet-foto-goricainfo-1024x767.jpg 1024w, https:\/\/gorica.info\/wp-content\/uploads\/2025\/05\/adam-cvijet-foto-goricainfo-768x575.jpg 768w, https:\/\/gorica.info\/wp-content\/uploads\/2025\/05\/adam-cvijet-foto-goricainfo-16x12.jpg 16w, https:\/\/gorica.info\/wp-content\/uploads\/2025\/05\/adam-cvijet-foto-goricainfo-750x562.jpg 750w, https:\/\/gorica.info\/wp-content\/uploads\/2025\/05\/adam-cvijet-foto-goricainfo-1140x854.jpg 1140w\" sizes=\"(max-width: 1200px) 100vw, 1200px\" \/><figcaption id=\"caption-attachment-90334\" class=\"wp-caption-text\">Foto: Gorica.info<\/figcaption><\/figure>\n<p><span style=\"font-size: 20px\"><strong>Adam cvjeta<\/strong> karakteristi\u010dnim cvijetom za porodicu Araceae \u2013 cvijet je gra\u0111en od uspravnog klipa be\u017e boje, a obi\u010dno procvjeta tek nakon pete godine uzgoja. Nakon cvatnje, razvijaju se sjajne crvene bobice kao plodovi.<\/span><\/p>\n<h3><span style=\"font-size: 20px\">Uzgoj u zatvorenom<\/span><\/h3>\n<p><span style=\"font-size: 20px\">Adam se naj\u010de\u0161\u0107e uzgaja kao <strong>sobna biljka<\/strong> jer ne podnosi niske temperature i mraz.<\/span><\/p>\n<p><span style=\"font-size: 20px\">Potrebno mu je puno svjetla, ali ne izravno sunce, koje mo\u017ee o\u0161tetiti listove.<\/span><\/p>\n<p><span style=\"font-size: 20px\">Zahtijeva visoku zra\u010dnu vlagu i stalno vla\u017ean supstrat, ali bez zadr\u017eavanja vode u posudi (dobra drena\u017ea je nu\u017ena).<\/span><\/p>\n<p><span style=\"font-size: 20px\">Idealna temperatura za rast je izme\u0111u 18 i 25\u00b0C; ispod 15\u00b0C biljka ulazi u fazu mirovanja.<\/span><\/p>\n<p><span style=\"font-size: 20px\">Zimi se zalijeva umjerenije, a ljeti \u010de\u0161\u0107e.\u00a0<\/span><span style=\"font-size: 20px\">Prihranjuje se jednom mjese\u010dno teku\u0107im gnojivom tijekom vegetacije (prolje\u0107e-ljeto).<\/span><\/p>\n<h3><span style=\"font-size: 20px\">Uzgoj na otvorenom<\/span><\/h3>\n<p><span style=\"font-size: 20px\">U toplijim krajevima adam se mo\u017ee uzgajati vani tijekom cijele godine, dok se u kontinentalnom dijelu na\u0161e zemlje iznosi na otvoreno samo ljeti, na za\u0161ti\u0107eno mjesto bez izravnog sunca i vjetra.<\/span><\/p>\n<p><img decoding=\"async\" class=\"aligncenter wp-image-90333 size-full\" src=\"https:\/\/gorica.info\/wp-content\/uploads\/2025\/05\/adam-vrt-unsplash.jpg\" alt=\"\" width=\"1500\" height=\"1125\" srcset=\"https:\/\/gorica.info\/wp-content\/uploads\/2025\/05\/adam-vrt-unsplash.jpg 1500w, https:\/\/gorica.info\/wp-content\/uploads\/2025\/05\/adam-vrt-unsplash-300x225.jpg 300w, https:\/\/gorica.info\/wp-content\/uploads\/2025\/05\/adam-vrt-unsplash-1024x768.jpg 1024w, https:\/\/gorica.info\/wp-content\/uploads\/2025\/05\/adam-vrt-unsplash-768x576.jpg 768w, https:\/\/gorica.info\/wp-content\/uploads\/2025\/05\/adam-vrt-unsplash-16x12.jpg 16w, https:\/\/gorica.info\/wp-content\/uploads\/2025\/05\/adam-vrt-unsplash-750x563.jpg 750w, https:\/\/gorica.info\/wp-content\/uploads\/2025\/05\/adam-vrt-unsplash-1140x855.jpg 1140w\" sizes=\"(max-width: 1500px) 100vw, 1500px\" \/><\/p>\n<p><span style=\"font-size: 20px\">Ne podnosi temperature ispod 18\u00b0C, pa se s dolaskom hladnijih dana vra\u0107a u zatvoreni prostor.<\/span><\/p>\n<h3><span style=\"font-size: 20px\">Razmno\u017eavanje<\/span><\/h3>\n<p><span style=\"font-size: 20px\">Adam se naj\u010de\u0161\u0107e razmno\u017eava dijeljenjem rizoma (podzemne stabljike) \u2013 svaki dio mora imati barem jedan pupoljak iz kojeg \u0107e izrasti nova biljka. Mogu\u0107e je i razmno\u017eavanje iz sjemena, ali to je rje\u0111e u ku\u0107nim uvjetima.<\/span><\/p>\n<p><span style=\"font-size: 20px\">Biljka je otrovna, svi dijelovi <strong>sadr\u017ee tvari<\/strong> koje mogu izazvati iritaciju, pa se preporu\u010duje oprez pri rukovanju.<\/span><\/p>\n<p><span style=\"font-size: 20px\">U slu\u010daju da adama previ\u0161e zalijevate, na vrhovima listova \u0107e se pojaviti kapljice vode. To se popularno zove &#8220;pla\u010d adama\u201c, a u stvari se radi o prirodnom procesu kojim se biljka rje\u0161ava vi\u0161ka vode.<\/span><\/p>\n<p><span style=\"font-size: 20px\">Adam je atraktivna, ali zahtjevna <a href=\"https:\/\/hr.wikipedia.org\/wiki\/Adam_(biljna_vrsta)\">sobna biljka<\/a> koja<strong> voli toplinu, vlagu i prostor<\/strong>.\u00a0<\/span><\/p>","protected":false},"excerpt":{"rendered":"<p>Biljka adam poznata je i pod imenom slonovo uho. Porijeklom je iz tropskih i suptropskih dijelova isto\u010dne i jugoisto\u010dne Azije (Kina, Japan, Indija, Mjanmar), a danas se \u010desto uzgaja kao ukrasna sobna biljka i u na\u0161im krajevima. Karakteriziraju je veliki, srcoliki listovi koji mogu narasti do 90 cm, a cijela biljka mo\u017ee dose\u0107i visinu i [&hellip;]<\/p>\n","protected":false},"author":25,"featured_media":90332,"comment_status":"closed","ping_status":"closed","sticky":false,"template":"","format":"standard","meta":{"limit_modified_date":"1","last_modified_date":"","jnews-multi-image_gallery":[],"jnews_single_post":{"format":"standard","override":[{"template":"3","parallax":"1","fullscreen":"1","layout":"right-sidebar","sidebar":"default-sidebar","second_sidebar":"default-sidebar","sticky_sidebar":"1","share_position":"top","share_float_style":"share-monocrhome","show_featured":"1","show_post_meta":"1","show_post_author":"1","show_post_author_image":"1","show_post_date":"1","post_date_format":"default","post_date_format_custom":"Y\/m\/d","show_post_category":"1","show_post_reading_time":"1","post_reading_time_wpm":"300","post_calculate_word_method":"str_word_count","zoom_button_out_step":"2","zoom_button_in_step":"3","show_post_tag":"1","show_popup_post":"1","number_popup_post":"1","show_post_related":"1"}],"image_override":[{"single_post_thumbnail_size":"crop-500","single_post_gallery_size":"crop-500"}],"trending_post_position":"meta","trending_post_label":"Trending","sponsored_post_label":"Sponsored by","disable_ad":"0","subtitle":"Naj\u010de\u0161\u0107e se uzgaja kao sobna biljka jer ne podnosi niske temperature i mraz. Potrebno mu je puno svjetla, ali ne izravno sunce, koje mo\u017ee o\u0161tetiti listove"},"jnews_primary_category":[],"jnews_override_counter":{"view_counter_number":"0","share_counter_number":"0","like_counter_number":"0","dislike_counter_number":"0"},"footnotes":""},"categories":[111],"tags":[19182,19181,19180,504,19183,19178],"class_list":["post-90331","post","type-post","status-publish","format-standard","has-post-thumbnail","hentry","category-dom","tag-adam","tag-ljubitelji-bilja","tag-prekrasni-listovi","tag-savjeti","tag-slonovo-uho","tag-sobna-biljka"],"yoast_head":"<!-- This site is optimized with the Yoast SEO Premium plugin v27.5 (Yoast SEO v27.5) - https:\/\/yoast.com\/product\/yoast-seo-premium-wordpress\/ -->\n<title>Adam ili slonovo uho: Ukrasna biljka prekrasnih listova koja ponekad pla\u010de - Gorica Info<\/title>\n<meta name=\"description\" content=\"Adam ili slonovo uho: Ukrasna biljka prekrasnih listova koja ponekad pla\u010de. U hladnijim krajevima uzgaja se u zatvorenom prostoru.\" \/>\n<meta name=\"robots\" content=\"index, follow, max-snippet:-1, max-image-preview:large, max-video-preview:-1\" \/>\n<link rel=\"canonical\" href=\"https:\/\/gorica.info\/en\/adam-ili-slonovo-uho-ukrasna-biljka-prekrasnih-listova-koja-ponekad-place\/\" \/>\n<meta property=\"og:locale\" content=\"en_US\" \/>\n<meta property=\"og:type\" content=\"article\" \/>\n<meta property=\"og:title\" content=\"Adam ili slonovo uho: Ukrasna biljka prekrasnih listova koja ponekad pla\u010de\" \/>\n<meta property=\"og:description\" content=\"Adam ili slonovo uho: Ukrasna biljka prekrasnih listova koja ponekad pla\u010de. U hladnijim krajevima uzgaja se u zatvorenom prostoru.\" \/>\n<meta property=\"og:url\" content=\"https:\/\/gorica.info\/en\/adam-ili-slonovo-uho-ukrasna-biljka-prekrasnih-listova-koja-ponekad-place\/\" \/>\n<meta property=\"og:site_name\" content=\"Gorica Info\" \/>\n<meta property=\"article:publisher\" content=\"https:\/\/www.facebook.com\/Goricainfo-106005144489262\" \/>\n<meta property=\"article:published_time\" content=\"2025-05-20T10:52:29+00:00\" \/>\n<meta property=\"og:image\" content=\"https:\/\/gorica.info\/wp-content\/uploads\/2025\/05\/adam-slonovo-uho-unsplash-e1747581000484.jpg\" \/>\n\t<meta property=\"og:image:width\" content=\"960\" \/>\n\t<meta property=\"og:image:height\" content=\"650\" \/>\n\t<meta property=\"og:image:type\" content=\"image\/jpeg\" \/>\n<meta name=\"author\" content=\"Marta Horvat\" \/>\n<meta name=\"twitter:card\" content=\"summary_large_image\" \/>\n<meta name=\"twitter:creator\" content=\"@GoricaInfo\" \/>\n<meta name=\"twitter:site\" content=\"@GoricaInfo\" \/>\n<meta name=\"twitter:label1\" content=\"Written by\" \/>\n\t<meta name=\"twitter:data1\" content=\"Marta Horvat\" \/>\n\t<meta name=\"twitter:label2\" content=\"Est. reading time\" \/>\n\t<meta name=\"twitter:data2\" content=\"3 minutes\" \/>\n<meta name=\"geo.placename\" content=\"Velika Gorica\" \/>\n<meta name=\"geo.region\" content=\"Croatia\" \/>\n<!-- \/ Yoast SEO Premium plugin. -->","yoast_head_json":{"title":"Adam ili slonovo uho: Ukrasna biljka prekrasnih listova koja ponekad pla\u010de - Gorica Info","description":"Adam ili slonovo uho: Ukrasna biljka prekrasnih listova koja ponekad pla\u010de. U hladnijim krajevima uzgaja se u zatvorenom prostoru.","robots":{"index":"index","follow":"follow","max-snippet":"max-snippet:-1","max-image-preview":"max-image-preview:large","max-video-preview":"max-video-preview:-1"},"canonical":"https:\/\/gorica.info\/en\/adam-ili-slonovo-uho-ukrasna-biljka-prekrasnih-listova-koja-ponekad-place\/","og_locale":"en_US","og_type":"article","og_title":"Adam ili slonovo uho: Ukrasna biljka prekrasnih listova koja ponekad pla\u010de","og_description":"Adam ili slonovo uho: Ukrasna biljka prekrasnih listova koja ponekad pla\u010de. U hladnijim krajevima uzgaja se u zatvorenom prostoru.","og_url":"https:\/\/gorica.info\/en\/adam-ili-slonovo-uho-ukrasna-biljka-prekrasnih-listova-koja-ponekad-place\/","og_site_name":"Gorica Info","article_publisher":"https:\/\/www.facebook.com\/Goricainfo-106005144489262","article_published_time":"2025-05-20T10:52:29+00:00","og_image":[{"width":960,"height":650,"url":"https:\/\/gorica.info\/wp-content\/uploads\/2025\/05\/adam-slonovo-uho-unsplash-e1747581000484.jpg","type":"image\/jpeg"}],"author":"Marta Horvat","twitter_card":"summary_large_image","twitter_creator":"@GoricaInfo","twitter_site":"@GoricaInfo","twitter_misc":{"Written by":"Marta Horvat","Est. reading time":"3 minutes"},"schema":{"@context":"https:\/\/schema.org","@graph":[{"@type":"NewsArticle","@id":"https:\/\/gorica.info\/adam-ili-slonovo-uho-ukrasna-biljka-prekrasnih-listova-koja-ponekad-place\/#article","isPartOf":{"@id":"https:\/\/gorica.info\/adam-ili-slonovo-uho-ukrasna-biljka-prekrasnih-listova-koja-ponekad-place\/"},"author":{"name":"Marta Horvat","@id":"https:\/\/gorica.info\/#\/schema\/person\/b2df2f6fb2a9073c0fa5af2672befd52"},"headline":"Adam ili slonovo uho: Ukrasna biljka prekrasnih listova koja ponekad pla\u010de","datePublished":"2025-05-20T10:52:29+00:00","mainEntityOfPage":{"@id":"https:\/\/gorica.info\/adam-ili-slonovo-uho-ukrasna-biljka-prekrasnih-listova-koja-ponekad-place\/"},"wordCount":397,"publisher":{"@id":"https:\/\/gorica.info\/#organization"},"image":{"@id":"https:\/\/gorica.info\/adam-ili-slonovo-uho-ukrasna-biljka-prekrasnih-listova-koja-ponekad-place\/#primaryimage"},"thumbnailUrl":"https:\/\/gorica.info\/wp-content\/uploads\/2025\/05\/adam-slonovo-uho-unsplash-e1747581000484.jpg","keywords":["adam","ljubitelji bilja","prekrasni listovi","savjeti","slonovo uho","sobna biljka"],"articleSection":["DOM"],"inLanguage":"en-US","copyrightYear":"2025","copyrightHolder":{"@id":"https:\/\/gorica.info\/en\/#organization"}},{"@type":"WebPage","@id":"https:\/\/gorica.info\/adam-ili-slonovo-uho-ukrasna-biljka-prekrasnih-listova-koja-ponekad-place\/","url":"https:\/\/gorica.info\/adam-ili-slonovo-uho-ukrasna-biljka-prekrasnih-listova-koja-ponekad-place\/","name":"Adam ili slonovo uho: Ukrasna biljka prekrasnih listova koja ponekad pla\u010de - Gorica Info","isPartOf":{"@id":"https:\/\/gorica.info\/#website"},"primaryImageOfPage":{"@id":"https:\/\/gorica.info\/adam-ili-slonovo-uho-ukrasna-biljka-prekrasnih-listova-koja-ponekad-place\/#primaryimage"},"image":{"@id":"https:\/\/gorica.info\/adam-ili-slonovo-uho-ukrasna-biljka-prekrasnih-listova-koja-ponekad-place\/#primaryimage"},"thumbnailUrl":"https:\/\/gorica.info\/wp-content\/uploads\/2025\/05\/adam-slonovo-uho-unsplash-e1747581000484.jpg","datePublished":"2025-05-20T10:52:29+00:00","description":"Adam ili slonovo uho: Ukrasna biljka prekrasnih listova koja ponekad pla\u010de. U hladnijim krajevima uzgaja se u zatvorenom prostoru.","breadcrumb":{"@id":"https:\/\/gorica.info\/adam-ili-slonovo-uho-ukrasna-biljka-prekrasnih-listova-koja-ponekad-place\/#breadcrumb"},"inLanguage":"en-US","potentialAction":[{"@type":"ReadAction","target":["https:\/\/gorica.info\/adam-ili-slonovo-uho-ukrasna-biljka-prekrasnih-listova-koja-ponekad-place\/"]}]},{"@type":"ImageObject","inLanguage":"en-US","@id":"https:\/\/gorica.info\/adam-ili-slonovo-uho-ukrasna-biljka-prekrasnih-listova-koja-ponekad-place\/#primaryimage","url":"https:\/\/gorica.info\/wp-content\/uploads\/2025\/05\/adam-slonovo-uho-unsplash-e1747581000484.jpg","contentUrl":"https:\/\/gorica.info\/wp-content\/uploads\/2025\/05\/adam-slonovo-uho-unsplash-e1747581000484.jpg","width":960,"height":650,"caption":"Foto: Unsplah"},{"@type":"BreadcrumbList","@id":"https:\/\/gorica.info\/adam-ili-slonovo-uho-ukrasna-biljka-prekrasnih-listova-koja-ponekad-place\/#breadcrumb","itemListElement":[{"@type":"ListItem","position":1,"name":"Po\u010detna stranica","item":"https:\/\/gorica.info\/"},{"@type":"ListItem","position":2,"name":"Adam ili slonovo uho: Ukrasna biljka prekrasnih listova koja ponekad pla\u010de"}]},{"@type":"WebSite","@id":"https:\/\/gorica.info\/#website","url":"https:\/\/gorica.info\/","name":"Gorica Info","description":"Vijesti iz Velike Gorice i okolice.","publisher":{"@id":"https:\/\/gorica.info\/#organization"},"potentialAction":[{"@type":"SearchAction","target":{"@type":"EntryPoint","urlTemplate":"https:\/\/gorica.info\/?s={search_term_string}"},"query-input":{"@type":"PropertyValueSpecification","valueRequired":true,"valueName":"search_term_string"}}],"inLanguage":"en-US"},{"@type":["Organization","Place","NewsMediaOrganization"],"@id":"https:\/\/gorica.info\/#organization","name":"Gorica Info","url":"https:\/\/gorica.info\/","logo":{"@id":"https:\/\/gorica.info\/adam-ili-slonovo-uho-ukrasna-biljka-prekrasnih-listova-koja-ponekad-place\/#local-main-organization-logo"},"image":{"@id":"https:\/\/gorica.info\/adam-ili-slonovo-uho-ukrasna-biljka-prekrasnih-listova-koja-ponekad-place\/#local-main-organization-logo"},"sameAs":["https:\/\/www.facebook.com\/Goricainfo-106005144489262","https:\/\/x.com\/GoricaInfo","https:\/\/www.instagram.com\/gorica.info\/"],"address":{"@id":"https:\/\/gorica.info\/adam-ili-slonovo-uho-ukrasna-biljka-prekrasnih-listova-koja-ponekad-place\/#local-main-place-address"},"telephone":[],"openingHoursSpecification":[{"@type":"OpeningHoursSpecification","dayOfWeek":["Monday","Tuesday","Wednesday","Thursday","Friday","Saturday","Sunday"],"opens":"09:00","closes":"17:00"}],"email":"redakcija@gorica.info"},{"@type":"Person","@id":"https:\/\/gorica.info\/#\/schema\/person\/b2df2f6fb2a9073c0fa5af2672befd52","name":"Marta Horvat","description":"Marta Horvat je studentica koja redovito pi\u0161e za portal, prati sva gradska doga\u0111anja i u\u017eiva isprobavati nove recept koje dijeli s na\u0161im \u010ditateljima.","url":"https:\/\/gorica.info\/en\/author\/marta-horvat\/"},{"@type":"PostalAddress","@id":"https:\/\/gorica.info\/adam-ili-slonovo-uho-ukrasna-biljka-prekrasnih-listova-koja-ponekad-place\/#local-main-place-address","streetAddress":"Horvatova 97","addressLocality":"Velika Gorica","postalCode":"10410","addressRegion":"Croatia","addressCountry":"HR"},{"@type":"ImageObject","inLanguage":"en-US","@id":"https:\/\/gorica.info\/adam-ili-slonovo-uho-ukrasna-biljka-prekrasnih-listova-koja-ponekad-place\/#local-main-organization-logo","url":"https:\/\/gorica.info\/wp-content\/uploads\/2024\/07\/Gorica-Info-Logo-mali.png","contentUrl":"https:\/\/gorica.info\/wp-content\/uploads\/2024\/07\/Gorica-Info-Logo-mali.png","width":450,"height":85,"caption":"Gorica Info"}]},"geo.placename":"Velika Gorica","geo.region":"Croatia"},"_links":{"self":[{"href":"https:\/\/gorica.info\/en\/wp-json\/wp\/v2\/posts\/90331","targetHints":{"allow":["GET"]}}],"collection":[{"href":"https:\/\/gorica.info\/en\/wp-json\/wp\/v2\/posts"}],"about":[{"href":"https:\/\/gorica.info\/en\/wp-json\/wp\/v2\/types\/post"}],"author":[{"embeddable":true,"href":"https:\/\/gorica.info\/en\/wp-json\/wp\/v2\/users\/25"}],"replies":[{"embeddable":true,"href":"https:\/\/gorica.info\/en\/wp-json\/wp\/v2\/comments?post=90331"}],"version-history":[{"count":3,"href":"https:\/\/gorica.info\/en\/wp-json\/wp\/v2\/posts\/90331\/revisions"}],"predecessor-version":[{"id":90338,"href":"https:\/\/gorica.info\/en\/wp-json\/wp\/v2\/posts\/90331\/revisions\/90338"}],"wp:featuredmedia":[{"embeddable":true,"href":"https:\/\/gorica.info\/en\/wp-json\/wp\/v2\/media\/90332"}],"wp:attachment":[{"href":"https:\/\/gorica.info\/en\/wp-json\/wp\/v2\/media?parent=90331"}],"wp:term":[{"taxonomy":"category","embeddable":true,"href":"https:\/\/gorica.info\/en\/wp-json\/wp\/v2\/categories?post=90331"},{"taxonomy":"post_tag","embeddable":true,"href":"https:\/\/gorica.info\/en\/wp-json\/wp\/v2\/tags?post=90331"}],"curies":[{"name":"wp","href":"https:\/\/api.w.org\/{rel}","templated":true}]}}