{"id":90565,"date":"2025-05-22T19:25:54","date_gmt":"2025-05-22T17:25:54","guid":{"rendered":"https:\/\/gorica.info\/?p=90565"},"modified":"2025-05-22T19:54:40","modified_gmt":"2025-05-22T17:54:40","slug":"plenkovic-u-velikoj-gorici-dao-podrsku-stjepanu-kozicu-i-hdz-ovim-kandidatima","status":"publish","type":"post","link":"https:\/\/gorica.info\/en\/plenkovic-u-velikoj-gorici-dao-podrsku-stjepanu-kozicu-i-hdz-ovim-kandidatima\/","title":{"rendered":"Plenkovi\u0107 u Velikoj Gorici: Dao podr\u0161ku Stjepanu Ko\u017ei\u0107u i HDZ-ovim kandidatima"},"content":{"rendered":"<p><span style=\"font-size: 20px\"><strong>Predsjednik Vlade Republike Hrvatske<\/strong> i predsjednik Hrvatske demokratske zajednice <strong>Andrej Plenkovi\u0107<\/strong> boravio je danas u <strong>Velikoj Gorici<\/strong> gdje je dao podr\u0161ku aktualnom \u017eupanu Zagreba\u010dke \u017eupanije i kandidatu za jo\u0161 jedan mandat<strong> Stjepanu Ko\u017ei\u0107u<\/strong>, te kandidatima za zamjenike \u017eupana <strong>Ervinu Kolarcu<\/strong> i <strong>Damiru Tomljenovi\u0107u<\/strong>.<\/span><\/p>\n<p><img fetchpriority=\"high\" decoding=\"async\" class=\"aligncenter wp-image-90566 size-full\" src=\"https:\/\/gorica.info\/wp-content\/uploads\/2025\/05\/Velika-Gorica-1.jpg\" alt=\"\" width=\"1500\" height=\"1000\" \/><\/p>\n<p><span style=\"font-size: 20px\">Tijekom posjeta, predsjednik Vlade Andrej Plenkovi\u0107 pro\u0161etao je gradom i susreo se s gra\u0111anima, pritom istaknuv\u0161i va\u017enost nastavka projekata koji osiguravaju kvalitetniji \u017eivot u svim dijelovima Zagreba\u010dke \u017eupanije.<\/span><\/p>\n<p><img decoding=\"async\" class=\"aligncenter wp-image-90569 size-full\" src=\"https:\/\/gorica.info\/wp-content\/uploads\/2025\/05\/Velika-Gorica-4.jpg\" alt=\"\" width=\"1321\" height=\"875\" srcset=\"https:\/\/gorica.info\/wp-content\/uploads\/2025\/05\/Velika-Gorica-4.jpg 1321w, https:\/\/gorica.info\/wp-content\/uploads\/2025\/05\/Velika-Gorica-4-300x199.jpg 300w, https:\/\/gorica.info\/wp-content\/uploads\/2025\/05\/Velika-Gorica-4-1024x678.jpg 1024w, https:\/\/gorica.info\/wp-content\/uploads\/2025\/05\/Velika-Gorica-4-768x509.jpg 768w, https:\/\/gorica.info\/wp-content\/uploads\/2025\/05\/Velika-Gorica-4-18x12.jpg 18w, https:\/\/gorica.info\/wp-content\/uploads\/2025\/05\/Velika-Gorica-4-750x497.jpg 750w, https:\/\/gorica.info\/wp-content\/uploads\/2025\/05\/Velika-Gorica-4-1140x755.jpg 1140w\" sizes=\"(max-width: 1321px) 100vw, 1321px\" \/><\/p>\n<p><span style=\"font-size: 20px\">&#8211; Danas smo potvrdili na\u0161u sna\u017enu podr\u0161ku \u017eupanu Stjepanu Ko\u017ei\u0107u, na\u0161em dugogodi\u0161njem \u017eupanu, kao i njegovim zamjenicima Ervinu Kolarecu i Damiru Tomljenovi\u0107u. Rezultati i napredak Zagreba\u010dke \u017eupanije su jasno vidljivi \u2013 rije\u010d je o \u017eupaniji koja je, odmah nakon Grada Zagreba, najrazvijenija u Hrvatskoj. <\/span><\/p>\n<p><span style=\"font-size: 20px\">To je rezultat kontinuiranih ulaganja u obrazovanje, zdravstvenu skrb, promet, poduzetni\u0161tvo i druge klju\u010dne segmente razvoja. Posebno pozdravljam uspostavu Centra kompetentnosti \u2013 primjer ulaganja u mlade, znanje i konkurentnost. Vjerujem da \u0107e se izvrsna suradnja izme\u0111u<a href=\"https:\/\/www.zagrebacka-zupanija.hr\/\"> Zagreba\u010dke \u017eupanije<\/a> i Vlade RH nastaviti i dalje, u interesu svih njezinih gra\u0111ana &#8211; poru\u010dio je Andrej Plenkovi\u0107.<\/span><\/p>\n<p><span style=\"font-size: 20px\">\u017dupan <strong>Stjepan Ko\u017ei\u0107<\/strong> zahvalio je predsjedniku Vlade RH na dolasku i podr\u0161ci, naglasiv\u0161i va\u017enost zajedni\u010dkog djelovanja svih razina vlasti.<\/span><\/p>\n<p><img decoding=\"async\" class=\"aligncenter wp-image-90567 size-full\" src=\"https:\/\/gorica.info\/wp-content\/uploads\/2025\/05\/Velika-Gorica-2.jpg\" alt=\"plenkovi\u0107\" width=\"1600\" height=\"1081\" srcset=\"https:\/\/gorica.info\/wp-content\/uploads\/2025\/05\/Velika-Gorica-2.jpg 1600w, https:\/\/gorica.info\/wp-content\/uploads\/2025\/05\/Velika-Gorica-2-300x203.jpg 300w, https:\/\/gorica.info\/wp-content\/uploads\/2025\/05\/Velika-Gorica-2-1024x692.jpg 1024w, https:\/\/gorica.info\/wp-content\/uploads\/2025\/05\/Velika-Gorica-2-768x519.jpg 768w, https:\/\/gorica.info\/wp-content\/uploads\/2025\/05\/Velika-Gorica-2-1536x1038.jpg 1536w, https:\/\/gorica.info\/wp-content\/uploads\/2025\/05\/Velika-Gorica-2-18x12.jpg 18w, https:\/\/gorica.info\/wp-content\/uploads\/2025\/05\/Velika-Gorica-2-750x507.jpg 750w, https:\/\/gorica.info\/wp-content\/uploads\/2025\/05\/Velika-Gorica-2-1140x770.jpg 1140w\" sizes=\"(max-width: 1600px) 100vw, 1600px\" \/><\/p>\n<p><span style=\"font-size: 20px\">&#8211; U <a href=\"https:\/\/gorica.info\/en\/izbori-za-zupana-u-drugi-krug-idu-kozic-i-zmajlovic\/\">prvom krugu<\/a> podr\u017ealo me najvi\u0161e bira\u010da, gotovo 47 tisu\u0107a \u2013 vi\u0161e nego ijednog drugog kandidata. To je jasna potvrda da gra\u0111ani prepoznaju iskustvo i konkretne rezultate. Zagreba\u010dka \u017eupanija danas je najrazvijenija u Hrvatskoj i najbr\u017ee rastu\u0107a gospodarska regija. Ve\u0107 sada obnavljamo i gradimo niz \u0161kolskih objekata, a cilj nam je postati prva \u017eupanija u Hrvatskoj koja \u0107e osigurati jednosmjensku nastavu u svim \u0161kolama.<\/span><\/p>\n<p><img loading=\"lazy\" decoding=\"async\" class=\"aligncenter wp-image-90568 size-full\" src=\"https:\/\/gorica.info\/wp-content\/uploads\/2025\/05\/Velika-Gorica-3.jpg\" alt=\"\" width=\"1500\" height=\"983\" srcset=\"https:\/\/gorica.info\/wp-content\/uploads\/2025\/05\/Velika-Gorica-3.jpg 1500w, https:\/\/gorica.info\/wp-content\/uploads\/2025\/05\/Velika-Gorica-3-300x197.jpg 300w, https:\/\/gorica.info\/wp-content\/uploads\/2025\/05\/Velika-Gorica-3-1024x671.jpg 1024w, https:\/\/gorica.info\/wp-content\/uploads\/2025\/05\/Velika-Gorica-3-768x503.jpg 768w, https:\/\/gorica.info\/wp-content\/uploads\/2025\/05\/Velika-Gorica-3-18x12.jpg 18w, https:\/\/gorica.info\/wp-content\/uploads\/2025\/05\/Velika-Gorica-3-750x492.jpg 750w, https:\/\/gorica.info\/wp-content\/uploads\/2025\/05\/Velika-Gorica-3-1140x747.jpg 1140w\" sizes=\"(max-width: 1500px) 100vw, 1500px\" \/><\/p>\n<p><span style=\"font-size: 20px\">Uz daljnja sna\u017ena ulaganja u zdravstvo, prometnu infrastrukturu i strate\u0161ke projekte poput Regionalnog vodoopskrbnog sustava, nastavljamo razvijati \u017eupaniju u kojoj se kvalitetno \u017eivi i radi \u2013 uz podr\u0161ku Vlade i predsjednik Vlade Andreja Plenkovi\u0107a &#8211; istaknuo je \u017eupan Stjepan Ko\u017ei\u0107.<\/span><\/p>","protected":false},"excerpt":{"rendered":"<p>Predsjednik Vlade Republike Hrvatske i predsjednik Hrvatske demokratske zajednice Andrej Plenkovi\u0107 boravio je danas u Velikoj Gorici gdje je dao podr\u0161ku aktualnom \u017eupanu Zagreba\u010dke \u017eupanije i kandidatu za jo\u0161 jedan mandat Stjepanu Ko\u017ei\u0107u, te kandidatima za zamjenike \u017eupana Ervinu Kolarcu i Damiru Tomljenovi\u0107u. Tijekom posjeta, predsjednik Vlade Andrej Plenkovi\u0107 pro\u0161etao je gradom i susreo se [&hellip;]<\/p>\n","protected":false},"author":23,"featured_media":90566,"comment_status":"closed","ping_status":"closed","sticky":false,"template":"","format":"standard","meta":{"limit_modified_date":"1","last_modified_date":"","jnews-multi-image_gallery":[],"jnews_single_post":{"subtitle":"","format":"standard","override":[{"template":"3","parallax":"1","fullscreen":"1","layout":"right-sidebar","sidebar":"default-sidebar","second_sidebar":"default-sidebar","sticky_sidebar":"1","share_position":"top","share_float_style":"share-monocrhome","show_featured":"1","show_post_meta":"1","show_post_author":"1","show_post_author_image":"1","show_post_date":"1","post_date_format":"default","post_date_format_custom":"Y\/m\/d","show_post_category":"1","show_post_reading_time":"1","post_reading_time_wpm":"300","post_calculate_word_method":"str_word_count","zoom_button_out_step":"2","zoom_button_in_step":"3","show_post_tag":"1","show_popup_post":"1","number_popup_post":"1","show_post_related":"1"}],"image_override":[{"single_post_thumbnail_size":"crop-500","single_post_gallery_size":"crop-500"}],"trending_post_position":"meta","trending_post_label":"Trending","sponsored_post_label":"Sponsored by","disable_ad":"0"},"jnews_primary_category":[],"jnews_override_counter":{"view_counter_number":"0","share_counter_number":"0","like_counter_number":"0","dislike_counter_number":"0"},"footnotes":""},"categories":[89],"tags":[300,19232,789,330,122,15554,149],"class_list":["post-90565","post","type-post","status-publish","format-standard","has-post-thumbnail","hentry","category-politicka-arena","tag-andrej-plenkovic","tag-drugi-krug-izbra","tag-kampanja","tag-stjepan-kozic","tag-velika-gorica","tag-vg-vijesti","tag-zagrebacka-zupanija"],"yoast_head":"<!-- This site is optimized with the Yoast SEO Premium plugin v27.4 (Yoast SEO v27.4) - https:\/\/yoast.com\/product\/yoast-seo-premium-wordpress\/ -->\n<title>Plenkovi\u0107 u Velikoj Gorici: Dao podr\u0161ku Stjepanu Ko\u017ei\u0107u i HDZ-ovim kandidatima - Gorica Info<\/title>\n<meta name=\"description\" content=\"Andrej Plenkovi\u0107 u Velikoj Gorici: Dao podr\u0161ku Stjepanu Ko\u017ei\u0107u i njegovom timu za nastavak projekata u Zagreba\u010dkoj \u017eupaniji.\" \/>\n<meta name=\"robots\" content=\"index, follow, max-snippet:-1, max-image-preview:large, max-video-preview:-1\" \/>\n<link rel=\"canonical\" href=\"https:\/\/gorica.info\/en\/plenkovic-u-velikoj-gorici-dao-podrsku-stjepanu-kozicu-i-hdz-ovim-kandidatima\/\" \/>\n<meta property=\"og:locale\" content=\"en_US\" \/>\n<meta property=\"og:type\" content=\"article\" \/>\n<meta property=\"og:title\" content=\"Plenkovi\u0107 u Velikoj Gorici: Dao podr\u0161ku Stjepanu Ko\u017ei\u0107u i HDZ-ovim kandidatima\" \/>\n<meta property=\"og:description\" content=\"Andrej Plenkovi\u0107 u Velikoj Gorici: Dao podr\u0161ku Stjepanu Ko\u017ei\u0107u i njegovom timu za nastavak projekata u Zagreba\u010dkoj \u017eupaniji.\" \/>\n<meta property=\"og:url\" content=\"https:\/\/gorica.info\/en\/plenkovic-u-velikoj-gorici-dao-podrsku-stjepanu-kozicu-i-hdz-ovim-kandidatima\/\" \/>\n<meta property=\"og:site_name\" content=\"Gorica Info\" \/>\n<meta property=\"article:publisher\" content=\"https:\/\/www.facebook.com\/Goricainfo-106005144489262\" \/>\n<meta property=\"article:published_time\" content=\"2025-05-22T17:25:54+00:00\" \/>\n<meta property=\"article:modified_time\" content=\"2025-05-22T17:54:40+00:00\" \/>\n<meta property=\"og:image\" content=\"https:\/\/gorica.info\/wp-content\/uploads\/2025\/05\/Velika-Gorica-1-e1747936500533.jpg\" \/>\n\t<meta property=\"og:image:width\" content=\"1500\" \/>\n\t<meta property=\"og:image:height\" content=\"890\" \/>\n\t<meta property=\"og:image:type\" content=\"image\/jpeg\" \/>\n<meta name=\"author\" content=\"Gorica. info\" \/>\n<meta name=\"twitter:card\" content=\"summary_large_image\" \/>\n<meta name=\"twitter:creator\" content=\"@GoricaInfo\" \/>\n<meta name=\"twitter:site\" content=\"@GoricaInfo\" \/>\n<meta name=\"twitter:label1\" content=\"Written by\" \/>\n\t<meta name=\"twitter:data1\" content=\"Gorica. info\" \/>\n\t<meta name=\"twitter:label2\" content=\"Est. reading time\" \/>\n\t<meta name=\"twitter:data2\" content=\"3 minutes\" \/>\n<meta name=\"geo.placename\" content=\"Velika Gorica\" \/>\n<meta name=\"geo.region\" content=\"Croatia\" \/>\n<!-- \/ Yoast SEO Premium plugin. -->","yoast_head_json":{"title":"Plenkovi\u0107 u Velikoj Gorici: Dao podr\u0161ku Stjepanu Ko\u017ei\u0107u i HDZ-ovim kandidatima - Gorica Info","description":"Andrej Plenkovi\u0107 u Velikoj Gorici: Dao podr\u0161ku Stjepanu Ko\u017ei\u0107u i njegovom timu za nastavak projekata u Zagreba\u010dkoj \u017eupaniji.","robots":{"index":"index","follow":"follow","max-snippet":"max-snippet:-1","max-image-preview":"max-image-preview:large","max-video-preview":"max-video-preview:-1"},"canonical":"https:\/\/gorica.info\/en\/plenkovic-u-velikoj-gorici-dao-podrsku-stjepanu-kozicu-i-hdz-ovim-kandidatima\/","og_locale":"en_US","og_type":"article","og_title":"Plenkovi\u0107 u Velikoj Gorici: Dao podr\u0161ku Stjepanu Ko\u017ei\u0107u i HDZ-ovim kandidatima","og_description":"Andrej Plenkovi\u0107 u Velikoj Gorici: Dao podr\u0161ku Stjepanu Ko\u017ei\u0107u i njegovom timu za nastavak projekata u Zagreba\u010dkoj \u017eupaniji.","og_url":"https:\/\/gorica.info\/en\/plenkovic-u-velikoj-gorici-dao-podrsku-stjepanu-kozicu-i-hdz-ovim-kandidatima\/","og_site_name":"Gorica Info","article_publisher":"https:\/\/www.facebook.com\/Goricainfo-106005144489262","article_published_time":"2025-05-22T17:25:54+00:00","article_modified_time":"2025-05-22T17:54:40+00:00","og_image":[{"width":1500,"height":890,"url":"https:\/\/gorica.info\/wp-content\/uploads\/2025\/05\/Velika-Gorica-1-e1747936500533.jpg","type":"image\/jpeg"}],"author":"Gorica. info","twitter_card":"summary_large_image","twitter_creator":"@GoricaInfo","twitter_site":"@GoricaInfo","twitter_misc":{"Written by":"Gorica. info","Est. reading time":"3 minutes"},"schema":{"@context":"https:\/\/schema.org","@graph":[{"@type":"NewsArticle","@id":"https:\/\/gorica.info\/plenkovic-u-velikoj-gorici-dao-podrsku-stjepanu-kozicu-i-hdz-ovim-kandidatima\/#article","isPartOf":{"@id":"https:\/\/gorica.info\/plenkovic-u-velikoj-gorici-dao-podrsku-stjepanu-kozicu-i-hdz-ovim-kandidatima\/"},"author":{"name":"Gorica. info","@id":"https:\/\/gorica.info\/#\/schema\/person\/4499af1f22f322670b9b5977ccc2e3de"},"headline":"Plenkovi\u0107 u Velikoj Gorici: Dao podr\u0161ku Stjepanu Ko\u017ei\u0107u i HDZ-ovim kandidatima","datePublished":"2025-05-22T17:25:54+00:00","dateModified":"2025-05-22T17:54:40+00:00","mainEntityOfPage":{"@id":"https:\/\/gorica.info\/plenkovic-u-velikoj-gorici-dao-podrsku-stjepanu-kozicu-i-hdz-ovim-kandidatima\/"},"wordCount":346,"publisher":{"@id":"https:\/\/gorica.info\/#organization"},"image":{"@id":"https:\/\/gorica.info\/plenkovic-u-velikoj-gorici-dao-podrsku-stjepanu-kozicu-i-hdz-ovim-kandidatima\/#primaryimage"},"thumbnailUrl":"https:\/\/gorica.info\/wp-content\/uploads\/2025\/05\/Velika-Gorica-1-e1747936500533.jpg","keywords":["Andrej Plenkovi\u0107","drugi krug izbra","kampanja","Stjepan Ko\u017ei\u0107","Velika Gorica","vg vijesti","Zagreba\u010dka \u017eupanija"],"articleSection":["POLITI\u010cKA ARENA"],"inLanguage":"en-US","copyrightYear":"2025","copyrightHolder":{"@id":"https:\/\/gorica.info\/en\/#organization"}},{"@type":"WebPage","@id":"https:\/\/gorica.info\/plenkovic-u-velikoj-gorici-dao-podrsku-stjepanu-kozicu-i-hdz-ovim-kandidatima\/","url":"https:\/\/gorica.info\/plenkovic-u-velikoj-gorici-dao-podrsku-stjepanu-kozicu-i-hdz-ovim-kandidatima\/","name":"Plenkovi\u0107 u Velikoj Gorici: Dao podr\u0161ku Stjepanu Ko\u017ei\u0107u i HDZ-ovim kandidatima - Gorica Info","isPartOf":{"@id":"https:\/\/gorica.info\/#website"},"primaryImageOfPage":{"@id":"https:\/\/gorica.info\/plenkovic-u-velikoj-gorici-dao-podrsku-stjepanu-kozicu-i-hdz-ovim-kandidatima\/#primaryimage"},"image":{"@id":"https:\/\/gorica.info\/plenkovic-u-velikoj-gorici-dao-podrsku-stjepanu-kozicu-i-hdz-ovim-kandidatima\/#primaryimage"},"thumbnailUrl":"https:\/\/gorica.info\/wp-content\/uploads\/2025\/05\/Velika-Gorica-1-e1747936500533.jpg","datePublished":"2025-05-22T17:25:54+00:00","dateModified":"2025-05-22T17:54:40+00:00","description":"Andrej Plenkovi\u0107 u Velikoj Gorici: Dao podr\u0161ku Stjepanu Ko\u017ei\u0107u i njegovom timu za nastavak projekata u Zagreba\u010dkoj \u017eupaniji.","breadcrumb":{"@id":"https:\/\/gorica.info\/plenkovic-u-velikoj-gorici-dao-podrsku-stjepanu-kozicu-i-hdz-ovim-kandidatima\/#breadcrumb"},"inLanguage":"en-US","potentialAction":[{"@type":"ReadAction","target":["https:\/\/gorica.info\/plenkovic-u-velikoj-gorici-dao-podrsku-stjepanu-kozicu-i-hdz-ovim-kandidatima\/"]}]},{"@type":"ImageObject","inLanguage":"en-US","@id":"https:\/\/gorica.info\/plenkovic-u-velikoj-gorici-dao-podrsku-stjepanu-kozicu-i-hdz-ovim-kandidatima\/#primaryimage","url":"https:\/\/gorica.info\/wp-content\/uploads\/2025\/05\/Velika-Gorica-1-e1747936500533.jpg","contentUrl":"https:\/\/gorica.info\/wp-content\/uploads\/2025\/05\/Velika-Gorica-1-e1747936500533.jpg","width":1500,"height":890,"caption":"plenkovi\u0107"},{"@type":"BreadcrumbList","@id":"https:\/\/gorica.info\/plenkovic-u-velikoj-gorici-dao-podrsku-stjepanu-kozicu-i-hdz-ovim-kandidatima\/#breadcrumb","itemListElement":[{"@type":"ListItem","position":1,"name":"Po\u010detna stranica","item":"https:\/\/gorica.info\/"},{"@type":"ListItem","position":2,"name":"Plenkovi\u0107 u Velikoj Gorici: Dao podr\u0161ku Stjepanu Ko\u017ei\u0107u i HDZ-ovim kandidatima"}]},{"@type":"WebSite","@id":"https:\/\/gorica.info\/#website","url":"https:\/\/gorica.info\/","name":"Gorica Info","description":"Vijesti iz Velike Gorice i okolice.","publisher":{"@id":"https:\/\/gorica.info\/#organization"},"potentialAction":[{"@type":"SearchAction","target":{"@type":"EntryPoint","urlTemplate":"https:\/\/gorica.info\/?s={search_term_string}"},"query-input":{"@type":"PropertyValueSpecification","valueRequired":true,"valueName":"search_term_string"}}],"inLanguage":"en-US"},{"@type":["Organization","Place","NewsMediaOrganization"],"@id":"https:\/\/gorica.info\/#organization","name":"Gorica Info","url":"https:\/\/gorica.info\/","logo":{"@id":"https:\/\/gorica.info\/plenkovic-u-velikoj-gorici-dao-podrsku-stjepanu-kozicu-i-hdz-ovim-kandidatima\/#local-main-organization-logo"},"image":{"@id":"https:\/\/gorica.info\/plenkovic-u-velikoj-gorici-dao-podrsku-stjepanu-kozicu-i-hdz-ovim-kandidatima\/#local-main-organization-logo"},"sameAs":["https:\/\/www.facebook.com\/Goricainfo-106005144489262","https:\/\/x.com\/GoricaInfo","https:\/\/www.instagram.com\/gorica.info\/"],"address":{"@id":"https:\/\/gorica.info\/plenkovic-u-velikoj-gorici-dao-podrsku-stjepanu-kozicu-i-hdz-ovim-kandidatima\/#local-main-place-address"},"telephone":[],"openingHoursSpecification":[{"@type":"OpeningHoursSpecification","dayOfWeek":["Monday","Tuesday","Wednesday","Thursday","Friday","Saturday","Sunday"],"opens":"09:00","closes":"17:00"}],"email":"redakcija@gorica.info"},{"@type":"Person","@id":"https:\/\/gorica.info\/#\/schema\/person\/4499af1f22f322670b9b5977ccc2e3de","name":"Gorica. info","description":"Gorica.info je lokalni portal koji prati Veliku Goricu i okolici, svakodnevno donosi najnovije vijesti i pri\u010de, kulturna doga\u0111anja i aktualnosti koje oblikuju \u017eivot gra\u0111ana.","url":"https:\/\/gorica.info\/en\/author\/gorica-info\/"},{"@type":"PostalAddress","@id":"https:\/\/gorica.info\/plenkovic-u-velikoj-gorici-dao-podrsku-stjepanu-kozicu-i-hdz-ovim-kandidatima\/#local-main-place-address","streetAddress":"Horvatova 97","addressLocality":"Velika Gorica","postalCode":"10410","addressRegion":"Croatia","addressCountry":"HR"},{"@type":"ImageObject","inLanguage":"en-US","@id":"https:\/\/gorica.info\/plenkovic-u-velikoj-gorici-dao-podrsku-stjepanu-kozicu-i-hdz-ovim-kandidatima\/#local-main-organization-logo","url":"https:\/\/gorica.info\/wp-content\/uploads\/2024\/07\/Gorica-Info-Logo-mali.png","contentUrl":"https:\/\/gorica.info\/wp-content\/uploads\/2024\/07\/Gorica-Info-Logo-mali.png","width":450,"height":85,"caption":"Gorica Info"}]},"geo.placename":"Velika Gorica","geo.region":"Croatia"},"_links":{"self":[{"href":"https:\/\/gorica.info\/en\/wp-json\/wp\/v2\/posts\/90565","targetHints":{"allow":["GET"]}}],"collection":[{"href":"https:\/\/gorica.info\/en\/wp-json\/wp\/v2\/posts"}],"about":[{"href":"https:\/\/gorica.info\/en\/wp-json\/wp\/v2\/types\/post"}],"author":[{"embeddable":true,"href":"https:\/\/gorica.info\/en\/wp-json\/wp\/v2\/users\/23"}],"replies":[{"embeddable":true,"href":"https:\/\/gorica.info\/en\/wp-json\/wp\/v2\/comments?post=90565"}],"version-history":[{"count":4,"href":"https:\/\/gorica.info\/en\/wp-json\/wp\/v2\/posts\/90565\/revisions"}],"predecessor-version":[{"id":90573,"href":"https:\/\/gorica.info\/en\/wp-json\/wp\/v2\/posts\/90565\/revisions\/90573"}],"wp:featuredmedia":[{"embeddable":true,"href":"https:\/\/gorica.info\/en\/wp-json\/wp\/v2\/media\/90566"}],"wp:attachment":[{"href":"https:\/\/gorica.info\/en\/wp-json\/wp\/v2\/media?parent=90565"}],"wp:term":[{"taxonomy":"category","embeddable":true,"href":"https:\/\/gorica.info\/en\/wp-json\/wp\/v2\/categories?post=90565"},{"taxonomy":"post_tag","embeddable":true,"href":"https:\/\/gorica.info\/en\/wp-json\/wp\/v2\/tags?post=90565"}],"curies":[{"name":"wp","href":"https:\/\/api.w.org\/{rel}","templated":true}]}}