{"id":90867,"date":"2025-05-28T09:03:35","date_gmt":"2025-05-28T07:03:35","guid":{"rendered":"https:\/\/gorica.info\/?p=90867"},"modified":"2025-05-28T08:37:05","modified_gmt":"2025-05-28T06:37:05","slug":"poziv-za-umirovljenike-prijavite-se-za-sudjelovanje-u-performansu-na-oglede-festivalu","status":"publish","type":"post","link":"https:\/\/gorica.info\/en\/poziv-za-umirovljenike-prijavite-se-za-sudjelovanje-u-performansu-na-oglede-festivalu\/","title":{"rendered":"Poziv umirovljenicima: Prijavite se za sudjelovanje u performansu na &#8220;Oglede&#8221; festivalu"},"content":{"rendered":"<p class=\"ai-optimize-6 ai-optimize-introduction\"><span style=\"font-size: 20px\"><strong>Organizatori &#8220;Oglede&#8221; festivala<\/strong> pozivaju gori\u010dke <strong>umirovljenike<\/strong> da im se jave i sudjeluju u <strong>umjetni\u010dkom performansu<\/strong>.<\/span><\/p>\n<p class=\"ai-optimize-7\"><span style=\"font-size: 20px\">Hrvatski vizualni umjetnik<strong> Slaven Tolja<\/strong>\u00a0otvara<a href=\"https:\/\/web.facebook.com\/oglede.festival?locale=hr_HR\"> 3.\u00a0 \u201eOglede\u201c<\/a> &#8211; festival izvedbenih\u00a0 umjetnosti i suvremenih umjetni\u010dkih praksi u Velikoj Gorici, 2. listopada na Trgu Stjepana Radi\u0107a.<\/span><\/p>\n<p class=\"ai-optimize-8\"><span style=\"font-size: 20px\">&#8211; Tra\u017eimo umirovljenike i radno neaktivne osobe s podru\u010dja <a href=\"https:\/\/gorica.info\/en\/festival-oglede-odlicne-reakcije-nakon-prvog-izdanja-pravo-osvjezenje-na-velikogorickoj-kulturnoj-sceni\/\">Velike Gorice<\/a> i okolnih naselja, kao i one koji povremeno borave u na\u0161em gradu, koji ga posje\u0107uju i vole, koji su ovdje odrasli ili radili, a koji su otvoreni za umjetni\u010dki rad i suradnju &#8211; navode organizatori.<\/span><\/p>\n<h3 class=\"ai-optimize-18\"><span style=\"font-size: 20px\">\u0160to sudjelovanje podrazumijeva?<\/span><\/h3>\n<p class=\"ai-optimize-9\"><span style=\"font-size: 20px\">Za sudjelovanje nisu va\u017ene godine, fizi\u010dka spremnost, spol ili bilo koja druga privatna okolnost.<\/span><\/p>\n<blockquote>\n<p class=\"ai-optimize-9\"><span style=\"font-size: 20px\">Va\u017eno je imati dobru volju za sudjelovanje u performansu koji ne zahtijeva posebne vje\u0161tine, ve\u0107 otvorenost, prisutnost i volju za zajedni\u0161tvom.<\/span><\/p>\n<\/blockquote>\n<p class=\"ai-optimize-12\"><span style=\"font-size: 20px\">Minimalno<strong> dva do tri kra\u0107a susreta<\/strong> ili telefonska poziva (dogovor i priprema s umjetnikom i organizacijskim timom) tijekom ljeta ili rane jeseni.<\/span><\/p>\n<p class=\"ai-optimize-13\"><span style=\"font-size: 20px\">Obavezno sudjelovanje <strong>na dan otvorenja festivala<\/strong> \u2013 \u010detvrtak, 2. listopada 2025., u poslijepodnevnim satima.<\/span><\/p>\n<h3 class=\"ai-optimize-14\"><span style=\"font-size: 20px\">Kako se prijaviti?<\/span><\/h3>\n<p class=\"ai-optimize-15\"><span style=\"font-size: 20px\">Za prijavu je potrebno poslati ime i prezime, kontakt (telefon ili e-mail), dob, uz informaciju gdje ste i kako <strong>proveli svoj radni vijek<\/strong> (poduze\u0107e, ustanova, obrt, doma\u0107ica, ku\u0107anica\u2026).<\/span><\/p>\n<p class=\"ai-optimize-16\"><span style=\"font-size: 20px\">Prijave \u0161aljite na mail <strong>oglede.festival@gmail.com<\/strong> (uz naznaku: Javni poziv za umirovljenike ) ili nas nazovite na broj: 099 4063 273 (Matea). Prijave su otvorene do 20. lipnja.<\/span><\/p>\n<p class=\"ai-optimize-17\"><span style=\"font-size: 20px\"><strong>Gluma\u010dko i izvedbeno iskustvo<\/strong> nisu potrebni. Sudjelovanje u performansu nije fizi\u010dki zahtjevno te ne\u0107e naru\u0161iti va\u0161u privatnost, dostojanstvo ili prije\u0107i osobnu granicu. Naglasak je na prisutnosti i zajedni\u0161tvu, va\u017ena nam je va\u0161a volja i spremnost na sudjelovanje. Jer, rad gradi grad, a grad &#8211; to ste vi, poru\u010duju iz <a href=\"https:\/\/gorica.info\/en\/pocele-prijave-za-oglede-festival-tema-je-rad-gradi-grad\/\">Oglede festivala<\/a>.<\/span><\/p>","protected":false},"excerpt":{"rendered":"<p>Organizatori &#8220;Oglede&#8221; festivala pozivaju gori\u010dke umirovljenike da im se jave i sudjeluju u umjetni\u010dkom performansu. Hrvatski vizualni umjetnik Slaven Tolja\u00a0otvara 3.\u00a0 \u201eOglede\u201c &#8211; festival izvedbenih\u00a0 umjetnosti i suvremenih umjetni\u010dkih praksi u Velikoj Gorici, 2. listopada na Trgu Stjepana Radi\u0107a. &#8211; Tra\u017eimo umirovljenike i radno neaktivne osobe s podru\u010dja Velike Gorice i okolnih naselja, kao i [&hellip;]<\/p>\n","protected":false},"author":23,"featured_media":90869,"comment_status":"closed","ping_status":"closed","sticky":false,"template":"","format":"standard","meta":{"limit_modified_date":"1","last_modified_date":"","jnews-multi-image_gallery":[],"jnews_single_post":{"subtitle":"","format":"standard","override":[{"template":"3","parallax":"1","fullscreen":"1","layout":"right-sidebar","sidebar":"default-sidebar","second_sidebar":"default-sidebar","sticky_sidebar":"1","share_position":"top","share_float_style":"share-monocrhome","show_featured":"1","show_post_meta":"1","show_post_author":"1","show_post_author_image":"1","show_post_date":"1","post_date_format":"default","post_date_format_custom":"Y\/m\/d","show_post_category":"1","show_post_reading_time":"1","post_reading_time_wpm":"300","post_calculate_word_method":"str_word_count","zoom_button_out_step":"2","zoom_button_in_step":"3","show_post_tag":"1","show_popup_post":"1","number_popup_post":"1","show_post_related":"1"}],"image_override":[{"single_post_thumbnail_size":"crop-500","single_post_gallery_size":"crop-500"}],"trending_post_position":"meta","trending_post_label":"Trending","sponsored_post_label":"Sponsored by","disable_ad":"0"},"jnews_primary_category":[],"jnews_override_counter":{"view_counter_number":"0","share_counter_number":"0","like_counter_number":"0","dislike_counter_number":"0"},"footnotes":""},"categories":[84],"tags":[19290,19293,19291,19292,122,15554],"class_list":["post-90867","post","type-post","status-publish","format-standard","has-post-thumbnail","hentry","category-kultura","tag-ogled","tag-poziv-umirovljenicima","tag-slaven-tolja","tag-umjetnicki-performans","tag-velika-gorica","tag-vg-vijesti"],"yoast_head":"<!-- This site is optimized with the Yoast SEO Premium plugin v27.5 (Yoast SEO v27.5) - https:\/\/yoast.com\/product\/yoast-seo-premium-wordpress\/ -->\n<title>Poziv umirovljenicima: Prijavite se za sudjelovanje u performansu na &quot;Oglede&quot; festivalu - Gorica Info<\/title>\n<meta name=\"description\" content=\"Poziv za umirovljenike: Prijavite se za sudjelovanje u performansu na Oglede festivalu. Nisu potrebni posebni uvjeti ve\u0107 samo dobra volja.\" \/>\n<meta name=\"robots\" content=\"index, follow, max-snippet:-1, max-image-preview:large, max-video-preview:-1\" \/>\n<link rel=\"canonical\" href=\"https:\/\/gorica.info\/en\/poziv-za-umirovljenike-prijavite-se-za-sudjelovanje-u-performansu-na-oglede-festivalu\/\" \/>\n<meta property=\"og:locale\" content=\"en_US\" \/>\n<meta property=\"og:type\" content=\"article\" \/>\n<meta property=\"og:title\" content=\"Poziv umirovljenicima: Prijavite se za sudjelovanje u performansu na &quot;Oglede&quot; festivalu\" \/>\n<meta property=\"og:description\" content=\"Poziv za umirovljenike: Prijavite se za sudjelovanje u performansu na Oglede festivalu. Nisu potrebni posebni uvjeti ve\u0107 samo dobra volja.\" \/>\n<meta property=\"og:url\" content=\"https:\/\/gorica.info\/en\/poziv-za-umirovljenike-prijavite-se-za-sudjelovanje-u-performansu-na-oglede-festivalu\/\" \/>\n<meta property=\"og:site_name\" content=\"Gorica Info\" \/>\n<meta property=\"article:publisher\" content=\"https:\/\/www.facebook.com\/Goricainfo-106005144489262\" \/>\n<meta property=\"article:published_time\" content=\"2025-05-28T07:03:35+00:00\" \/>\n<meta property=\"og:image\" content=\"https:\/\/gorica.info\/wp-content\/uploads\/2025\/05\/oglede_2025_poziv.jpg\" \/>\n\t<meta property=\"og:image:width\" content=\"1500\" \/>\n\t<meta property=\"og:image:height\" content=\"1013\" \/>\n\t<meta property=\"og:image:type\" content=\"image\/jpeg\" \/>\n<meta name=\"author\" content=\"Gorica. info\" \/>\n<meta name=\"twitter:card\" content=\"summary_large_image\" \/>\n<meta name=\"twitter:creator\" content=\"@GoricaInfo\" \/>\n<meta name=\"twitter:site\" content=\"@GoricaInfo\" \/>\n<meta name=\"twitter:label1\" content=\"Written by\" \/>\n\t<meta name=\"twitter:data1\" content=\"Gorica. info\" \/>\n\t<meta name=\"twitter:label2\" content=\"Est. reading time\" \/>\n\t<meta name=\"twitter:data2\" content=\"2 minutes\" \/>\n<meta name=\"geo.placename\" content=\"Velika Gorica\" \/>\n<meta name=\"geo.region\" content=\"Croatia\" \/>\n<!-- \/ Yoast SEO Premium plugin. -->","yoast_head_json":{"title":"Poziv umirovljenicima: Prijavite se za sudjelovanje u performansu na \"Oglede\" festivalu - Gorica Info","description":"Poziv za umirovljenike: Prijavite se za sudjelovanje u performansu na Oglede festivalu. Nisu potrebni posebni uvjeti ve\u0107 samo dobra volja.","robots":{"index":"index","follow":"follow","max-snippet":"max-snippet:-1","max-image-preview":"max-image-preview:large","max-video-preview":"max-video-preview:-1"},"canonical":"https:\/\/gorica.info\/en\/poziv-za-umirovljenike-prijavite-se-za-sudjelovanje-u-performansu-na-oglede-festivalu\/","og_locale":"en_US","og_type":"article","og_title":"Poziv umirovljenicima: Prijavite se za sudjelovanje u performansu na \"Oglede\" festivalu","og_description":"Poziv za umirovljenike: Prijavite se za sudjelovanje u performansu na Oglede festivalu. Nisu potrebni posebni uvjeti ve\u0107 samo dobra volja.","og_url":"https:\/\/gorica.info\/en\/poziv-za-umirovljenike-prijavite-se-za-sudjelovanje-u-performansu-na-oglede-festivalu\/","og_site_name":"Gorica Info","article_publisher":"https:\/\/www.facebook.com\/Goricainfo-106005144489262","article_published_time":"2025-05-28T07:03:35+00:00","og_image":[{"width":1500,"height":1013,"url":"https:\/\/gorica.info\/wp-content\/uploads\/2025\/05\/oglede_2025_poziv.jpg","type":"image\/jpeg"}],"author":"Gorica. info","twitter_card":"summary_large_image","twitter_creator":"@GoricaInfo","twitter_site":"@GoricaInfo","twitter_misc":{"Written by":"Gorica. info","Est. reading time":"2 minutes"},"schema":{"@context":"https:\/\/schema.org","@graph":[{"@type":"NewsArticle","@id":"https:\/\/gorica.info\/poziv-za-umirovljenike-prijavite-se-za-sudjelovanje-u-performansu-na-oglede-festivalu\/#article","isPartOf":{"@id":"https:\/\/gorica.info\/poziv-za-umirovljenike-prijavite-se-za-sudjelovanje-u-performansu-na-oglede-festivalu\/"},"author":{"name":"Gorica. info","@id":"https:\/\/gorica.info\/#\/schema\/person\/4499af1f22f322670b9b5977ccc2e3de"},"headline":"Poziv umirovljenicima: Prijavite se za sudjelovanje u performansu na &#8220;Oglede&#8221; festivalu","datePublished":"2025-05-28T07:03:35+00:00","mainEntityOfPage":{"@id":"https:\/\/gorica.info\/poziv-za-umirovljenike-prijavite-se-za-sudjelovanje-u-performansu-na-oglede-festivalu\/"},"wordCount":301,"publisher":{"@id":"https:\/\/gorica.info\/#organization"},"image":{"@id":"https:\/\/gorica.info\/poziv-za-umirovljenike-prijavite-se-za-sudjelovanje-u-performansu-na-oglede-festivalu\/#primaryimage"},"thumbnailUrl":"https:\/\/gorica.info\/wp-content\/uploads\/2025\/05\/oglede_2025_poziv.jpg","keywords":["ogled","poziv umirovljenicima","slaven tolja","umjetni\u010dki performans","Velika Gorica","vg vijesti"],"articleSection":["KULTURA"],"inLanguage":"en-US","copyrightYear":"2025","copyrightHolder":{"@id":"https:\/\/gorica.info\/en\/#organization"}},{"@type":"WebPage","@id":"https:\/\/gorica.info\/poziv-za-umirovljenike-prijavite-se-za-sudjelovanje-u-performansu-na-oglede-festivalu\/","url":"https:\/\/gorica.info\/poziv-za-umirovljenike-prijavite-se-za-sudjelovanje-u-performansu-na-oglede-festivalu\/","name":"Poziv umirovljenicima: Prijavite se za sudjelovanje u performansu na \"Oglede\" festivalu - Gorica Info","isPartOf":{"@id":"https:\/\/gorica.info\/#website"},"primaryImageOfPage":{"@id":"https:\/\/gorica.info\/poziv-za-umirovljenike-prijavite-se-za-sudjelovanje-u-performansu-na-oglede-festivalu\/#primaryimage"},"image":{"@id":"https:\/\/gorica.info\/poziv-za-umirovljenike-prijavite-se-za-sudjelovanje-u-performansu-na-oglede-festivalu\/#primaryimage"},"thumbnailUrl":"https:\/\/gorica.info\/wp-content\/uploads\/2025\/05\/oglede_2025_poziv.jpg","datePublished":"2025-05-28T07:03:35+00:00","description":"Poziv za umirovljenike: Prijavite se za sudjelovanje u performansu na Oglede festivalu. Nisu potrebni posebni uvjeti ve\u0107 samo dobra volja.","breadcrumb":{"@id":"https:\/\/gorica.info\/poziv-za-umirovljenike-prijavite-se-za-sudjelovanje-u-performansu-na-oglede-festivalu\/#breadcrumb"},"inLanguage":"en-US","potentialAction":[{"@type":"ReadAction","target":["https:\/\/gorica.info\/poziv-za-umirovljenike-prijavite-se-za-sudjelovanje-u-performansu-na-oglede-festivalu\/"]}]},{"@type":"ImageObject","inLanguage":"en-US","@id":"https:\/\/gorica.info\/poziv-za-umirovljenike-prijavite-se-za-sudjelovanje-u-performansu-na-oglede-festivalu\/#primaryimage","url":"https:\/\/gorica.info\/wp-content\/uploads\/2025\/05\/oglede_2025_poziv.jpg","contentUrl":"https:\/\/gorica.info\/wp-content\/uploads\/2025\/05\/oglede_2025_poziv.jpg","width":1500,"height":1013,"caption":"performansu"},{"@type":"BreadcrumbList","@id":"https:\/\/gorica.info\/poziv-za-umirovljenike-prijavite-se-za-sudjelovanje-u-performansu-na-oglede-festivalu\/#breadcrumb","itemListElement":[{"@type":"ListItem","position":1,"name":"Po\u010detna stranica","item":"https:\/\/gorica.info\/"},{"@type":"ListItem","position":2,"name":"Poziv umirovljenicima: Prijavite se za sudjelovanje u performansu na &#8220;Oglede&#8221; festivalu"}]},{"@type":"WebSite","@id":"https:\/\/gorica.info\/#website","url":"https:\/\/gorica.info\/","name":"Gorica Info","description":"Vijesti iz Velike Gorice i okolice.","publisher":{"@id":"https:\/\/gorica.info\/#organization"},"potentialAction":[{"@type":"SearchAction","target":{"@type":"EntryPoint","urlTemplate":"https:\/\/gorica.info\/?s={search_term_string}"},"query-input":{"@type":"PropertyValueSpecification","valueRequired":true,"valueName":"search_term_string"}}],"inLanguage":"en-US"},{"@type":["Organization","Place","NewsMediaOrganization"],"@id":"https:\/\/gorica.info\/#organization","name":"Gorica Info","url":"https:\/\/gorica.info\/","logo":{"@id":"https:\/\/gorica.info\/poziv-za-umirovljenike-prijavite-se-za-sudjelovanje-u-performansu-na-oglede-festivalu\/#local-main-organization-logo"},"image":{"@id":"https:\/\/gorica.info\/poziv-za-umirovljenike-prijavite-se-za-sudjelovanje-u-performansu-na-oglede-festivalu\/#local-main-organization-logo"},"sameAs":["https:\/\/www.facebook.com\/Goricainfo-106005144489262","https:\/\/x.com\/GoricaInfo","https:\/\/www.instagram.com\/gorica.info\/"],"address":{"@id":"https:\/\/gorica.info\/poziv-za-umirovljenike-prijavite-se-za-sudjelovanje-u-performansu-na-oglede-festivalu\/#local-main-place-address"},"telephone":[],"openingHoursSpecification":[{"@type":"OpeningHoursSpecification","dayOfWeek":["Monday","Tuesday","Wednesday","Thursday","Friday","Saturday","Sunday"],"opens":"09:00","closes":"17:00"}],"email":"redakcija@gorica.info"},{"@type":"Person","@id":"https:\/\/gorica.info\/#\/schema\/person\/4499af1f22f322670b9b5977ccc2e3de","name":"Gorica. info","description":"Gorica.info je lokalni portal koji prati Veliku Goricu i okolici, svakodnevno donosi najnovije vijesti i pri\u010de, kulturna doga\u0111anja i aktualnosti koje oblikuju \u017eivot gra\u0111ana.","url":"https:\/\/gorica.info\/en\/author\/gorica-info\/"},{"@type":"PostalAddress","@id":"https:\/\/gorica.info\/poziv-za-umirovljenike-prijavite-se-za-sudjelovanje-u-performansu-na-oglede-festivalu\/#local-main-place-address","streetAddress":"Horvatova 97","addressLocality":"Velika Gorica","postalCode":"10410","addressRegion":"Croatia","addressCountry":"HR"},{"@type":"ImageObject","inLanguage":"en-US","@id":"https:\/\/gorica.info\/poziv-za-umirovljenike-prijavite-se-za-sudjelovanje-u-performansu-na-oglede-festivalu\/#local-main-organization-logo","url":"https:\/\/gorica.info\/wp-content\/uploads\/2024\/07\/Gorica-Info-Logo-mali.png","contentUrl":"https:\/\/gorica.info\/wp-content\/uploads\/2024\/07\/Gorica-Info-Logo-mali.png","width":450,"height":85,"caption":"Gorica Info"}]},"geo.placename":"Velika Gorica","geo.region":"Croatia"},"_links":{"self":[{"href":"https:\/\/gorica.info\/en\/wp-json\/wp\/v2\/posts\/90867","targetHints":{"allow":["GET"]}}],"collection":[{"href":"https:\/\/gorica.info\/en\/wp-json\/wp\/v2\/posts"}],"about":[{"href":"https:\/\/gorica.info\/en\/wp-json\/wp\/v2\/types\/post"}],"author":[{"embeddable":true,"href":"https:\/\/gorica.info\/en\/wp-json\/wp\/v2\/users\/23"}],"replies":[{"embeddable":true,"href":"https:\/\/gorica.info\/en\/wp-json\/wp\/v2\/comments?post=90867"}],"version-history":[{"count":3,"href":"https:\/\/gorica.info\/en\/wp-json\/wp\/v2\/posts\/90867\/revisions"}],"predecessor-version":[{"id":90872,"href":"https:\/\/gorica.info\/en\/wp-json\/wp\/v2\/posts\/90867\/revisions\/90872"}],"wp:featuredmedia":[{"embeddable":true,"href":"https:\/\/gorica.info\/en\/wp-json\/wp\/v2\/media\/90869"}],"wp:attachment":[{"href":"https:\/\/gorica.info\/en\/wp-json\/wp\/v2\/media?parent=90867"}],"wp:term":[{"taxonomy":"category","embeddable":true,"href":"https:\/\/gorica.info\/en\/wp-json\/wp\/v2\/categories?post=90867"},{"taxonomy":"post_tag","embeddable":true,"href":"https:\/\/gorica.info\/en\/wp-json\/wp\/v2\/tags?post=90867"}],"curies":[{"name":"wp","href":"https:\/\/api.w.org\/{rel}","templated":true}]}}