{"id":91866,"date":"2025-06-20T12:56:05","date_gmt":"2025-06-20T10:56:05","guid":{"rendered":"https:\/\/gorica.info\/?p=91866"},"modified":"2025-06-20T13:40:09","modified_gmt":"2025-06-20T11:40:09","slug":"donosimo-detalje-oko-postavljanja-klima-na-procelja-zgrada-kazne-za-prekrsitelje-su-velike","status":"publish","type":"post","link":"https:\/\/gorica.info\/en\/donosimo-detalje-oko-postavljanja-klima-na-procelja-zgrada-kazne-za-prekrsitelje-su-velike\/","title":{"rendered":"Donosimo detalje oko postavljanja klima na pro\u010delja zgrada: Kazne su velike"},"content":{"rendered":"<p><span style=\"font-size: 20px\">Novi <a href=\"https:\/\/gorica.info\/en\/nova-pravila-za-postavljanje-klima-uredaja-nece-smjeti-biti-na-procelju-koje-gleda-na-ulicu\/\"><strong>Zakon o upravljanju i odr\u017eavanju zgrada<\/strong><\/a> donio je brojne novosti koje se stanarima zgrada i nisu previ\u0161e svidjele. Jedna od njih je i odredba o postavljanju <strong>klima ure\u0111aja<\/strong> koje se vi\u0161e ne smiju postavljati na <strong>uli\u010dna pro\u010delja<\/strong> ili ona koja gledaju na trgove. <\/span><\/p>\n<p><span style=\"font-size: 20px\">Zbog ovog pravila neki stanari nisu mogli prona\u0107i montere koji bi im ugradili novu klimu. Naime, ako klima <strong>nije propisno postavljena<\/strong> na mjesto koje je predvi\u0111eno Zakonom, propisana je <strong>kazna za izvo\u0111a\u010de radova<\/strong> u <strong>visini od pet do 10 tisu\u0107a eura<\/strong>. I vlasnici stanova za koje je klima postavljena kaznit \u0107e se u kaznom od <strong>tisu\u0107u do pet tisu\u0107a eura.<\/strong><\/span><\/p>\n<p><span style=\"font-size: 20px\">Sada je <strong>Ministarstvo prostornog ure\u0111enja i graditeljstva<\/strong> objavilo <a href=\"https:\/\/mpgi.gov.hr\/UserDocsImages\/dokumenti\/Propisi\/Upute_misljenja\/2025_06_13_uputa_klime.pdf\"><strong>detaljnu uputu i tuma\u010denje<\/strong> <\/a>koja su to pro\u010delja zgrada na koja se <strong>smije postavljati klima ure\u0111aj<\/strong>.<\/span><\/p>\n<p><span style=\"font-size: 20px\">Isti\u010du kako se pro\u010delje, ako me\u0111uvlasni\u010dkim ugovorom nije druk\u010dije propisani, smatra <strong>zajedni\u010dkim dijelom zgrade<\/strong> o \u010dijem naknadom ure\u0111enju odluku donosi natpolovi\u010dna ve\u0107ina suvlasnika, kao \u0161to je to slu\u010daju odlukama o energetskoj obnovi zgrada, bojanju fasade\u2026 <\/span><\/p>\n<p><span style=\"font-size: 20px\">Stoga svako pojedina\u010dno zadiranje u zajedni\u010dke dijelove, poput samoinicijativnog postavljanja vanjskih jedinica klima ure\u0111aja, reklama, cijevi ili tendi nije u skladu s odredbama Zakona, ka\u017eu iz Ministarstva graditeljstva.<\/span><\/p>\n<p><span style=\"font-size: 20px\">Poja\u0161njavaju da je <strong>uli\u010dno pro\u010delje<\/strong> ono koje je <strong>okrenuto prema ulici ili trgu<\/strong>, a takvima se ne smatraju ona koja, su, recimo, okrenuta prema dvori\u0161tima drugih zgrada, \u0161umama, parkovima, parkinzima koje nisu ujedno i ulice i sli\u010dno. Na ta se pro\u010delja <strong>klime smiju postavljati.<\/strong><\/span><\/p>\n<h3>Ako je klima na uli\u010dnom pro\u010delju, ne smije biti vidljiva<\/h3>\n<p><span style=\"font-size: 20px\">Klima ure\u0111aji mogu se <strong>staviti i na uli\u010dna pro\u010delja<\/strong>, ali samo<strong> unutar balkona, lo\u0111a i terasa<\/strong>, i to tako da nisu direktno vidljivi s javne povr\u0161ine.<\/span><\/p>\n<p><span style=\"font-size: 20px\">U slu\u010daju je da stan ili poslovni prostor vlasnika u cijelosti, pak, smje\u0161ten na uli\u010dnoj strani zgrade te nema balkon ili terasu, u Ministarstvu preporu\u010duju <strong>alternativna rje\u0161enja poput monobloka ili prijenosnih klima.<\/strong><\/span><\/p>\n<p><span style=\"font-size: 20px\">U slu\u010dajevima kad ni takve alternative nisu mogu\u0107e, jedna od mogu\u0107nosti je na uli\u010dno pro\u010delje postaviti <strong>zamjenske elemente u obliku prozra\u010dnih maski<\/strong> koje bi prekrile vanjske jedinice ure\u0111aja za hla\u0111enje.<\/span><\/p>\n<p><span style=\"font-size: 20px\">U tom slu\u010daju elementi moraju biti <strong>geometrijski uskla\u0111eni<\/strong> na \u010ditavom pro\u010delju te u originalnoj boji fasade. Tako\u0111er, moraju biti postavljeni ujedna\u010deno na cijelom pro\u010delju zgrade, poru\u010duju iz Ministarstvu.<\/span><\/p>\n<p><span style=\"font-size: 20px\"><a href=\"https:\/\/gorica.info\/en\/pet-jednostavnih-koraka-kako-sami-mozete-ocistiti-klima-uredaj\/\"><strong>Rashladni ure\u0111aji<\/strong> <\/a>koji su postavljeni prije stupanja na snagu novog Zakona, a sada se skidaju zbog energetske obnove, smiju se<strong> ponovno vratiti na stara mjesta<\/strong> na pro\u010delju zgrade.<\/span><\/p>","protected":false},"excerpt":{"rendered":"<p>Novi Zakon o upravljanju i odr\u017eavanju zgrada donio je brojne novosti koje se stanarima zgrada i nisu previ\u0161e svidjele. Jedna od njih je i odredba o postavljanju klima ure\u0111aja koje se vi\u0161e ne smiju postavljati na uli\u010dna pro\u010delja ili ona koja gledaju na trgove. Zbog ovog pravila neki stanari nisu mogli prona\u0107i montere koji bi [&hellip;]<\/p>\n","protected":false},"author":23,"featured_media":91867,"comment_status":"closed","ping_status":"closed","sticky":false,"template":"","format":"standard","meta":{"limit_modified_date":"1","last_modified_date":"","jnews-multi-image_gallery":[],"jnews_single_post":{"format":"standard","override":[{"template":"3","parallax":"1","fullscreen":"1","layout":"right-sidebar","sidebar":"default-sidebar","second_sidebar":"default-sidebar","sticky_sidebar":"1","share_position":"top","share_float_style":"share-monocrhome","show_featured":"1","show_post_meta":"1","show_post_author":"1","show_post_author_image":"1","show_post_date":"1","post_date_format":"default","post_date_format_custom":"Y\/m\/d","show_post_category":"1","show_post_reading_time":"1","post_reading_time_wpm":"300","post_calculate_word_method":"str_word_count","zoom_button_out_step":"2","zoom_button_in_step":"3","show_post_tag":"1","show_popup_post":"1","number_popup_post":"1","show_post_related":"1"}],"image_override":[{"single_post_thumbnail_size":"crop-500","single_post_gallery_size":"crop-500"}],"trending_post_position":"meta","trending_post_label":"Trending","sponsored_post_label":"Sponsored by","disable_ad":"0","subtitle":"Ministarstvo prostornog ure\u0111enja i graditeljstva objavilo je detaljnu uputu i tuma\u010denje koja su to pro\u010delja zgrada na koja se smije postavljati klima ure\u0111aj"},"jnews_primary_category":[],"jnews_override_counter":{"view_counter_number":"0","share_counter_number":"0","like_counter_number":"0","dislike_counter_number":"0"},"footnotes":""},"categories":[83],"tags":[19525,11033,19526,1130,16429,3344,5786],"class_list":["post-91866","post","type-post","status-publish","format-standard","has-post-thumbnail","hentry","category-drustvo","tag-fasade","tag-klima-uredaji","tag-monteri-klima","tag-nova-pravila","tag-procelja-zgrada","tag-stanari","tag-zgrade"],"yoast_head":"<!-- This site is optimized with the Yoast SEO Premium plugin v27.4 (Yoast SEO v27.4) - https:\/\/yoast.com\/product\/yoast-seo-premium-wordpress\/ -->\n<title>Donosimo detalje oko postavljanja klima na pro\u010delja zgrada: Kazne su velike - Gorica Info<\/title>\n<meta name=\"description\" content=\"Donosimo detalje oko postavljanja klima na pro\u010delja zgrada: Kazne za prekr\u0161itelje su velike, i to za vlasnike stanova i montere klima.\" \/>\n<meta name=\"robots\" content=\"index, follow, max-snippet:-1, max-image-preview:large, max-video-preview:-1\" \/>\n<link rel=\"canonical\" href=\"https:\/\/gorica.info\/en\/donosimo-detalje-oko-postavljanja-klima-na-procelja-zgrada-kazne-za-prekrsitelje-su-velike\/\" \/>\n<meta property=\"og:locale\" content=\"en_US\" \/>\n<meta property=\"og:type\" content=\"article\" \/>\n<meta property=\"og:title\" content=\"Donosimo detalje oko postavljanja klima na pro\u010delja zgrada: Kazne su velike\" \/>\n<meta property=\"og:description\" content=\"Donosimo detalje oko postavljanja klima na pro\u010delja zgrada: Kazne za prekr\u0161itelje su velike, i to za vlasnike stanova i montere klima.\" \/>\n<meta property=\"og:url\" content=\"https:\/\/gorica.info\/en\/donosimo-detalje-oko-postavljanja-klima-na-procelja-zgrada-kazne-za-prekrsitelje-su-velike\/\" \/>\n<meta property=\"og:site_name\" content=\"Gorica Info\" \/>\n<meta property=\"article:publisher\" content=\"https:\/\/www.facebook.com\/Goricainfo-106005144489262\" \/>\n<meta property=\"article:published_time\" content=\"2025-06-20T10:56:05+00:00\" \/>\n<meta property=\"article:modified_time\" content=\"2025-06-20T11:40:09+00:00\" \/>\n<meta property=\"og:image\" content=\"https:\/\/gorica.info\/wp-content\/uploads\/2025\/06\/zgrada-fasada-klime-foto-goricainfo.jpg\" \/>\n\t<meta property=\"og:image:width\" content=\"1200\" \/>\n\t<meta property=\"og:image:height\" content=\"899\" \/>\n\t<meta property=\"og:image:type\" content=\"image\/jpeg\" \/>\n<meta name=\"author\" content=\"Gorica. info\" \/>\n<meta name=\"twitter:card\" content=\"summary_large_image\" \/>\n<meta name=\"twitter:creator\" content=\"@GoricaInfo\" \/>\n<meta name=\"twitter:site\" content=\"@GoricaInfo\" \/>\n<meta name=\"twitter:label1\" content=\"Written by\" \/>\n\t<meta name=\"twitter:data1\" content=\"Gorica. info\" \/>\n\t<meta name=\"twitter:label2\" content=\"Est. reading time\" \/>\n\t<meta name=\"twitter:data2\" content=\"3 minutes\" \/>\n<meta name=\"geo.placename\" content=\"Velika Gorica\" \/>\n<meta name=\"geo.region\" content=\"Croatia\" \/>\n<!-- \/ Yoast SEO Premium plugin. -->","yoast_head_json":{"title":"Donosimo detalje oko postavljanja klima na pro\u010delja zgrada: Kazne su velike - Gorica Info","description":"Donosimo detalje oko postavljanja klima na pro\u010delja zgrada: Kazne za prekr\u0161itelje su velike, i to za vlasnike stanova i montere klima.","robots":{"index":"index","follow":"follow","max-snippet":"max-snippet:-1","max-image-preview":"max-image-preview:large","max-video-preview":"max-video-preview:-1"},"canonical":"https:\/\/gorica.info\/en\/donosimo-detalje-oko-postavljanja-klima-na-procelja-zgrada-kazne-za-prekrsitelje-su-velike\/","og_locale":"en_US","og_type":"article","og_title":"Donosimo detalje oko postavljanja klima na pro\u010delja zgrada: Kazne su velike","og_description":"Donosimo detalje oko postavljanja klima na pro\u010delja zgrada: Kazne za prekr\u0161itelje su velike, i to za vlasnike stanova i montere klima.","og_url":"https:\/\/gorica.info\/en\/donosimo-detalje-oko-postavljanja-klima-na-procelja-zgrada-kazne-za-prekrsitelje-su-velike\/","og_site_name":"Gorica Info","article_publisher":"https:\/\/www.facebook.com\/Goricainfo-106005144489262","article_published_time":"2025-06-20T10:56:05+00:00","article_modified_time":"2025-06-20T11:40:09+00:00","og_image":[{"width":1200,"height":899,"url":"https:\/\/gorica.info\/wp-content\/uploads\/2025\/06\/zgrada-fasada-klime-foto-goricainfo.jpg","type":"image\/jpeg"}],"author":"Gorica. info","twitter_card":"summary_large_image","twitter_creator":"@GoricaInfo","twitter_site":"@GoricaInfo","twitter_misc":{"Written by":"Gorica. info","Est. reading time":"3 minutes"},"schema":{"@context":"https:\/\/schema.org","@graph":[{"@type":"NewsArticle","@id":"https:\/\/gorica.info\/donosimo-detalje-oko-postavljanja-klima-na-procelja-zgrada-kazne-za-prekrsitelje-su-velike\/#article","isPartOf":{"@id":"https:\/\/gorica.info\/donosimo-detalje-oko-postavljanja-klima-na-procelja-zgrada-kazne-za-prekrsitelje-su-velike\/"},"author":{"name":"Gorica. info","@id":"https:\/\/gorica.info\/#\/schema\/person\/4499af1f22f322670b9b5977ccc2e3de"},"headline":"Donosimo detalje oko postavljanja klima na pro\u010delja zgrada: Kazne su velike","datePublished":"2025-06-20T10:56:05+00:00","dateModified":"2025-06-20T11:40:09+00:00","mainEntityOfPage":{"@id":"https:\/\/gorica.info\/donosimo-detalje-oko-postavljanja-klima-na-procelja-zgrada-kazne-za-prekrsitelje-su-velike\/"},"wordCount":466,"publisher":{"@id":"https:\/\/gorica.info\/#organization"},"image":{"@id":"https:\/\/gorica.info\/donosimo-detalje-oko-postavljanja-klima-na-procelja-zgrada-kazne-za-prekrsitelje-su-velike\/#primaryimage"},"thumbnailUrl":"https:\/\/gorica.info\/wp-content\/uploads\/2025\/06\/zgrada-fasada-klime-foto-goricainfo.jpg","keywords":["fasade","klima ure\u0111aji","monteri klima","nova pravila","pro\u010delja zgrada","stanari","zgrade"],"articleSection":["DRU\u0160TVO"],"inLanguage":"en-US","copyrightYear":"2025","copyrightHolder":{"@id":"https:\/\/gorica.info\/en\/#organization"}},{"@type":"WebPage","@id":"https:\/\/gorica.info\/donosimo-detalje-oko-postavljanja-klima-na-procelja-zgrada-kazne-za-prekrsitelje-su-velike\/","url":"https:\/\/gorica.info\/donosimo-detalje-oko-postavljanja-klima-na-procelja-zgrada-kazne-za-prekrsitelje-su-velike\/","name":"Donosimo detalje oko postavljanja klima na pro\u010delja zgrada: Kazne su velike - Gorica Info","isPartOf":{"@id":"https:\/\/gorica.info\/#website"},"primaryImageOfPage":{"@id":"https:\/\/gorica.info\/donosimo-detalje-oko-postavljanja-klima-na-procelja-zgrada-kazne-za-prekrsitelje-su-velike\/#primaryimage"},"image":{"@id":"https:\/\/gorica.info\/donosimo-detalje-oko-postavljanja-klima-na-procelja-zgrada-kazne-za-prekrsitelje-su-velike\/#primaryimage"},"thumbnailUrl":"https:\/\/gorica.info\/wp-content\/uploads\/2025\/06\/zgrada-fasada-klime-foto-goricainfo.jpg","datePublished":"2025-06-20T10:56:05+00:00","dateModified":"2025-06-20T11:40:09+00:00","description":"Donosimo detalje oko postavljanja klima na pro\u010delja zgrada: Kazne za prekr\u0161itelje su velike, i to za vlasnike stanova i montere klima.","breadcrumb":{"@id":"https:\/\/gorica.info\/donosimo-detalje-oko-postavljanja-klima-na-procelja-zgrada-kazne-za-prekrsitelje-su-velike\/#breadcrumb"},"inLanguage":"en-US","potentialAction":[{"@type":"ReadAction","target":["https:\/\/gorica.info\/donosimo-detalje-oko-postavljanja-klima-na-procelja-zgrada-kazne-za-prekrsitelje-su-velike\/"]}]},{"@type":"ImageObject","inLanguage":"en-US","@id":"https:\/\/gorica.info\/donosimo-detalje-oko-postavljanja-klima-na-procelja-zgrada-kazne-za-prekrsitelje-su-velike\/#primaryimage","url":"https:\/\/gorica.info\/wp-content\/uploads\/2025\/06\/zgrada-fasada-klime-foto-goricainfo.jpg","contentUrl":"https:\/\/gorica.info\/wp-content\/uploads\/2025\/06\/zgrada-fasada-klime-foto-goricainfo.jpg","width":1200,"height":899,"caption":"Foto: Gorica.info"},{"@type":"BreadcrumbList","@id":"https:\/\/gorica.info\/donosimo-detalje-oko-postavljanja-klima-na-procelja-zgrada-kazne-za-prekrsitelje-su-velike\/#breadcrumb","itemListElement":[{"@type":"ListItem","position":1,"name":"Po\u010detna stranica","item":"https:\/\/gorica.info\/"},{"@type":"ListItem","position":2,"name":"Donosimo detalje oko postavljanja klima na pro\u010delja zgrada: Kazne su velike"}]},{"@type":"WebSite","@id":"https:\/\/gorica.info\/#website","url":"https:\/\/gorica.info\/","name":"Gorica Info","description":"Vijesti iz Velike Gorice i okolice.","publisher":{"@id":"https:\/\/gorica.info\/#organization"},"potentialAction":[{"@type":"SearchAction","target":{"@type":"EntryPoint","urlTemplate":"https:\/\/gorica.info\/?s={search_term_string}"},"query-input":{"@type":"PropertyValueSpecification","valueRequired":true,"valueName":"search_term_string"}}],"inLanguage":"en-US"},{"@type":["Organization","Place","NewsMediaOrganization"],"@id":"https:\/\/gorica.info\/#organization","name":"Gorica Info","url":"https:\/\/gorica.info\/","logo":{"@id":"https:\/\/gorica.info\/donosimo-detalje-oko-postavljanja-klima-na-procelja-zgrada-kazne-za-prekrsitelje-su-velike\/#local-main-organization-logo"},"image":{"@id":"https:\/\/gorica.info\/donosimo-detalje-oko-postavljanja-klima-na-procelja-zgrada-kazne-za-prekrsitelje-su-velike\/#local-main-organization-logo"},"sameAs":["https:\/\/www.facebook.com\/Goricainfo-106005144489262","https:\/\/x.com\/GoricaInfo","https:\/\/www.instagram.com\/gorica.info\/"],"address":{"@id":"https:\/\/gorica.info\/donosimo-detalje-oko-postavljanja-klima-na-procelja-zgrada-kazne-za-prekrsitelje-su-velike\/#local-main-place-address"},"telephone":[],"openingHoursSpecification":[{"@type":"OpeningHoursSpecification","dayOfWeek":["Monday","Tuesday","Wednesday","Thursday","Friday","Saturday","Sunday"],"opens":"09:00","closes":"17:00"}],"email":"redakcija@gorica.info"},{"@type":"Person","@id":"https:\/\/gorica.info\/#\/schema\/person\/4499af1f22f322670b9b5977ccc2e3de","name":"Gorica. info","description":"Gorica.info je lokalni portal koji prati Veliku Goricu i okolici, svakodnevno donosi najnovije vijesti i pri\u010de, kulturna doga\u0111anja i aktualnosti koje oblikuju \u017eivot gra\u0111ana.","url":"https:\/\/gorica.info\/en\/author\/gorica-info\/"},{"@type":"PostalAddress","@id":"https:\/\/gorica.info\/donosimo-detalje-oko-postavljanja-klima-na-procelja-zgrada-kazne-za-prekrsitelje-su-velike\/#local-main-place-address","streetAddress":"Horvatova 97","addressLocality":"Velika Gorica","postalCode":"10410","addressRegion":"Croatia","addressCountry":"HR"},{"@type":"ImageObject","inLanguage":"en-US","@id":"https:\/\/gorica.info\/donosimo-detalje-oko-postavljanja-klima-na-procelja-zgrada-kazne-za-prekrsitelje-su-velike\/#local-main-organization-logo","url":"https:\/\/gorica.info\/wp-content\/uploads\/2024\/07\/Gorica-Info-Logo-mali.png","contentUrl":"https:\/\/gorica.info\/wp-content\/uploads\/2024\/07\/Gorica-Info-Logo-mali.png","width":450,"height":85,"caption":"Gorica Info"}]},"geo.placename":"Velika Gorica","geo.region":"Croatia"},"_links":{"self":[{"href":"https:\/\/gorica.info\/en\/wp-json\/wp\/v2\/posts\/91866","targetHints":{"allow":["GET"]}}],"collection":[{"href":"https:\/\/gorica.info\/en\/wp-json\/wp\/v2\/posts"}],"about":[{"href":"https:\/\/gorica.info\/en\/wp-json\/wp\/v2\/types\/post"}],"author":[{"embeddable":true,"href":"https:\/\/gorica.info\/en\/wp-json\/wp\/v2\/users\/23"}],"replies":[{"embeddable":true,"href":"https:\/\/gorica.info\/en\/wp-json\/wp\/v2\/comments?post=91866"}],"version-history":[{"count":4,"href":"https:\/\/gorica.info\/en\/wp-json\/wp\/v2\/posts\/91866\/revisions"}],"predecessor-version":[{"id":91871,"href":"https:\/\/gorica.info\/en\/wp-json\/wp\/v2\/posts\/91866\/revisions\/91871"}],"wp:featuredmedia":[{"embeddable":true,"href":"https:\/\/gorica.info\/en\/wp-json\/wp\/v2\/media\/91867"}],"wp:attachment":[{"href":"https:\/\/gorica.info\/en\/wp-json\/wp\/v2\/media?parent=91866"}],"wp:term":[{"taxonomy":"category","embeddable":true,"href":"https:\/\/gorica.info\/en\/wp-json\/wp\/v2\/categories?post=91866"},{"taxonomy":"post_tag","embeddable":true,"href":"https:\/\/gorica.info\/en\/wp-json\/wp\/v2\/tags?post=91866"}],"curies":[{"name":"wp","href":"https:\/\/api.w.org\/{rel}","templated":true}]}}