{"id":91946,"date":"2025-06-22T13:35:43","date_gmt":"2025-06-22T11:35:43","guid":{"rendered":"https:\/\/gorica.info\/?p=91946"},"modified":"2025-07-12T21:55:48","modified_gmt":"2025-07-12T19:55:48","slug":"velikogoricke-mazoretkinje-uskoro-putuju-na-europsko-prvenstvo-podrzimo-ih-zajedno","status":"publish","type":"post","link":"https:\/\/gorica.info\/en\/velikogoricke-mazoretkinje-uskoro-putuju-na-europsko-prvenstvo-podrzimo-ih-zajedno\/","title":{"rendered":"Velikogori\u010dke ma\u017eoretkinje uskoro putuju na Europsko prvenstvo: Podr\u017eimo ih zajedno!"},"content":{"rendered":"<p><span style=\"font-size: 20px\"><strong>Vi\u0161e od 4500 ma\u017eoretkinja<\/strong> iz 15 zemalja po\u010detkom srpnja sti\u017ee u Italiju gdje se odr\u017eava Europsko prvenstvo ma\u017eoret sporta. Me\u0111u natjecateljima bit \u0107e i <a href=\"https:\/\/gorica.info\/en\/velikogoricke-mazoretkinje-trebaju-nasu-pomoc\/\"><strong>Velikogori\u010dke ma\u017eoretkinje<\/strong><\/a>.<\/span><\/p>\n<p><span style=\"font-size: 20px\">Za odlazak na ovo presti\u017eno europsko natjecanje<strong> trebaju na\u0161u pomo\u0107<\/strong>. Pokrenule su donacijsku kampanju kako bi <strong>pokrile tro\u0161kove putovanja<\/strong> koji su veliki i svaki euro \u0107e im dobro do\u0107i. Donirati mo\u017eete <a href=\"https:\/\/gogetfunding.com\/velikogoricke-mazoretkinje-europsko-prvenstvo-monza\/?fbclid=IwY2xjawKu_fZleHRuA2FlbQIxMQBicmlkETBYaWxzNnljTWVnZ2ZtSnU5AR5wPfuORygjyXDaGoIHQPeo0-9uWjsSC9ih2iyd5FhmZ4HwSBSQj3lHFkO3Ag_aem_NQxyytjA8akXebeGMyD_-Q\"><strong>ovdje.<\/strong><\/a><\/span><\/p>\n<p><span style=\"font-size: 20px\">U Italiju na Europsko prvenstvo putuju <strong>kadetkinje, juniorke i seniorke,<\/strong>\u00a0s 13 koreografija braniti boje ne samo <strong>Velike Gorice i Turopolja ve\u0107 cijele Hrvatske.<\/strong><\/span><\/p>\n<p><span style=\"font-size: 20px\">Pro\u0161le godine na Europskom prvenstvu na\u0161e ma\u017eoretkinje osvojile su <a href=\"https:\/\/gorica.info\/en\/europsko-prvenstvo-velikogoricke-mazoretkinje-osvojile-cetiri-srebra\/\"><strong>\u010detiri srebrne medalje. <\/strong><\/a>I ove godine se nadaju <strong>uspje\u0161nom plasmanu<\/strong>.<\/span><\/p>\n<p><span style=\"font-size: 20px\">U posljednjih 28 godina koliko uspje\u0161no djeluju Velikogori\u010dke ma\u017eoretkinje, kroz klub su pro\u0161le stotine i stotine djevoj\u010dica i djevojaka. Sve su dale svoj magi\u010dni dodatak i doprinijele radu kluba, kako broj\u010dano, tako i kvalitetom.<\/span><\/p>\n<p><span style=\"font-size: 20px\">Danas, Velikogori\u010dke ma\u017eoretkinje <strong>broje 50 \u010dlanica<\/strong>. Svaka sezona nam je dinami\u010dna i puna doga\u0111anja, trudimo se unaprijediti na\u0161e treninge, obogatiti kostime i koreografije te koristiti kvalitetniju opremu.<\/span><\/p>\n<p><span style=\"font-size: 20px\">Iako nikada nismo trenirale u idealnim uvjetima, borile smo se s velikim tro\u0161kovima, raspolagale s malim ili nikakvim financijskim pomo\u0107ima, \u017eelja za uspjehom i radom uvijek je bila ve\u0107a i ja\u010da. <\/span><\/p>\n<p><span style=\"font-size: 20px\">Kreativnost, \u017eelja za radom i napretkom te me\u0111usobna suradnja i podr\u0161ka dovele su nas do sjajnih rezultata kako ove sezone, tako i svake prethodne, poru\u010duju Velikogori\u010dke ma\u017eoretkinje.<\/span><\/p>\n<p><span style=\"font-size: 20px\">Pomozimo im da ostvarite snove!<\/span><\/p>","protected":false},"excerpt":{"rendered":"<p>Vi\u0161e od 4500 ma\u017eoretkinja iz 15 zemalja po\u010detkom srpnja sti\u017ee u Italiju gdje se odr\u017eava Europsko prvenstvo ma\u017eoret sporta. Me\u0111u natjecateljima bit \u0107e i Velikogori\u010dke ma\u017eoretkinje. Za odlazak na ovo presti\u017eno europsko natjecanje trebaju na\u0161u pomo\u0107. Pokrenule su donacijsku kampanju kako bi pokrile tro\u0161kove putovanja koji su veliki i svaki euro \u0107e im dobro do\u0107i. [&hellip;]<\/p>\n","protected":false},"author":23,"featured_media":91947,"comment_status":"closed","ping_status":"closed","sticky":false,"template":"","format":"standard","meta":{"limit_modified_date":"1","last_modified_date":"","jnews-multi-image_gallery":[],"jnews_single_post":{"subtitle":"","format":"standard","override":[{"template":"3","parallax":"1","fullscreen":"1","layout":"right-sidebar","sidebar":"default-sidebar","second_sidebar":"default-sidebar","sticky_sidebar":"1","share_position":"top","share_float_style":"share-monocrhome","show_featured":"1","show_post_meta":"1","show_post_author":"1","show_post_author_image":"1","show_post_date":"1","post_date_format":"default","post_date_format_custom":"Y\/m\/d","show_post_category":"1","show_post_reading_time":"1","post_reading_time_wpm":"300","post_calculate_word_method":"str_word_count","zoom_button_out_step":"2","zoom_button_in_step":"3","show_post_tag":"1","show_popup_post":"1","number_popup_post":"1","show_post_related":"1"}],"image_override":[{"single_post_thumbnail_size":"crop-500","single_post_gallery_size":"crop-500"}],"trending_post_position":"meta","trending_post_label":"Trending","sponsored_post_label":"Sponsored by","disable_ad":"0"},"jnews_primary_category":[],"jnews_override_counter":{"view_counter_number":"0","share_counter_number":"0","like_counter_number":"0","dislike_counter_number":"0"},"footnotes":""},"categories":[99],"tags":[19551,6007,2207,74,2544,15554],"class_list":["post-91946","post","type-post","status-publish","format-standard","has-post-thumbnail","hentry","category-sport","tag-donacijska-kampanja","tag-italija","tag-natjecanje","tag-sport","tag-velikogoricke-mazoretkinje","tag-vg-vijesti"],"yoast_head":"<!-- This site is optimized with the Yoast SEO Premium plugin v27.4 (Yoast SEO v27.4) - https:\/\/yoast.com\/product\/yoast-seo-premium-wordpress\/ -->\n<title>Velikogori\u010dke ma\u017eoretkinje uskoro putuju na Europsko prvenstvo: Podr\u017eimo ih zajedno! - Gorica Info<\/title>\n<meta name=\"description\" content=\"Velikogori\u010dke ma\u017eoretkinje uskoro putuju na Europsko prvenstvo: Podr\u017eimo ih zajedno i pomozimo da ponovoo ostvare svoje snove!\" \/>\n<meta name=\"robots\" content=\"index, follow, max-snippet:-1, max-image-preview:large, max-video-preview:-1\" \/>\n<link rel=\"canonical\" href=\"https:\/\/gorica.info\/en\/velikogoricke-mazoretkinje-uskoro-putuju-na-europsko-prvenstvo-podrzimo-ih-zajedno\/\" \/>\n<meta property=\"og:locale\" content=\"en_US\" \/>\n<meta property=\"og:type\" content=\"article\" \/>\n<meta property=\"og:title\" content=\"Velikogori\u010dke ma\u017eoretkinje uskoro putuju na Europsko prvenstvo: Podr\u017eimo ih zajedno!\" \/>\n<meta property=\"og:description\" content=\"Velikogori\u010dke ma\u017eoretkinje uskoro putuju na Europsko prvenstvo: Podr\u017eimo ih zajedno i pomozimo da ponovoo ostvare svoje snove!\" \/>\n<meta property=\"og:url\" content=\"https:\/\/gorica.info\/en\/velikogoricke-mazoretkinje-uskoro-putuju-na-europsko-prvenstvo-podrzimo-ih-zajedno\/\" \/>\n<meta property=\"og:site_name\" content=\"Gorica Info\" \/>\n<meta property=\"article:publisher\" content=\"https:\/\/www.facebook.com\/Goricainfo-106005144489262\" \/>\n<meta property=\"article:published_time\" content=\"2025-06-22T11:35:43+00:00\" \/>\n<meta property=\"article:modified_time\" content=\"2025-07-12T19:55:48+00:00\" \/>\n<meta property=\"og:image\" content=\"https:\/\/gorica.info\/wp-content\/uploads\/2025\/06\/vg-mazoretkinje-drzavni-turnir-pula-1.jpg\" \/>\n\t<meta property=\"og:image:width\" content=\"1500\" \/>\n\t<meta property=\"og:image:height\" content=\"1200\" \/>\n\t<meta property=\"og:image:type\" content=\"image\/jpeg\" \/>\n<meta name=\"author\" content=\"Gorica. info\" \/>\n<meta name=\"twitter:card\" content=\"summary_large_image\" \/>\n<meta name=\"twitter:creator\" content=\"@GoricaInfo\" \/>\n<meta name=\"twitter:site\" content=\"@GoricaInfo\" \/>\n<meta name=\"twitter:label1\" content=\"Written by\" \/>\n\t<meta name=\"twitter:data1\" content=\"Gorica. info\" \/>\n\t<meta name=\"twitter:label2\" content=\"Est. reading time\" \/>\n\t<meta name=\"twitter:data2\" content=\"2 minutes\" \/>\n<meta name=\"geo.placename\" content=\"Velika Gorica\" \/>\n<meta name=\"geo.region\" content=\"Croatia\" \/>\n<!-- \/ Yoast SEO Premium plugin. -->","yoast_head_json":{"title":"Velikogori\u010dke ma\u017eoretkinje uskoro putuju na Europsko prvenstvo: Podr\u017eimo ih zajedno! - Gorica Info","description":"Velikogori\u010dke ma\u017eoretkinje uskoro putuju na Europsko prvenstvo: Podr\u017eimo ih zajedno i pomozimo da ponovoo ostvare svoje snove!","robots":{"index":"index","follow":"follow","max-snippet":"max-snippet:-1","max-image-preview":"max-image-preview:large","max-video-preview":"max-video-preview:-1"},"canonical":"https:\/\/gorica.info\/en\/velikogoricke-mazoretkinje-uskoro-putuju-na-europsko-prvenstvo-podrzimo-ih-zajedno\/","og_locale":"en_US","og_type":"article","og_title":"Velikogori\u010dke ma\u017eoretkinje uskoro putuju na Europsko prvenstvo: Podr\u017eimo ih zajedno!","og_description":"Velikogori\u010dke ma\u017eoretkinje uskoro putuju na Europsko prvenstvo: Podr\u017eimo ih zajedno i pomozimo da ponovoo ostvare svoje snove!","og_url":"https:\/\/gorica.info\/en\/velikogoricke-mazoretkinje-uskoro-putuju-na-europsko-prvenstvo-podrzimo-ih-zajedno\/","og_site_name":"Gorica Info","article_publisher":"https:\/\/www.facebook.com\/Goricainfo-106005144489262","article_published_time":"2025-06-22T11:35:43+00:00","article_modified_time":"2025-07-12T19:55:48+00:00","og_image":[{"width":1500,"height":1200,"url":"https:\/\/gorica.info\/wp-content\/uploads\/2025\/06\/vg-mazoretkinje-drzavni-turnir-pula-1.jpg","type":"image\/jpeg"}],"author":"Gorica. info","twitter_card":"summary_large_image","twitter_creator":"@GoricaInfo","twitter_site":"@GoricaInfo","twitter_misc":{"Written by":"Gorica. info","Est. reading time":"2 minutes"},"schema":{"@context":"https:\/\/schema.org","@graph":[{"@type":"NewsArticle","@id":"https:\/\/gorica.info\/velikogoricke-mazoretkinje-uskoro-putuju-na-europsko-prvenstvo-podrzimo-ih-zajedno\/#article","isPartOf":{"@id":"https:\/\/gorica.info\/velikogoricke-mazoretkinje-uskoro-putuju-na-europsko-prvenstvo-podrzimo-ih-zajedno\/"},"author":{"name":"Gorica. info","@id":"https:\/\/gorica.info\/#\/schema\/person\/4499af1f22f322670b9b5977ccc2e3de"},"headline":"Velikogori\u010dke ma\u017eoretkinje uskoro putuju na Europsko prvenstvo: Podr\u017eimo ih zajedno!","datePublished":"2025-06-22T11:35:43+00:00","dateModified":"2025-07-12T19:55:48+00:00","mainEntityOfPage":{"@id":"https:\/\/gorica.info\/velikogoricke-mazoretkinje-uskoro-putuju-na-europsko-prvenstvo-podrzimo-ih-zajedno\/"},"wordCount":272,"publisher":{"@id":"https:\/\/gorica.info\/#organization"},"image":{"@id":"https:\/\/gorica.info\/velikogoricke-mazoretkinje-uskoro-putuju-na-europsko-prvenstvo-podrzimo-ih-zajedno\/#primaryimage"},"thumbnailUrl":"https:\/\/gorica.info\/wp-content\/uploads\/2025\/06\/vg-mazoretkinje-drzavni-turnir-pula-1.jpg","keywords":["donacijska kampanja","italija","natjecanje","Sport","velikogori\u010dke ma\u017eoretkinje","vg vijesti"],"articleSection":["SPORT"],"inLanguage":"en-US","copyrightYear":"2025","copyrightHolder":{"@id":"https:\/\/gorica.info\/en\/#organization"}},{"@type":"WebPage","@id":"https:\/\/gorica.info\/velikogoricke-mazoretkinje-uskoro-putuju-na-europsko-prvenstvo-podrzimo-ih-zajedno\/","url":"https:\/\/gorica.info\/velikogoricke-mazoretkinje-uskoro-putuju-na-europsko-prvenstvo-podrzimo-ih-zajedno\/","name":"Velikogori\u010dke ma\u017eoretkinje uskoro putuju na Europsko prvenstvo: Podr\u017eimo ih zajedno! - Gorica Info","isPartOf":{"@id":"https:\/\/gorica.info\/#website"},"primaryImageOfPage":{"@id":"https:\/\/gorica.info\/velikogoricke-mazoretkinje-uskoro-putuju-na-europsko-prvenstvo-podrzimo-ih-zajedno\/#primaryimage"},"image":{"@id":"https:\/\/gorica.info\/velikogoricke-mazoretkinje-uskoro-putuju-na-europsko-prvenstvo-podrzimo-ih-zajedno\/#primaryimage"},"thumbnailUrl":"https:\/\/gorica.info\/wp-content\/uploads\/2025\/06\/vg-mazoretkinje-drzavni-turnir-pula-1.jpg","datePublished":"2025-06-22T11:35:43+00:00","dateModified":"2025-07-12T19:55:48+00:00","description":"Velikogori\u010dke ma\u017eoretkinje uskoro putuju na Europsko prvenstvo: Podr\u017eimo ih zajedno i pomozimo da ponovoo ostvare svoje snove!","breadcrumb":{"@id":"https:\/\/gorica.info\/velikogoricke-mazoretkinje-uskoro-putuju-na-europsko-prvenstvo-podrzimo-ih-zajedno\/#breadcrumb"},"inLanguage":"en-US","potentialAction":[{"@type":"ReadAction","target":["https:\/\/gorica.info\/velikogoricke-mazoretkinje-uskoro-putuju-na-europsko-prvenstvo-podrzimo-ih-zajedno\/"]}]},{"@type":"ImageObject","inLanguage":"en-US","@id":"https:\/\/gorica.info\/velikogoricke-mazoretkinje-uskoro-putuju-na-europsko-prvenstvo-podrzimo-ih-zajedno\/#primaryimage","url":"https:\/\/gorica.info\/wp-content\/uploads\/2025\/06\/vg-mazoretkinje-drzavni-turnir-pula-1.jpg","contentUrl":"https:\/\/gorica.info\/wp-content\/uploads\/2025\/06\/vg-mazoretkinje-drzavni-turnir-pula-1.jpg","width":1500,"height":1200,"caption":"Foto: Velikogori\u010dke ma\u017eoretkinje"},{"@type":"BreadcrumbList","@id":"https:\/\/gorica.info\/velikogoricke-mazoretkinje-uskoro-putuju-na-europsko-prvenstvo-podrzimo-ih-zajedno\/#breadcrumb","itemListElement":[{"@type":"ListItem","position":1,"name":"Po\u010detna stranica","item":"https:\/\/gorica.info\/"},{"@type":"ListItem","position":2,"name":"Velikogori\u010dke ma\u017eoretkinje uskoro putuju na Europsko prvenstvo: Podr\u017eimo ih zajedno!"}]},{"@type":"WebSite","@id":"https:\/\/gorica.info\/#website","url":"https:\/\/gorica.info\/","name":"Gorica Info","description":"Vijesti iz Velike Gorice i okolice.","publisher":{"@id":"https:\/\/gorica.info\/#organization"},"potentialAction":[{"@type":"SearchAction","target":{"@type":"EntryPoint","urlTemplate":"https:\/\/gorica.info\/?s={search_term_string}"},"query-input":{"@type":"PropertyValueSpecification","valueRequired":true,"valueName":"search_term_string"}}],"inLanguage":"en-US"},{"@type":["Organization","Place","NewsMediaOrganization"],"@id":"https:\/\/gorica.info\/#organization","name":"Gorica Info","url":"https:\/\/gorica.info\/","logo":{"@id":"https:\/\/gorica.info\/velikogoricke-mazoretkinje-uskoro-putuju-na-europsko-prvenstvo-podrzimo-ih-zajedno\/#local-main-organization-logo"},"image":{"@id":"https:\/\/gorica.info\/velikogoricke-mazoretkinje-uskoro-putuju-na-europsko-prvenstvo-podrzimo-ih-zajedno\/#local-main-organization-logo"},"sameAs":["https:\/\/www.facebook.com\/Goricainfo-106005144489262","https:\/\/x.com\/GoricaInfo","https:\/\/www.instagram.com\/gorica.info\/"],"address":{"@id":"https:\/\/gorica.info\/velikogoricke-mazoretkinje-uskoro-putuju-na-europsko-prvenstvo-podrzimo-ih-zajedno\/#local-main-place-address"},"telephone":[],"openingHoursSpecification":[{"@type":"OpeningHoursSpecification","dayOfWeek":["Monday","Tuesday","Wednesday","Thursday","Friday","Saturday","Sunday"],"opens":"09:00","closes":"17:00"}],"email":"redakcija@gorica.info"},{"@type":"Person","@id":"https:\/\/gorica.info\/#\/schema\/person\/4499af1f22f322670b9b5977ccc2e3de","name":"Gorica. info","description":"Gorica.info je lokalni portal koji prati Veliku Goricu i okolici, svakodnevno donosi najnovije vijesti i pri\u010de, kulturna doga\u0111anja i aktualnosti koje oblikuju \u017eivot gra\u0111ana.","url":"https:\/\/gorica.info\/en\/author\/gorica-info\/"},{"@type":"PostalAddress","@id":"https:\/\/gorica.info\/velikogoricke-mazoretkinje-uskoro-putuju-na-europsko-prvenstvo-podrzimo-ih-zajedno\/#local-main-place-address","streetAddress":"Horvatova 97","addressLocality":"Velika Gorica","postalCode":"10410","addressRegion":"Croatia","addressCountry":"HR"},{"@type":"ImageObject","inLanguage":"en-US","@id":"https:\/\/gorica.info\/velikogoricke-mazoretkinje-uskoro-putuju-na-europsko-prvenstvo-podrzimo-ih-zajedno\/#local-main-organization-logo","url":"https:\/\/gorica.info\/wp-content\/uploads\/2024\/07\/Gorica-Info-Logo-mali.png","contentUrl":"https:\/\/gorica.info\/wp-content\/uploads\/2024\/07\/Gorica-Info-Logo-mali.png","width":450,"height":85,"caption":"Gorica Info"}]},"geo.placename":"Velika Gorica","geo.region":"Croatia"},"_links":{"self":[{"href":"https:\/\/gorica.info\/en\/wp-json\/wp\/v2\/posts\/91946","targetHints":{"allow":["GET"]}}],"collection":[{"href":"https:\/\/gorica.info\/en\/wp-json\/wp\/v2\/posts"}],"about":[{"href":"https:\/\/gorica.info\/en\/wp-json\/wp\/v2\/types\/post"}],"author":[{"embeddable":true,"href":"https:\/\/gorica.info\/en\/wp-json\/wp\/v2\/users\/23"}],"replies":[{"embeddable":true,"href":"https:\/\/gorica.info\/en\/wp-json\/wp\/v2\/comments?post=91946"}],"version-history":[{"count":1,"href":"https:\/\/gorica.info\/en\/wp-json\/wp\/v2\/posts\/91946\/revisions"}],"predecessor-version":[{"id":91948,"href":"https:\/\/gorica.info\/en\/wp-json\/wp\/v2\/posts\/91946\/revisions\/91948"}],"wp:featuredmedia":[{"embeddable":true,"href":"https:\/\/gorica.info\/en\/wp-json\/wp\/v2\/media\/91947"}],"wp:attachment":[{"href":"https:\/\/gorica.info\/en\/wp-json\/wp\/v2\/media?parent=91946"}],"wp:term":[{"taxonomy":"category","embeddable":true,"href":"https:\/\/gorica.info\/en\/wp-json\/wp\/v2\/categories?post=91946"},{"taxonomy":"post_tag","embeddable":true,"href":"https:\/\/gorica.info\/en\/wp-json\/wp\/v2\/tags?post=91946"}],"curies":[{"name":"wp","href":"https:\/\/api.w.org\/{rel}","templated":true}]}}