{"id":93733,"date":"2025-08-05T10:13:24","date_gmt":"2025-08-05T08:13:24","guid":{"rendered":"https:\/\/gorica.info\/?p=93733"},"modified":"2025-08-05T11:31:36","modified_gmt":"2025-08-05T09:31:36","slug":"brojna-izaslanstva-polozila-su-vijence-i-zapalila-svijece-za-poginule-branitelje","status":"publish","type":"post","link":"https:\/\/gorica.info\/en\/brojna-izaslanstva-polozila-su-vijence-i-zapalila-svijece-za-poginule-branitelje\/","title":{"rendered":"Brojna izaslanstva polo\u017eila su vijence i zapalila svije\u0107e za poginule branitelje"},"content":{"rendered":"<p><span style=\"font-size: 20px\">Povodom <strong>Dana pobjede<\/strong> i domovinske zahvalnosti i Dana branitelja izaslanstva Grada Velike Gorice, politi\u010dkih stranaka, braniteljskih udruga i obitelji poginulih branitelja, policije i vatrogasaca polo\u017eili su jutros vijence i zapalili svije\u0107e kod spomenika poginulim braniteljima.<\/span><\/p>\n<p><img fetchpriority=\"high\" decoding=\"async\" class=\"alignnone wp-image-93735 size-full\" src=\"https:\/\/gorica.info\/wp-content\/uploads\/2025\/08\/dan-pobjede-vijenci1.jpg\" alt=\"\" width=\"1500\" height=\"1000\" srcset=\"https:\/\/gorica.info\/wp-content\/uploads\/2025\/08\/dan-pobjede-vijenci1.jpg 1500w, https:\/\/gorica.info\/wp-content\/uploads\/2025\/08\/dan-pobjede-vijenci1-300x200.jpg 300w, https:\/\/gorica.info\/wp-content\/uploads\/2025\/08\/dan-pobjede-vijenci1-1024x683.jpg 1024w, https:\/\/gorica.info\/wp-content\/uploads\/2025\/08\/dan-pobjede-vijenci1-768x512.jpg 768w, https:\/\/gorica.info\/wp-content\/uploads\/2025\/08\/dan-pobjede-vijenci1-18x12.jpg 18w, https:\/\/gorica.info\/wp-content\/uploads\/2025\/08\/dan-pobjede-vijenci1-750x500.jpg 750w, https:\/\/gorica.info\/wp-content\/uploads\/2025\/08\/dan-pobjede-vijenci1-1140x760.jpg 1140w\" sizes=\"(max-width: 1500px) 100vw, 1500px\" \/><\/p>\n<p><span style=\"font-size: 20px\">Na ovaj dan s ponosom se prisje\u0107amo svih vojno-redarstvenih akcija i operacija koje su dovele do kona\u010dne pobjede u<a href=\"https:\/\/gorica.info\/en\/prica-ratnika-mario-bozuric\/\"> Domovinskom ratu<\/a>, zahvalni svima koji su hrabro stali u obranu domovine, a posebno onima koji su polo\u017eili svoje \u017eivote za na\u0161u slobodu i neovisnost.<\/span><\/p>\n<p><img decoding=\"async\" class=\"alignnone wp-image-93737 size-full\" src=\"https:\/\/gorica.info\/wp-content\/uploads\/2025\/08\/dn-pobjede-vijenci2.jpg\" alt=\"vijence\" width=\"1300\" height=\"600\" srcset=\"https:\/\/gorica.info\/wp-content\/uploads\/2025\/08\/dn-pobjede-vijenci2.jpg 1300w, https:\/\/gorica.info\/wp-content\/uploads\/2025\/08\/dn-pobjede-vijenci2-300x138.jpg 300w, https:\/\/gorica.info\/wp-content\/uploads\/2025\/08\/dn-pobjede-vijenci2-1024x473.jpg 1024w, https:\/\/gorica.info\/wp-content\/uploads\/2025\/08\/dn-pobjede-vijenci2-768x354.jpg 768w, https:\/\/gorica.info\/wp-content\/uploads\/2025\/08\/dn-pobjede-vijenci2-18x8.jpg 18w, https:\/\/gorica.info\/wp-content\/uploads\/2025\/08\/dn-pobjede-vijenci2-750x346.jpg 750w, https:\/\/gorica.info\/wp-content\/uploads\/2025\/08\/dn-pobjede-vijenci2-1140x526.jpg 1140w\" sizes=\"(max-width: 1300px) 100vw, 1300px\" \/><\/p>\n<p><span style=\"font-size: 20px\"><a href=\"https:\/\/hr.wikipedia.org\/wiki\/Dan_pobjede_i_domovinske_zahvalnosti,_Dan_hrvatskih_branitelja\">&#8220;Oluja&#8221;<\/a> je bila presudna u okon\u010danju Domovinskog rata, u kojoj su hrvatski branitelji oslobodili ve\u0107inu okupiranog teritorija i omogu\u0107ili ponovnu uspostavu teritorijalnog integriteta Hrvatske.<\/span><\/p>\n<p><img decoding=\"async\" class=\"alignnone wp-image-93736 size-full\" src=\"https:\/\/gorica.info\/wp-content\/uploads\/2025\/08\/dan-pobjede-vijenci-sdp.jpg\" alt=\"\" width=\"1092\" height=\"1200\" srcset=\"https:\/\/gorica.info\/wp-content\/uploads\/2025\/08\/dan-pobjede-vijenci-sdp.jpg 1092w, https:\/\/gorica.info\/wp-content\/uploads\/2025\/08\/dan-pobjede-vijenci-sdp-273x300.jpg 273w, https:\/\/gorica.info\/wp-content\/uploads\/2025\/08\/dan-pobjede-vijenci-sdp-932x1024.jpg 932w, https:\/\/gorica.info\/wp-content\/uploads\/2025\/08\/dan-pobjede-vijenci-sdp-768x844.jpg 768w, https:\/\/gorica.info\/wp-content\/uploads\/2025\/08\/dan-pobjede-vijenci-sdp-11x12.jpg 11w, https:\/\/gorica.info\/wp-content\/uploads\/2025\/08\/dan-pobjede-vijenci-sdp-750x824.jpg 750w\" sizes=\"(max-width: 1092px) 100vw, 1092px\" \/><\/p>","protected":false},"excerpt":{"rendered":"<p>Povodom Dana pobjede i domovinske zahvalnosti i Dana branitelja izaslanstva Grada Velike Gorice, politi\u010dkih stranaka, braniteljskih udruga i obitelji poginulih branitelja, policije i vatrogasaca polo\u017eili su jutros vijence i zapalili svije\u0107e kod spomenika poginulim braniteljima. Na ovaj dan s ponosom se prisje\u0107amo svih vojno-redarstvenih akcija i operacija koje su dovele do kona\u010dne pobjede u Domovinskom [&hellip;]<\/p>\n","protected":false},"author":23,"featured_media":93734,"comment_status":"closed","ping_status":"closed","sticky":false,"template":"","format":"standard","meta":{"limit_modified_date":"1","last_modified_date":"","jnews-multi-image_gallery":[],"jnews_single_post":{"format":"standard","override":[{"template":"3","parallax":"1","fullscreen":"1","layout":"right-sidebar","sidebar":"default-sidebar","second_sidebar":"default-sidebar","sticky_sidebar":"1","share_position":"top","share_float_style":"share-monocrhome","show_featured":"1","show_post_meta":"1","show_post_author":"1","show_post_author_image":"1","show_post_date":"1","post_date_format":"default","post_date_format_custom":"Y\/m\/d","show_post_category":"1","show_post_reading_time":"1","post_reading_time_wpm":"300","post_calculate_word_method":"str_word_count","zoom_button_out_step":"2","zoom_button_in_step":"3","show_post_tag":"1","show_popup_post":"1","number_popup_post":"1","show_post_related":"1"}],"image_override":[{"single_post_thumbnail_size":"crop-500","single_post_gallery_size":"crop-500"}],"trending_post_position":"meta","trending_post_label":"Trending","sponsored_post_label":"Sponsored by","disable_ad":"0","subtitle":"Na ovaj dan s ponosom se prisje\u0107amo svih vojno-redarstvenih akcija i operacija koje su dovele do kona\u010dne pobjede u Domovinskom ratu, zahvalni svima koji su hrabro stali u obranu domovine, a posebno onima koji su polo\u017eili svoje \u017eivote za na\u0161u slobodu i neovisnost"},"jnews_primary_category":[],"jnews_override_counter":{"view_counter_number":"0","share_counter_number":"0","like_counter_number":"0","dislike_counter_number":"0"},"footnotes":""},"categories":[87],"tags":[6514,6964,1633,20039,122,15554],"class_list":["post-93733","post","type-post","status-publish","format-standard","has-post-thumbnail","hentry","category-gorica","tag-dan-branitelja","tag-dan-pobjede","tag-sjecanje","tag-spomenik-poginulim-braniteljima","tag-velika-gorica","tag-vg-vijesti"],"yoast_head":"<!-- This site is optimized with the Yoast SEO Premium plugin v27.4 (Yoast SEO v27.4) - https:\/\/yoast.com\/product\/yoast-seo-premium-wordpress\/ -->\n<title>Brojna izaslanstva polo\u017eila su vijence i zapalila svije\u0107e za poginule branitelje - Gorica Info<\/title>\n<meta name=\"description\" content=\"Dan pobjede i domovinske zahvalnosti i Dan branitelja: Kod spomenika poginulim braniteljima izaslanstva su polo\u017eila vijence i zapalila svije\u0107e\" \/>\n<meta name=\"robots\" content=\"index, follow, max-snippet:-1, max-image-preview:large, max-video-preview:-1\" \/>\n<link rel=\"canonical\" href=\"https:\/\/gorica.info\/en\/brojna-izaslanstva-polozila-su-vijence-i-zapalila-svijece-za-poginule-branitelje\/\" \/>\n<meta property=\"og:locale\" content=\"en_US\" \/>\n<meta property=\"og:type\" content=\"article\" \/>\n<meta property=\"og:title\" content=\"Brojna izaslanstva polo\u017eila su vijence i zapalila svije\u0107e za poginule branitelje\" \/>\n<meta property=\"og:description\" content=\"Dan pobjede i domovinske zahvalnosti i Dan branitelja: Kod spomenika poginulim braniteljima izaslanstva su polo\u017eila vijence i zapalila svije\u0107e\" \/>\n<meta property=\"og:url\" content=\"https:\/\/gorica.info\/en\/brojna-izaslanstva-polozila-su-vijence-i-zapalila-svijece-za-poginule-branitelje\/\" \/>\n<meta property=\"og:site_name\" content=\"Gorica Info\" \/>\n<meta property=\"article:publisher\" content=\"https:\/\/www.facebook.com\/Goricainfo-106005144489262\" \/>\n<meta property=\"article:published_time\" content=\"2025-08-05T08:13:24+00:00\" \/>\n<meta property=\"article:modified_time\" content=\"2025-08-05T09:31:36+00:00\" \/>\n<meta property=\"og:image\" content=\"https:\/\/gorica.info\/wp-content\/uploads\/2025\/08\/dan-pobjede-vijenci.jpg\" \/>\n\t<meta property=\"og:image:width\" content=\"1500\" \/>\n\t<meta property=\"og:image:height\" content=\"1000\" \/>\n\t<meta property=\"og:image:type\" content=\"image\/jpeg\" \/>\n<meta name=\"author\" content=\"Gorica. info\" \/>\n<meta name=\"twitter:card\" content=\"summary_large_image\" \/>\n<meta name=\"twitter:creator\" content=\"@GoricaInfo\" \/>\n<meta name=\"twitter:site\" content=\"@GoricaInfo\" \/>\n<meta name=\"twitter:label1\" content=\"Written by\" \/>\n\t<meta name=\"twitter:data1\" content=\"Gorica. info\" \/>\n\t<meta name=\"twitter:label2\" content=\"Est. reading time\" \/>\n\t<meta name=\"twitter:data2\" content=\"2 minutes\" \/>\n<meta name=\"geo.placename\" content=\"Velika Gorica\" \/>\n<meta name=\"geo.region\" content=\"Croatia\" \/>\n<!-- \/ Yoast SEO Premium plugin. -->","yoast_head_json":{"title":"Brojna izaslanstva polo\u017eila su vijence i zapalila svije\u0107e za poginule branitelje - Gorica Info","description":"Dan pobjede i domovinske zahvalnosti i Dan branitelja: Kod spomenika poginulim braniteljima izaslanstva su polo\u017eila vijence i zapalila svije\u0107e","robots":{"index":"index","follow":"follow","max-snippet":"max-snippet:-1","max-image-preview":"max-image-preview:large","max-video-preview":"max-video-preview:-1"},"canonical":"https:\/\/gorica.info\/en\/brojna-izaslanstva-polozila-su-vijence-i-zapalila-svijece-za-poginule-branitelje\/","og_locale":"en_US","og_type":"article","og_title":"Brojna izaslanstva polo\u017eila su vijence i zapalila svije\u0107e za poginule branitelje","og_description":"Dan pobjede i domovinske zahvalnosti i Dan branitelja: Kod spomenika poginulim braniteljima izaslanstva su polo\u017eila vijence i zapalila svije\u0107e","og_url":"https:\/\/gorica.info\/en\/brojna-izaslanstva-polozila-su-vijence-i-zapalila-svijece-za-poginule-branitelje\/","og_site_name":"Gorica Info","article_publisher":"https:\/\/www.facebook.com\/Goricainfo-106005144489262","article_published_time":"2025-08-05T08:13:24+00:00","article_modified_time":"2025-08-05T09:31:36+00:00","og_image":[{"width":1500,"height":1000,"url":"https:\/\/gorica.info\/wp-content\/uploads\/2025\/08\/dan-pobjede-vijenci.jpg","type":"image\/jpeg"}],"author":"Gorica. info","twitter_card":"summary_large_image","twitter_creator":"@GoricaInfo","twitter_site":"@GoricaInfo","twitter_misc":{"Written by":"Gorica. info","Est. reading time":"2 minutes"},"schema":{"@context":"https:\/\/schema.org","@graph":[{"@type":"NewsArticle","@id":"https:\/\/gorica.info\/brojna-izaslanstva-polozila-su-vijence-i-zapalila-svijece-za-poginule-branitelje\/#article","isPartOf":{"@id":"https:\/\/gorica.info\/brojna-izaslanstva-polozila-su-vijence-i-zapalila-svijece-za-poginule-branitelje\/"},"author":{"name":"Gorica. info","@id":"https:\/\/gorica.info\/#\/schema\/person\/4499af1f22f322670b9b5977ccc2e3de"},"headline":"Brojna izaslanstva polo\u017eila su vijence i zapalila svije\u0107e za poginule branitelje","datePublished":"2025-08-05T08:13:24+00:00","dateModified":"2025-08-05T09:31:36+00:00","mainEntityOfPage":{"@id":"https:\/\/gorica.info\/brojna-izaslanstva-polozila-su-vijence-i-zapalila-svijece-za-poginule-branitelje\/"},"wordCount":125,"publisher":{"@id":"https:\/\/gorica.info\/#organization"},"image":{"@id":"https:\/\/gorica.info\/brojna-izaslanstva-polozila-su-vijence-i-zapalila-svijece-za-poginule-branitelje\/#primaryimage"},"thumbnailUrl":"https:\/\/gorica.info\/wp-content\/uploads\/2025\/08\/dan-pobjede-vijenci.jpg","keywords":["dan branitelja","dan pobjede","sje\u0107anje","spomenik poginulim braniteljima","Velika Gorica","vg vijesti"],"articleSection":["GORICA"],"inLanguage":"en-US","copyrightYear":"2025","copyrightHolder":{"@id":"https:\/\/gorica.info\/en\/#organization"}},{"@type":"WebPage","@id":"https:\/\/gorica.info\/brojna-izaslanstva-polozila-su-vijence-i-zapalila-svijece-za-poginule-branitelje\/","url":"https:\/\/gorica.info\/brojna-izaslanstva-polozila-su-vijence-i-zapalila-svijece-za-poginule-branitelje\/","name":"Brojna izaslanstva polo\u017eila su vijence i zapalila svije\u0107e za poginule branitelje - Gorica Info","isPartOf":{"@id":"https:\/\/gorica.info\/#website"},"primaryImageOfPage":{"@id":"https:\/\/gorica.info\/brojna-izaslanstva-polozila-su-vijence-i-zapalila-svijece-za-poginule-branitelje\/#primaryimage"},"image":{"@id":"https:\/\/gorica.info\/brojna-izaslanstva-polozila-su-vijence-i-zapalila-svijece-za-poginule-branitelje\/#primaryimage"},"thumbnailUrl":"https:\/\/gorica.info\/wp-content\/uploads\/2025\/08\/dan-pobjede-vijenci.jpg","datePublished":"2025-08-05T08:13:24+00:00","dateModified":"2025-08-05T09:31:36+00:00","description":"Dan pobjede i domovinske zahvalnosti i Dan branitelja: Kod spomenika poginulim braniteljima izaslanstva su polo\u017eila vijence i zapalila svije\u0107e","breadcrumb":{"@id":"https:\/\/gorica.info\/brojna-izaslanstva-polozila-su-vijence-i-zapalila-svijece-za-poginule-branitelje\/#breadcrumb"},"inLanguage":"en-US","potentialAction":[{"@type":"ReadAction","target":["https:\/\/gorica.info\/brojna-izaslanstva-polozila-su-vijence-i-zapalila-svijece-za-poginule-branitelje\/"]}]},{"@type":"ImageObject","inLanguage":"en-US","@id":"https:\/\/gorica.info\/brojna-izaslanstva-polozila-su-vijence-i-zapalila-svijece-za-poginule-branitelje\/#primaryimage","url":"https:\/\/gorica.info\/wp-content\/uploads\/2025\/08\/dan-pobjede-vijenci.jpg","contentUrl":"https:\/\/gorica.info\/wp-content\/uploads\/2025\/08\/dan-pobjede-vijenci.jpg","width":1500,"height":1000,"caption":"Foto: Kre\u0161imir A\u010dkar FB"},{"@type":"BreadcrumbList","@id":"https:\/\/gorica.info\/brojna-izaslanstva-polozila-su-vijence-i-zapalila-svijece-za-poginule-branitelje\/#breadcrumb","itemListElement":[{"@type":"ListItem","position":1,"name":"Po\u010detna stranica","item":"https:\/\/gorica.info\/"},{"@type":"ListItem","position":2,"name":"Brojna izaslanstva polo\u017eila su vijence i zapalila svije\u0107e za poginule branitelje"}]},{"@type":"WebSite","@id":"https:\/\/gorica.info\/#website","url":"https:\/\/gorica.info\/","name":"Gorica Info","description":"Vijesti iz Velike Gorice i okolice.","publisher":{"@id":"https:\/\/gorica.info\/#organization"},"potentialAction":[{"@type":"SearchAction","target":{"@type":"EntryPoint","urlTemplate":"https:\/\/gorica.info\/?s={search_term_string}"},"query-input":{"@type":"PropertyValueSpecification","valueRequired":true,"valueName":"search_term_string"}}],"inLanguage":"en-US"},{"@type":["Organization","Place","NewsMediaOrganization"],"@id":"https:\/\/gorica.info\/#organization","name":"Gorica Info","url":"https:\/\/gorica.info\/","logo":{"@id":"https:\/\/gorica.info\/brojna-izaslanstva-polozila-su-vijence-i-zapalila-svijece-za-poginule-branitelje\/#local-main-organization-logo"},"image":{"@id":"https:\/\/gorica.info\/brojna-izaslanstva-polozila-su-vijence-i-zapalila-svijece-za-poginule-branitelje\/#local-main-organization-logo"},"sameAs":["https:\/\/www.facebook.com\/Goricainfo-106005144489262","https:\/\/x.com\/GoricaInfo","https:\/\/www.instagram.com\/gorica.info\/"],"address":{"@id":"https:\/\/gorica.info\/brojna-izaslanstva-polozila-su-vijence-i-zapalila-svijece-za-poginule-branitelje\/#local-main-place-address"},"telephone":[],"openingHoursSpecification":[{"@type":"OpeningHoursSpecification","dayOfWeek":["Monday","Tuesday","Wednesday","Thursday","Friday","Saturday","Sunday"],"opens":"09:00","closes":"17:00"}],"email":"redakcija@gorica.info"},{"@type":"Person","@id":"https:\/\/gorica.info\/#\/schema\/person\/4499af1f22f322670b9b5977ccc2e3de","name":"Gorica. info","description":"Gorica.info je lokalni portal koji prati Veliku Goricu i okolici, svakodnevno donosi najnovije vijesti i pri\u010de, kulturna doga\u0111anja i aktualnosti koje oblikuju \u017eivot gra\u0111ana.","url":"https:\/\/gorica.info\/en\/author\/gorica-info\/"},{"@type":"PostalAddress","@id":"https:\/\/gorica.info\/brojna-izaslanstva-polozila-su-vijence-i-zapalila-svijece-za-poginule-branitelje\/#local-main-place-address","streetAddress":"Horvatova 97","addressLocality":"Velika Gorica","postalCode":"10410","addressRegion":"Croatia","addressCountry":"HR"},{"@type":"ImageObject","inLanguage":"en-US","@id":"https:\/\/gorica.info\/brojna-izaslanstva-polozila-su-vijence-i-zapalila-svijece-za-poginule-branitelje\/#local-main-organization-logo","url":"https:\/\/gorica.info\/wp-content\/uploads\/2024\/07\/Gorica-Info-Logo-mali.png","contentUrl":"https:\/\/gorica.info\/wp-content\/uploads\/2024\/07\/Gorica-Info-Logo-mali.png","width":450,"height":85,"caption":"Gorica Info"}]},"geo.placename":"Velika Gorica","geo.region":"Croatia"},"_links":{"self":[{"href":"https:\/\/gorica.info\/en\/wp-json\/wp\/v2\/posts\/93733","targetHints":{"allow":["GET"]}}],"collection":[{"href":"https:\/\/gorica.info\/en\/wp-json\/wp\/v2\/posts"}],"about":[{"href":"https:\/\/gorica.info\/en\/wp-json\/wp\/v2\/types\/post"}],"author":[{"embeddable":true,"href":"https:\/\/gorica.info\/en\/wp-json\/wp\/v2\/users\/23"}],"replies":[{"embeddable":true,"href":"https:\/\/gorica.info\/en\/wp-json\/wp\/v2\/comments?post=93733"}],"version-history":[{"count":1,"href":"https:\/\/gorica.info\/en\/wp-json\/wp\/v2\/posts\/93733\/revisions"}],"predecessor-version":[{"id":93738,"href":"https:\/\/gorica.info\/en\/wp-json\/wp\/v2\/posts\/93733\/revisions\/93738"}],"wp:featuredmedia":[{"embeddable":true,"href":"https:\/\/gorica.info\/en\/wp-json\/wp\/v2\/media\/93734"}],"wp:attachment":[{"href":"https:\/\/gorica.info\/en\/wp-json\/wp\/v2\/media?parent=93733"}],"wp:term":[{"taxonomy":"category","embeddable":true,"href":"https:\/\/gorica.info\/en\/wp-json\/wp\/v2\/categories?post=93733"},{"taxonomy":"post_tag","embeddable":true,"href":"https:\/\/gorica.info\/en\/wp-json\/wp\/v2\/tags?post=93733"}],"curies":[{"name":"wp","href":"https:\/\/api.w.org\/{rel}","templated":true}]}}