{"id":93844,"date":"2025-08-09T09:07:58","date_gmt":"2025-08-09T07:07:58","guid":{"rendered":"https:\/\/gorica.info\/?p=93844"},"modified":"2025-08-09T09:07:09","modified_gmt":"2025-08-09T07:07:09","slug":"maraton-lada-goricki-vatrogasci-veslaju-za-nikad-prezaljenog-ivana-galekovica","status":"publish","type":"post","link":"https:\/\/gorica.info\/en\/maraton-lada-goricki-vatrogasci-veslaju-za-nikad-prezaljenog-ivana-galekovica\/","title":{"rendered":"Maraton la\u0111a: Gori\u010dki vatrogasci veslaju za nikad pre\u017ealjenog Ivana Galekovi\u0107a"},"content":{"rendered":"<p><span style=\"font-size: 20px\"><strong>Druge subote u kolovozu<\/strong> odr\u017eava se jedna od najpoznatijih<strong> vesla\u010dkih utrka<\/strong> u Hrvatskoj &#8211; <strong>Maraton la\u0111a na Neretvi.<\/strong>\u00a0Me\u0111u brojnim ekipama koje \u0107e danas veslati na<strong> Maratonu la\u0111a,<\/strong> bit \u0107e i gori\u010dki vatrogasci. <\/span><\/p>\n<p><span style=\"font-size: 20px\">Ove godine na Maratonu la\u0111a po prvi put \u0107e sudjelovati ekipa sastavljena isklju\u010divo od pripadnika<strong> Vatrogasnih postrojbi Velike Gorice<\/strong> i <strong>Dubrovnika<\/strong>. Motivacija im je zajedni\u0161tvo i duboki pijetet prema dvojici tragi\u010dno preminulih kolega.<\/span><\/p>\n<p><span style=\"font-size: 20px\">Vatrogasci \u0107e ovom utrkom odati po\u010dast <strong>Goranu Komlencu<\/strong>, vatrogascu iz Dubrovnika koji je tragi\u010dno preminuo 2022. godine na intervenciji, te<a href=\"https:\/\/gorica.info\/en\/vatrogasno-natjecanje-okupilo-velikih-broj-djece-i-odraslih-u-vatrogasnom-domu-otkriven-mural-posvecen-ivanu-galekovicu\/\"><strong> Ivanu Galekovi\u0107u<\/strong><\/a>, vatrogascu iz Velike Gorice koji je poginuo na du\u017enosti 2019. godine.<\/span><\/p>\n<p><span style=\"font-size: 20px\">Proteklih dana vatrogasci su<strong> vrijedno vje\u017ebali<\/strong> i pripremali se za utrku. U dogovoru sa zapovjednikom JVP Dubrovnik <strong>Zdravkom Kova\u010di\u0107em<\/strong> i zapovjednikom JVP Velika Gorica <strong>Ivicom Macekovi\u0107em<\/strong>, a pod vodstvom <strong>Petra Radaljca<\/strong>, dugogodi\u0161njeg la\u0111ara, te uz podr\u0161ku Udruge la\u0111ara Gusari Komin i njihovog \u010dlana <strong>Petra Dru\u017eijani\u0107a<\/strong>, ekipa vatrogasaca se marljivo pripremala za ovu zahtjevnu utrku kako bi bili spremi dati sve od sebe u la\u0111i koja simbolizira vi\u0161e od sporta.<\/span><\/p>\n<p><span style=\"font-size: 20px\">Ova inicijativa, proiza\u0161la iz prijateljstva i profesionalne povezanosti dviju vatrogasnih postrojbi, postaje simbol<strong> istinske ljudske snage<\/strong> i zajedni\u010dke borbe. <\/span><\/p>\n<p><span style=\"font-size: 20px\">Vatrogasci, naviknuti na borbu s vatrom, sada \u0107e svoje ruke usmjeriti na vesla \u2013 i boriti se s valovima i kilometrima, s mislima koje ih nose daleko vi\u0161e nego sama Neretva \u2013 poru\u010dili su iz <a href=\"https:\/\/www.facebook.com\/profile.php?id=100077456839741&amp;locale=hr_HR\">Javne vatrogasne postrojbe Velika Gorica<\/a>.<\/span><\/p>\n<p><span style=\"font-size: 20px\">Prijenos 28. Maratona la\u0111a na Neretvi mo\u017eete pratiti na <a href=\"https:\/\/www.facebook.com\/maraton.ladja?locale=hr_HR\">Drugom programu HTV-a od 16:50.<\/a><\/span><\/p>\n<p><span style=\"font-size: 20px\">Sretno svim ekipama!<\/span><\/p>","protected":false},"excerpt":{"rendered":"<p>Druge subote u kolovozu odr\u017eava se jedna od najpoznatijih vesla\u010dkih utrka u Hrvatskoj &#8211; Maraton la\u0111a na Neretvi.\u00a0Me\u0111u brojnim ekipama koje \u0107e danas veslati na Maratonu la\u0111a, bit \u0107e i gori\u010dki vatrogasci. Ove godine na Maratonu la\u0111a po prvi put \u0107e sudjelovati ekipa sastavljena isklju\u010divo od pripadnika Vatrogasnih postrojbi Velike Gorice i Dubrovnika. Motivacija im [&hellip;]<\/p>\n","protected":false},"author":23,"featured_media":93845,"comment_status":"closed","ping_status":"closed","sticky":false,"template":"","format":"standard","meta":{"limit_modified_date":"1","last_modified_date":"","jnews-multi-image_gallery":[],"jnews_single_post":{"format":"standard","override":[{"template":"3","parallax":"1","fullscreen":"1","layout":"right-sidebar","sidebar":"default-sidebar","second_sidebar":"default-sidebar","sticky_sidebar":"1","share_position":"top","share_float_style":"share-monocrhome","show_featured":"1","show_post_meta":"1","show_post_author":"1","show_post_author_image":"1","show_post_date":"1","post_date_format":"default","post_date_format_custom":"Y\/m\/d","show_post_category":"1","show_post_reading_time":"1","post_reading_time_wpm":"300","post_calculate_word_method":"str_word_count","zoom_button_out_step":"2","zoom_button_in_step":"3","show_post_tag":"1","show_popup_post":"1","number_popup_post":"1","show_post_related":"1"}],"image_override":[{"single_post_thumbnail_size":"crop-500","single_post_gallery_size":"crop-500"}],"trending_post_position":"meta","trending_post_label":"Trending","sponsored_post_label":"Sponsored by","disable_ad":"0","subtitle":"Prijenos mo\u017eete pratiti na Drugom programu HTV-a od 16:50 sati"},"jnews_primary_category":[],"jnews_override_counter":{"view_counter_number":"0","share_counter_number":"0","like_counter_number":"0","dislike_counter_number":"0"},"footnotes":""},"categories":[87],"tags":[11476,20059,20060,465,20061,15554],"class_list":["post-93844","post","type-post","status-publish","format-standard","has-post-thumbnail","hentry","category-gorica","tag-dolina-neretve","tag-maraton-lada","tag-sjecanje-na-vatrogasce","tag-vatrogasci","tag-veslacka-utrka","tag-vg-vijesti"],"yoast_head":"<!-- This site is optimized with the Yoast SEO Premium plugin v27.4 (Yoast SEO v27.4) - https:\/\/yoast.com\/product\/yoast-seo-premium-wordpress\/ -->\n<title>Maraton la\u0111a: Gori\u010dki vatrogasci veslaju za nikad pre\u017ealjenog Ivana Galekovi\u0107a - Gorica Info<\/title>\n<meta name=\"description\" content=\"Maraton la\u0111a: Gori\u010dki vatrogasci veslaju za nikad pre\u017ealjenog Ivana Galekovi\u0107a. Utrka je duga 22 i pol kilometra od Metkovi\u0107a do Plo\u010da\" \/>\n<meta name=\"robots\" content=\"index, follow, max-snippet:-1, max-image-preview:large, max-video-preview:-1\" \/>\n<link rel=\"canonical\" href=\"https:\/\/gorica.info\/en\/maraton-lada-goricki-vatrogasci-veslaju-za-nikad-prezaljenog-ivana-galekovica\/\" \/>\n<meta property=\"og:locale\" content=\"en_US\" \/>\n<meta property=\"og:type\" content=\"article\" \/>\n<meta property=\"og:title\" content=\"Maraton la\u0111a: Gori\u010dki vatrogasci veslaju za nikad pre\u017ealjenog Ivana Galekovi\u0107a\" \/>\n<meta property=\"og:description\" content=\"Maraton la\u0111a: Gori\u010dki vatrogasci veslaju za nikad pre\u017ealjenog Ivana Galekovi\u0107a. Utrka je duga 22 i pol kilometra od Metkovi\u0107a do Plo\u010da\" \/>\n<meta property=\"og:url\" content=\"https:\/\/gorica.info\/en\/maraton-lada-goricki-vatrogasci-veslaju-za-nikad-prezaljenog-ivana-galekovica\/\" \/>\n<meta property=\"og:site_name\" content=\"Gorica Info\" \/>\n<meta property=\"article:publisher\" content=\"https:\/\/www.facebook.com\/Goricainfo-106005144489262\" \/>\n<meta property=\"article:published_time\" content=\"2025-08-09T07:07:58+00:00\" \/>\n<meta property=\"og:image\" content=\"https:\/\/gorica.info\/wp-content\/uploads\/2025\/08\/maraton-lada.jpg\" \/>\n\t<meta property=\"og:image:width\" content=\"1200\" \/>\n\t<meta property=\"og:image:height\" content=\"800\" \/>\n\t<meta property=\"og:image:type\" content=\"image\/jpeg\" \/>\n<meta name=\"author\" content=\"Gorica. info\" \/>\n<meta name=\"twitter:card\" content=\"summary_large_image\" \/>\n<meta name=\"twitter:creator\" content=\"@GoricaInfo\" \/>\n<meta name=\"twitter:site\" content=\"@GoricaInfo\" \/>\n<meta name=\"twitter:label1\" content=\"Written by\" \/>\n\t<meta name=\"twitter:data1\" content=\"Gorica. info\" \/>\n\t<meta name=\"twitter:label2\" content=\"Est. reading time\" \/>\n\t<meta name=\"twitter:data2\" content=\"2 minutes\" \/>\n<meta name=\"geo.placename\" content=\"Velika Gorica\" \/>\n<meta name=\"geo.region\" content=\"Croatia\" \/>\n<!-- \/ Yoast SEO Premium plugin. -->","yoast_head_json":{"title":"Maraton la\u0111a: Gori\u010dki vatrogasci veslaju za nikad pre\u017ealjenog Ivana Galekovi\u0107a - Gorica Info","description":"Maraton la\u0111a: Gori\u010dki vatrogasci veslaju za nikad pre\u017ealjenog Ivana Galekovi\u0107a. Utrka je duga 22 i pol kilometra od Metkovi\u0107a do Plo\u010da","robots":{"index":"index","follow":"follow","max-snippet":"max-snippet:-1","max-image-preview":"max-image-preview:large","max-video-preview":"max-video-preview:-1"},"canonical":"https:\/\/gorica.info\/en\/maraton-lada-goricki-vatrogasci-veslaju-za-nikad-prezaljenog-ivana-galekovica\/","og_locale":"en_US","og_type":"article","og_title":"Maraton la\u0111a: Gori\u010dki vatrogasci veslaju za nikad pre\u017ealjenog Ivana Galekovi\u0107a","og_description":"Maraton la\u0111a: Gori\u010dki vatrogasci veslaju za nikad pre\u017ealjenog Ivana Galekovi\u0107a. Utrka je duga 22 i pol kilometra od Metkovi\u0107a do Plo\u010da","og_url":"https:\/\/gorica.info\/en\/maraton-lada-goricki-vatrogasci-veslaju-za-nikad-prezaljenog-ivana-galekovica\/","og_site_name":"Gorica Info","article_publisher":"https:\/\/www.facebook.com\/Goricainfo-106005144489262","article_published_time":"2025-08-09T07:07:58+00:00","og_image":[{"width":1200,"height":800,"url":"https:\/\/gorica.info\/wp-content\/uploads\/2025\/08\/maraton-lada.jpg","type":"image\/jpeg"}],"author":"Gorica. info","twitter_card":"summary_large_image","twitter_creator":"@GoricaInfo","twitter_site":"@GoricaInfo","twitter_misc":{"Written by":"Gorica. info","Est. reading time":"2 minutes"},"schema":{"@context":"https:\/\/schema.org","@graph":[{"@type":"NewsArticle","@id":"https:\/\/gorica.info\/maraton-lada-goricki-vatrogasci-veslaju-za-nikad-prezaljenog-ivana-galekovica\/#article","isPartOf":{"@id":"https:\/\/gorica.info\/maraton-lada-goricki-vatrogasci-veslaju-za-nikad-prezaljenog-ivana-galekovica\/"},"author":{"name":"Gorica. info","@id":"https:\/\/gorica.info\/#\/schema\/person\/4499af1f22f322670b9b5977ccc2e3de"},"headline":"Maraton la\u0111a: Gori\u010dki vatrogasci veslaju za nikad pre\u017ealjenog Ivana Galekovi\u0107a","datePublished":"2025-08-09T07:07:58+00:00","mainEntityOfPage":{"@id":"https:\/\/gorica.info\/maraton-lada-goricki-vatrogasci-veslaju-za-nikad-prezaljenog-ivana-galekovica\/"},"wordCount":284,"publisher":{"@id":"https:\/\/gorica.info\/#organization"},"image":{"@id":"https:\/\/gorica.info\/maraton-lada-goricki-vatrogasci-veslaju-za-nikad-prezaljenog-ivana-galekovica\/#primaryimage"},"thumbnailUrl":"https:\/\/gorica.info\/wp-content\/uploads\/2025\/08\/maraton-lada.jpg","keywords":["dolina neretve","maraton la\u0111a","sje\u0107anje na vatrogasce","vatrogasci","vesla\u010dka utrka","vg vijesti"],"articleSection":["GORICA"],"inLanguage":"en-US","copyrightYear":"2025","copyrightHolder":{"@id":"https:\/\/gorica.info\/en\/#organization"}},{"@type":"WebPage","@id":"https:\/\/gorica.info\/maraton-lada-goricki-vatrogasci-veslaju-za-nikad-prezaljenog-ivana-galekovica\/","url":"https:\/\/gorica.info\/maraton-lada-goricki-vatrogasci-veslaju-za-nikad-prezaljenog-ivana-galekovica\/","name":"Maraton la\u0111a: Gori\u010dki vatrogasci veslaju za nikad pre\u017ealjenog Ivana Galekovi\u0107a - Gorica Info","isPartOf":{"@id":"https:\/\/gorica.info\/#website"},"primaryImageOfPage":{"@id":"https:\/\/gorica.info\/maraton-lada-goricki-vatrogasci-veslaju-za-nikad-prezaljenog-ivana-galekovica\/#primaryimage"},"image":{"@id":"https:\/\/gorica.info\/maraton-lada-goricki-vatrogasci-veslaju-za-nikad-prezaljenog-ivana-galekovica\/#primaryimage"},"thumbnailUrl":"https:\/\/gorica.info\/wp-content\/uploads\/2025\/08\/maraton-lada.jpg","datePublished":"2025-08-09T07:07:58+00:00","description":"Maraton la\u0111a: Gori\u010dki vatrogasci veslaju za nikad pre\u017ealjenog Ivana Galekovi\u0107a. Utrka je duga 22 i pol kilometra od Metkovi\u0107a do Plo\u010da","breadcrumb":{"@id":"https:\/\/gorica.info\/maraton-lada-goricki-vatrogasci-veslaju-za-nikad-prezaljenog-ivana-galekovica\/#breadcrumb"},"inLanguage":"en-US","potentialAction":[{"@type":"ReadAction","target":["https:\/\/gorica.info\/maraton-lada-goricki-vatrogasci-veslaju-za-nikad-prezaljenog-ivana-galekovica\/"]}]},{"@type":"ImageObject","inLanguage":"en-US","@id":"https:\/\/gorica.info\/maraton-lada-goricki-vatrogasci-veslaju-za-nikad-prezaljenog-ivana-galekovica\/#primaryimage","url":"https:\/\/gorica.info\/wp-content\/uploads\/2025\/08\/maraton-lada.jpg","contentUrl":"https:\/\/gorica.info\/wp-content\/uploads\/2025\/08\/maraton-lada.jpg","width":1200,"height":800,"caption":"Foto: Maraton la\u0111a"},{"@type":"BreadcrumbList","@id":"https:\/\/gorica.info\/maraton-lada-goricki-vatrogasci-veslaju-za-nikad-prezaljenog-ivana-galekovica\/#breadcrumb","itemListElement":[{"@type":"ListItem","position":1,"name":"Po\u010detna stranica","item":"https:\/\/gorica.info\/"},{"@type":"ListItem","position":2,"name":"Maraton la\u0111a: Gori\u010dki vatrogasci veslaju za nikad pre\u017ealjenog Ivana Galekovi\u0107a"}]},{"@type":"WebSite","@id":"https:\/\/gorica.info\/#website","url":"https:\/\/gorica.info\/","name":"Gorica Info","description":"Vijesti iz Velike Gorice i okolice.","publisher":{"@id":"https:\/\/gorica.info\/#organization"},"potentialAction":[{"@type":"SearchAction","target":{"@type":"EntryPoint","urlTemplate":"https:\/\/gorica.info\/?s={search_term_string}"},"query-input":{"@type":"PropertyValueSpecification","valueRequired":true,"valueName":"search_term_string"}}],"inLanguage":"en-US"},{"@type":["Organization","Place","NewsMediaOrganization"],"@id":"https:\/\/gorica.info\/#organization","name":"Gorica Info","url":"https:\/\/gorica.info\/","logo":{"@id":"https:\/\/gorica.info\/maraton-lada-goricki-vatrogasci-veslaju-za-nikad-prezaljenog-ivana-galekovica\/#local-main-organization-logo"},"image":{"@id":"https:\/\/gorica.info\/maraton-lada-goricki-vatrogasci-veslaju-za-nikad-prezaljenog-ivana-galekovica\/#local-main-organization-logo"},"sameAs":["https:\/\/www.facebook.com\/Goricainfo-106005144489262","https:\/\/x.com\/GoricaInfo","https:\/\/www.instagram.com\/gorica.info\/"],"address":{"@id":"https:\/\/gorica.info\/maraton-lada-goricki-vatrogasci-veslaju-za-nikad-prezaljenog-ivana-galekovica\/#local-main-place-address"},"telephone":[],"openingHoursSpecification":[{"@type":"OpeningHoursSpecification","dayOfWeek":["Monday","Tuesday","Wednesday","Thursday","Friday","Saturday","Sunday"],"opens":"09:00","closes":"17:00"}],"email":"redakcija@gorica.info"},{"@type":"Person","@id":"https:\/\/gorica.info\/#\/schema\/person\/4499af1f22f322670b9b5977ccc2e3de","name":"Gorica. info","description":"Gorica.info je lokalni portal koji prati Veliku Goricu i okolici, svakodnevno donosi najnovije vijesti i pri\u010de, kulturna doga\u0111anja i aktualnosti koje oblikuju \u017eivot gra\u0111ana.","url":"https:\/\/gorica.info\/en\/author\/gorica-info\/"},{"@type":"PostalAddress","@id":"https:\/\/gorica.info\/maraton-lada-goricki-vatrogasci-veslaju-za-nikad-prezaljenog-ivana-galekovica\/#local-main-place-address","streetAddress":"Horvatova 97","addressLocality":"Velika Gorica","postalCode":"10410","addressRegion":"Croatia","addressCountry":"HR"},{"@type":"ImageObject","inLanguage":"en-US","@id":"https:\/\/gorica.info\/maraton-lada-goricki-vatrogasci-veslaju-za-nikad-prezaljenog-ivana-galekovica\/#local-main-organization-logo","url":"https:\/\/gorica.info\/wp-content\/uploads\/2024\/07\/Gorica-Info-Logo-mali.png","contentUrl":"https:\/\/gorica.info\/wp-content\/uploads\/2024\/07\/Gorica-Info-Logo-mali.png","width":450,"height":85,"caption":"Gorica Info"}]},"geo.placename":"Velika Gorica","geo.region":"Croatia"},"_links":{"self":[{"href":"https:\/\/gorica.info\/en\/wp-json\/wp\/v2\/posts\/93844","targetHints":{"allow":["GET"]}}],"collection":[{"href":"https:\/\/gorica.info\/en\/wp-json\/wp\/v2\/posts"}],"about":[{"href":"https:\/\/gorica.info\/en\/wp-json\/wp\/v2\/types\/post"}],"author":[{"embeddable":true,"href":"https:\/\/gorica.info\/en\/wp-json\/wp\/v2\/users\/23"}],"replies":[{"embeddable":true,"href":"https:\/\/gorica.info\/en\/wp-json\/wp\/v2\/comments?post=93844"}],"version-history":[{"count":1,"href":"https:\/\/gorica.info\/en\/wp-json\/wp\/v2\/posts\/93844\/revisions"}],"predecessor-version":[{"id":93846,"href":"https:\/\/gorica.info\/en\/wp-json\/wp\/v2\/posts\/93844\/revisions\/93846"}],"wp:featuredmedia":[{"embeddable":true,"href":"https:\/\/gorica.info\/en\/wp-json\/wp\/v2\/media\/93845"}],"wp:attachment":[{"href":"https:\/\/gorica.info\/en\/wp-json\/wp\/v2\/media?parent=93844"}],"wp:term":[{"taxonomy":"category","embeddable":true,"href":"https:\/\/gorica.info\/en\/wp-json\/wp\/v2\/categories?post=93844"},{"taxonomy":"post_tag","embeddable":true,"href":"https:\/\/gorica.info\/en\/wp-json\/wp\/v2\/tags?post=93844"}],"curies":[{"name":"wp","href":"https:\/\/api.w.org\/{rel}","templated":true}]}}