{"id":94790,"date":"2025-09-05T11:03:16","date_gmt":"2025-09-05T09:03:16","guid":{"rendered":"https:\/\/gorica.info\/?p=94790"},"modified":"2025-09-07T10:11:54","modified_gmt":"2025-09-07T08:11:54","slug":"na-strossmayerovom-trgu-u-zagrebu-koncert-u-cast-gabi-matije-i-arsena","status":"publish","type":"post","link":"https:\/\/gorica.info\/en\/na-strossmayerovom-trgu-u-zagrebu-koncert-u-cast-gabi-matije-i-arsena\/","title":{"rendered":"Na Strossmayerovom trgu u Zagrebu: Koncert u \u010dast Gabi, Matije i Arsena"},"content":{"rendered":"<p><span style=\"font-size: 20px\">U \u010dast troje velikana hrvatske kulture \u2013 <a href=\"https:\/\/hr.wikipedia.org\/wiki\/Gabi_Novak\"><strong>Gabi Novak<\/strong><\/a>, <strong>Matije Dedi\u0107a<\/strong> i <strong>Arsena Dedi\u0107a<\/strong> \u2013<a href=\"https:\/\/zagreb.hr\/koncert-u-cast-gabi-matije-i-arsena\/210905\"> Grad Zagreb<\/a> organizira<strong> sve\u010dani koncert<\/strong> koji \u0107e se odr\u017eati u <strong>nedjelju, 14. rujna<\/strong> na Strossmayerovom trgu u <a href=\"https:\/\/gorica.info\/en\/category\/zagreb-i-zupanija\/zagreb\/\">Zagrebu<\/a> s <strong>po\u010detkom u 19.30 sati<\/strong>.<\/span><\/p>\n<figure id=\"attachment_94793\" aria-describedby=\"caption-attachment-94793\" style=\"width: 1080px\" class=\"wp-caption alignnone\"><img fetchpriority=\"high\" decoding=\"async\" class=\"wp-image-94793 size-full\" src=\"https:\/\/gorica.info\/wp-content\/uploads\/2025\/09\/Koncert-u-cast-Gabi-Matije-i-Arsena-1.png\" alt=\"koncert\" width=\"1080\" height=\"1086\" srcset=\"https:\/\/gorica.info\/wp-content\/uploads\/2025\/09\/Koncert-u-cast-Gabi-Matije-i-Arsena-1.png 1080w, https:\/\/gorica.info\/wp-content\/uploads\/2025\/09\/Koncert-u-cast-Gabi-Matije-i-Arsena-1-298x300.png 298w, https:\/\/gorica.info\/wp-content\/uploads\/2025\/09\/Koncert-u-cast-Gabi-Matije-i-Arsena-1-1018x1024.png 1018w, https:\/\/gorica.info\/wp-content\/uploads\/2025\/09\/Koncert-u-cast-Gabi-Matije-i-Arsena-1-150x150.png 150w, https:\/\/gorica.info\/wp-content\/uploads\/2025\/09\/Koncert-u-cast-Gabi-Matije-i-Arsena-1-768x772.png 768w, https:\/\/gorica.info\/wp-content\/uploads\/2025\/09\/Koncert-u-cast-Gabi-Matije-i-Arsena-1-12x12.png 12w, https:\/\/gorica.info\/wp-content\/uploads\/2025\/09\/Koncert-u-cast-Gabi-Matije-i-Arsena-1-75x75.png 75w, https:\/\/gorica.info\/wp-content\/uploads\/2025\/09\/Koncert-u-cast-Gabi-Matije-i-Arsena-1-750x754.png 750w\" sizes=\"(max-width: 1080px) 100vw, 1080px\" \/><figcaption id=\"caption-attachment-94793\" class=\"wp-caption-text\">Foto: Blagoja Borislav Pe\u0161i\u0107<\/figcaption><\/figure>\n<p><span style=\"font-size: 20px\">Publiku o\u010dekuje <strong>jedinstven program<\/strong> pod umjetni\u010dkim vodstvom <strong>Ante Gele<\/strong>, u kojem \u0107e se izmjenjivati vokalne izvedbe bezvremenskih pjesama Gabi Novak, recital Arsenovih stihova i jazz kompozicije Matije Dedi\u0107a. Izvest \u0107e ih brojni glazbenici, glumci i prijatelji obitelji.<\/span><\/p>\n<p><span style=\"font-size: 20px\">Detalji programa bit \u0107e objavljeni u sljede\u0107im danima.<\/span><\/p>","protected":false},"excerpt":{"rendered":"<p>U \u010dast troje velikana hrvatske kulture \u2013 Gabi Novak, Matije Dedi\u0107a i Arsena Dedi\u0107a \u2013 Grad Zagreb organizira sve\u010dani koncert koji \u0107e se odr\u017eati u nedjelju, 14. rujna na Strossmayerovom trgu u Zagrebu s po\u010detkom u 19.30 sati. Publiku o\u010dekuje jedinstven program pod umjetni\u010dkim vodstvom Ante Gele, u kojem \u0107e se izmjenjivati vokalne izvedbe bezvremenskih [&hellip;]<\/p>\n","protected":false},"author":25,"featured_media":94791,"comment_status":"closed","ping_status":"closed","sticky":false,"template":"","format":"standard","meta":{"limit_modified_date":"1","last_modified_date":"","jnews-multi-image_gallery":[],"jnews_single_post":{"format":"standard","override":[{"template":"3","parallax":"1","fullscreen":"1","layout":"right-sidebar","sidebar":"default-sidebar","second_sidebar":"default-sidebar","sticky_sidebar":"1","share_position":"top","share_float_style":"share-monocrhome","show_featured":"1","show_post_meta":"1","show_post_author":"1","show_post_author_image":"1","show_post_date":"1","post_date_format":"default","post_date_format_custom":"Y\/m\/d","show_post_category":"1","show_post_reading_time":"1","post_reading_time_wpm":"300","post_calculate_word_method":"str_word_count","zoom_button_out_step":"2","zoom_button_in_step":"3","show_post_tag":"1","show_popup_post":"1","number_popup_post":"1","show_post_related":"1"}],"image_override":[{"single_post_thumbnail_size":"crop-500","single_post_gallery_size":"crop-500"}],"trending_post_position":"meta","trending_post_label":"Trending","sponsored_post_label":"Sponsored by","disable_ad":"0","subtitle":"Publiku o\u010dekuje jedinstven program pod umjetni\u010dkim vodstvom Ante Gele"},"jnews_primary_category":[],"jnews_override_counter":{"view_counter_number":"0","share_counter_number":"0","like_counter_number":"0","dislike_counter_number":"0"},"footnotes":""},"categories":[107],"tags":[20307,20306,1308,20305,288],"class_list":["post-94790","post","type-post","status-publish","format-standard","has-post-thumbnail","hentry","category-zagreb","tag-arsen-dedic","tag-gabi-novak","tag-koncert","tag-matija-dedic","tag-zagreb"],"yoast_head":"<!-- This site is optimized with the Yoast SEO Premium plugin v27.4 (Yoast SEO v27.4) - https:\/\/yoast.com\/product\/yoast-seo-premium-wordpress\/ -->\n<title>Na Strossmayerovom trgu u Zagrebu: Koncert u \u010dast Gabi, Matije i Arsena - Gorica Info<\/title>\n<meta name=\"description\" content=\"Na Strossmayerovom trgu u Zagrebu: Koncert u \u010dast Gabi, Matije i Arsena odr\u017eat \u0107e se u nedjelju, 14. rujna u 19.30 sati.\" \/>\n<meta name=\"robots\" content=\"index, follow, max-snippet:-1, max-image-preview:large, max-video-preview:-1\" \/>\n<link rel=\"canonical\" href=\"https:\/\/gorica.info\/en\/na-strossmayerovom-trgu-u-zagrebu-koncert-u-cast-gabi-matije-i-arsena\/\" \/>\n<meta property=\"og:locale\" content=\"en_US\" \/>\n<meta property=\"og:type\" content=\"article\" \/>\n<meta property=\"og:title\" content=\"Na Strossmayerovom trgu u Zagrebu: Koncert u \u010dast Gabi, Matije i Arsena\" \/>\n<meta property=\"og:description\" content=\"Na Strossmayerovom trgu u Zagrebu: Koncert u \u010dast Gabi, Matije i Arsena odr\u017eat \u0107e se u nedjelju, 14. rujna u 19.30 sati.\" \/>\n<meta property=\"og:url\" content=\"https:\/\/gorica.info\/en\/na-strossmayerovom-trgu-u-zagrebu-koncert-u-cast-gabi-matije-i-arsena\/\" \/>\n<meta property=\"og:site_name\" content=\"Gorica Info\" \/>\n<meta property=\"article:publisher\" content=\"https:\/\/www.facebook.com\/Goricainfo-106005144489262\" \/>\n<meta property=\"article:published_time\" content=\"2025-09-05T09:03:16+00:00\" \/>\n<meta property=\"article:modified_time\" content=\"2025-09-07T08:11:54+00:00\" \/>\n<meta property=\"og:image\" content=\"https:\/\/gorica.info\/wp-content\/uploads\/2025\/09\/Koncert-u-cast-Gabi-Matije-i-Arsena-e1757151284171.png\" \/>\n\t<meta property=\"og:image:width\" content=\"1080\" \/>\n\t<meta property=\"og:image:height\" content=\"726\" \/>\n\t<meta property=\"og:image:type\" content=\"image\/png\" \/>\n<meta name=\"author\" content=\"Marta Horvat\" \/>\n<meta name=\"twitter:card\" content=\"summary_large_image\" \/>\n<meta name=\"twitter:creator\" content=\"@GoricaInfo\" \/>\n<meta name=\"twitter:site\" content=\"@GoricaInfo\" \/>\n<meta name=\"twitter:label1\" content=\"Written by\" \/>\n\t<meta name=\"twitter:data1\" content=\"Marta Horvat\" \/>\n\t<meta name=\"twitter:label2\" content=\"Est. reading time\" \/>\n\t<meta name=\"twitter:data2\" content=\"1 minute\" \/>\n<meta name=\"geo.placename\" content=\"Velika Gorica\" \/>\n<meta name=\"geo.region\" content=\"Croatia\" \/>\n<!-- \/ Yoast SEO Premium plugin. -->","yoast_head_json":{"title":"Na Strossmayerovom trgu u Zagrebu: Koncert u \u010dast Gabi, Matije i Arsena - Gorica Info","description":"Na Strossmayerovom trgu u Zagrebu: Koncert u \u010dast Gabi, Matije i Arsena odr\u017eat \u0107e se u nedjelju, 14. rujna u 19.30 sati.","robots":{"index":"index","follow":"follow","max-snippet":"max-snippet:-1","max-image-preview":"max-image-preview:large","max-video-preview":"max-video-preview:-1"},"canonical":"https:\/\/gorica.info\/en\/na-strossmayerovom-trgu-u-zagrebu-koncert-u-cast-gabi-matije-i-arsena\/","og_locale":"en_US","og_type":"article","og_title":"Na Strossmayerovom trgu u Zagrebu: Koncert u \u010dast Gabi, Matije i Arsena","og_description":"Na Strossmayerovom trgu u Zagrebu: Koncert u \u010dast Gabi, Matije i Arsena odr\u017eat \u0107e se u nedjelju, 14. rujna u 19.30 sati.","og_url":"https:\/\/gorica.info\/en\/na-strossmayerovom-trgu-u-zagrebu-koncert-u-cast-gabi-matije-i-arsena\/","og_site_name":"Gorica Info","article_publisher":"https:\/\/www.facebook.com\/Goricainfo-106005144489262","article_published_time":"2025-09-05T09:03:16+00:00","article_modified_time":"2025-09-07T08:11:54+00:00","og_image":[{"width":1080,"height":726,"url":"https:\/\/gorica.info\/wp-content\/uploads\/2025\/09\/Koncert-u-cast-Gabi-Matije-i-Arsena-e1757151284171.png","type":"image\/png"}],"author":"Marta Horvat","twitter_card":"summary_large_image","twitter_creator":"@GoricaInfo","twitter_site":"@GoricaInfo","twitter_misc":{"Written by":"Marta Horvat","Est. reading time":"1 minute"},"schema":{"@context":"https:\/\/schema.org","@graph":[{"@type":"NewsArticle","@id":"https:\/\/gorica.info\/na-strossmayerovom-trgu-u-zagrebu-koncert-u-cast-gabi-matije-i-arsena\/#article","isPartOf":{"@id":"https:\/\/gorica.info\/na-strossmayerovom-trgu-u-zagrebu-koncert-u-cast-gabi-matije-i-arsena\/"},"author":{"name":"Marta Horvat","@id":"https:\/\/gorica.info\/#\/schema\/person\/b2df2f6fb2a9073c0fa5af2672befd52"},"headline":"Na Strossmayerovom trgu u Zagrebu: Koncert u \u010dast Gabi, Matije i Arsena","datePublished":"2025-09-05T09:03:16+00:00","dateModified":"2025-09-07T08:11:54+00:00","mainEntityOfPage":{"@id":"https:\/\/gorica.info\/na-strossmayerovom-trgu-u-zagrebu-koncert-u-cast-gabi-matije-i-arsena\/"},"wordCount":112,"publisher":{"@id":"https:\/\/gorica.info\/#organization"},"image":{"@id":"https:\/\/gorica.info\/na-strossmayerovom-trgu-u-zagrebu-koncert-u-cast-gabi-matije-i-arsena\/#primaryimage"},"thumbnailUrl":"https:\/\/gorica.info\/wp-content\/uploads\/2025\/09\/Koncert-u-cast-Gabi-Matije-i-Arsena-e1757151284171.png","keywords":["arsen dedi\u0107","gabi novak","koncert","matija dedi\u0107","Zagreb"],"articleSection":["ZAGREB"],"inLanguage":"en-US","copyrightYear":"2025","copyrightHolder":{"@id":"https:\/\/gorica.info\/en\/#organization"}},{"@type":"WebPage","@id":"https:\/\/gorica.info\/na-strossmayerovom-trgu-u-zagrebu-koncert-u-cast-gabi-matije-i-arsena\/","url":"https:\/\/gorica.info\/na-strossmayerovom-trgu-u-zagrebu-koncert-u-cast-gabi-matije-i-arsena\/","name":"Na Strossmayerovom trgu u Zagrebu: Koncert u \u010dast Gabi, Matije i Arsena - Gorica Info","isPartOf":{"@id":"https:\/\/gorica.info\/#website"},"primaryImageOfPage":{"@id":"https:\/\/gorica.info\/na-strossmayerovom-trgu-u-zagrebu-koncert-u-cast-gabi-matije-i-arsena\/#primaryimage"},"image":{"@id":"https:\/\/gorica.info\/na-strossmayerovom-trgu-u-zagrebu-koncert-u-cast-gabi-matije-i-arsena\/#primaryimage"},"thumbnailUrl":"https:\/\/gorica.info\/wp-content\/uploads\/2025\/09\/Koncert-u-cast-Gabi-Matije-i-Arsena-e1757151284171.png","datePublished":"2025-09-05T09:03:16+00:00","dateModified":"2025-09-07T08:11:54+00:00","description":"Na Strossmayerovom trgu u Zagrebu: Koncert u \u010dast Gabi, Matije i Arsena odr\u017eat \u0107e se u nedjelju, 14. rujna u 19.30 sati.","breadcrumb":{"@id":"https:\/\/gorica.info\/na-strossmayerovom-trgu-u-zagrebu-koncert-u-cast-gabi-matije-i-arsena\/#breadcrumb"},"inLanguage":"en-US","potentialAction":[{"@type":"ReadAction","target":["https:\/\/gorica.info\/na-strossmayerovom-trgu-u-zagrebu-koncert-u-cast-gabi-matije-i-arsena\/"]}]},{"@type":"ImageObject","inLanguage":"en-US","@id":"https:\/\/gorica.info\/na-strossmayerovom-trgu-u-zagrebu-koncert-u-cast-gabi-matije-i-arsena\/#primaryimage","url":"https:\/\/gorica.info\/wp-content\/uploads\/2025\/09\/Koncert-u-cast-Gabi-Matije-i-Arsena-e1757151284171.png","contentUrl":"https:\/\/gorica.info\/wp-content\/uploads\/2025\/09\/Koncert-u-cast-Gabi-Matije-i-Arsena-e1757151284171.png","width":1080,"height":726,"caption":"Foto: Blagoja Borislav Pe\u0161i\u0107"},{"@type":"BreadcrumbList","@id":"https:\/\/gorica.info\/na-strossmayerovom-trgu-u-zagrebu-koncert-u-cast-gabi-matije-i-arsena\/#breadcrumb","itemListElement":[{"@type":"ListItem","position":1,"name":"Po\u010detna stranica","item":"https:\/\/gorica.info\/"},{"@type":"ListItem","position":2,"name":"Na Strossmayerovom trgu u Zagrebu: Koncert u \u010dast Gabi, Matije i Arsena"}]},{"@type":"WebSite","@id":"https:\/\/gorica.info\/#website","url":"https:\/\/gorica.info\/","name":"Gorica Info","description":"Vijesti iz Velike Gorice i okolice.","publisher":{"@id":"https:\/\/gorica.info\/#organization"},"potentialAction":[{"@type":"SearchAction","target":{"@type":"EntryPoint","urlTemplate":"https:\/\/gorica.info\/?s={search_term_string}"},"query-input":{"@type":"PropertyValueSpecification","valueRequired":true,"valueName":"search_term_string"}}],"inLanguage":"en-US"},{"@type":["Organization","Place","NewsMediaOrganization"],"@id":"https:\/\/gorica.info\/#organization","name":"Gorica Info","url":"https:\/\/gorica.info\/","logo":{"@id":"https:\/\/gorica.info\/na-strossmayerovom-trgu-u-zagrebu-koncert-u-cast-gabi-matije-i-arsena\/#local-main-organization-logo"},"image":{"@id":"https:\/\/gorica.info\/na-strossmayerovom-trgu-u-zagrebu-koncert-u-cast-gabi-matije-i-arsena\/#local-main-organization-logo"},"sameAs":["https:\/\/www.facebook.com\/Goricainfo-106005144489262","https:\/\/x.com\/GoricaInfo","https:\/\/www.instagram.com\/gorica.info\/"],"address":{"@id":"https:\/\/gorica.info\/na-strossmayerovom-trgu-u-zagrebu-koncert-u-cast-gabi-matije-i-arsena\/#local-main-place-address"},"telephone":[],"openingHoursSpecification":[{"@type":"OpeningHoursSpecification","dayOfWeek":["Monday","Tuesday","Wednesday","Thursday","Friday","Saturday","Sunday"],"opens":"09:00","closes":"17:00"}],"email":"redakcija@gorica.info"},{"@type":"Person","@id":"https:\/\/gorica.info\/#\/schema\/person\/b2df2f6fb2a9073c0fa5af2672befd52","name":"Marta Horvat","description":"Marta Horvat je studentica koja redovito pi\u0161e za portal, prati sva gradska doga\u0111anja i u\u017eiva isprobavati nove recept koje dijeli s na\u0161im \u010ditateljima.","url":"https:\/\/gorica.info\/en\/author\/marta-horvat\/"},{"@type":"PostalAddress","@id":"https:\/\/gorica.info\/na-strossmayerovom-trgu-u-zagrebu-koncert-u-cast-gabi-matije-i-arsena\/#local-main-place-address","streetAddress":"Horvatova 97","addressLocality":"Velika Gorica","postalCode":"10410","addressRegion":"Croatia","addressCountry":"HR"},{"@type":"ImageObject","inLanguage":"en-US","@id":"https:\/\/gorica.info\/na-strossmayerovom-trgu-u-zagrebu-koncert-u-cast-gabi-matije-i-arsena\/#local-main-organization-logo","url":"https:\/\/gorica.info\/wp-content\/uploads\/2024\/07\/Gorica-Info-Logo-mali.png","contentUrl":"https:\/\/gorica.info\/wp-content\/uploads\/2024\/07\/Gorica-Info-Logo-mali.png","width":450,"height":85,"caption":"Gorica Info"}]},"geo.placename":"Velika Gorica","geo.region":"Croatia"},"_links":{"self":[{"href":"https:\/\/gorica.info\/en\/wp-json\/wp\/v2\/posts\/94790","targetHints":{"allow":["GET"]}}],"collection":[{"href":"https:\/\/gorica.info\/en\/wp-json\/wp\/v2\/posts"}],"about":[{"href":"https:\/\/gorica.info\/en\/wp-json\/wp\/v2\/types\/post"}],"author":[{"embeddable":true,"href":"https:\/\/gorica.info\/en\/wp-json\/wp\/v2\/users\/25"}],"replies":[{"embeddable":true,"href":"https:\/\/gorica.info\/en\/wp-json\/wp\/v2\/comments?post=94790"}],"version-history":[{"count":3,"href":"https:\/\/gorica.info\/en\/wp-json\/wp\/v2\/posts\/94790\/revisions"}],"predecessor-version":[{"id":94795,"href":"https:\/\/gorica.info\/en\/wp-json\/wp\/v2\/posts\/94790\/revisions\/94795"}],"wp:featuredmedia":[{"embeddable":true,"href":"https:\/\/gorica.info\/en\/wp-json\/wp\/v2\/media\/94791"}],"wp:attachment":[{"href":"https:\/\/gorica.info\/en\/wp-json\/wp\/v2\/media?parent=94790"}],"wp:term":[{"taxonomy":"category","embeddable":true,"href":"https:\/\/gorica.info\/en\/wp-json\/wp\/v2\/categories?post=94790"},{"taxonomy":"post_tag","embeddable":true,"href":"https:\/\/gorica.info\/en\/wp-json\/wp\/v2\/tags?post=94790"}],"curies":[{"name":"wp","href":"https:\/\/api.w.org\/{rel}","templated":true}]}}