{"id":95110,"date":"2025-09-14T08:12:25","date_gmt":"2025-09-14T06:12:25","guid":{"rendered":"https:\/\/gorica.info\/?p=95110"},"modified":"2025-09-14T09:36:36","modified_gmt":"2025-09-14T07:36:36","slug":"tragedija-u-vocnjaku-u-prevrtanju-traktora-smrtno-stradao-68-godisnji-muskarac","status":"publish","type":"post","link":"https:\/\/gorica.info\/en\/tragedija-u-vocnjaku-u-prevrtanju-traktora-smrtno-stradao-68-godisnji-muskarac\/","title":{"rendered":"Tragedija u vo\u0107njaku: U prevrtanju traktora smrtno stradao 68-godi\u0161nji mu\u0161karac"},"content":{"rendered":"<p><span style=\"font-size: 20px\"><strong>U prevrtanju traktora<\/strong> smrtno je stradao 68-godi\u0161nji mu\u0161karac. Nesre\u0107a se dogodila u petak u popodnevnim satima <strong>u mjestu Ilova\u010dak<\/strong> na glinskom podru\u010dju, objavila je <a href=\"https:\/\/sisacko-moslavacka-policija.gov.hr\/vijesti-8\/u-prevrtanju-traktora-smrtno-stradao-68-godisnjak\/43576\">policija<\/a>.<\/span><\/p>\n<p><span style=\"font-size: 20px\">Do<a href=\"https:\/\/gorica.info\/en\/?s=traktor\"> nesretnog slu\u010daja<\/a> je do\u0161lo kada je 68-godi\u0161njak traktorom s priklju\u010denim radnim strojem <strong>proklizao na nizbrdici vo\u0107njaka.<\/strong><\/span><\/p>\n<p><span style=\"font-size: 20px\">Traktor se zatim<strong> prevrnuo i prignje\u010dio voza\u010da<\/strong>. Od zadobivenih ozljeda mu\u0161karac je preminuo na mjestu doga\u0111aja.<\/span><\/p>\n<p><span style=\"font-size: 20px\">Na mjestu doga\u0111aja je obavljen o\u010devid te slijedi posebno izvje\u0161\u0107e nadle\u017enom dr\u017eavnom odvjetni\u0161tvu.<\/span><\/p>","protected":false},"excerpt":{"rendered":"<p>U prevrtanju traktora smrtno je stradao 68-godi\u0161nji mu\u0161karac. Nesre\u0107a se dogodila u petak u popodnevnim satima u mjestu Ilova\u010dak na glinskom podru\u010dju, objavila je policija. Do nesretnog slu\u010daja je do\u0161lo kada je 68-godi\u0161njak traktorom s priklju\u010denim radnim strojem proklizao na nizbrdici vo\u0107njaka. Traktor se zatim prevrnuo i prignje\u010dio voza\u010da. Od zadobivenih ozljeda mu\u0161karac je preminuo [&hellip;]<\/p>\n","protected":false},"author":23,"featured_media":95111,"comment_status":"closed","ping_status":"closed","sticky":false,"template":"","format":"standard","meta":{"limit_modified_date":"1","last_modified_date":"","jnews-multi-image_gallery":[],"jnews_single_post":{"subtitle":"","format":"standard","override":[{"template":"3","parallax":"1","fullscreen":"1","layout":"right-sidebar","sidebar":"default-sidebar","second_sidebar":"default-sidebar","sticky_sidebar":"1","share_position":"top","share_float_style":"share-monocrhome","show_featured":"1","show_post_meta":"1","show_post_author":"1","show_post_author_image":"1","show_post_date":"1","post_date_format":"default","post_date_format_custom":"Y\/m\/d","show_post_category":"1","show_post_reading_time":"1","post_reading_time_wpm":"300","post_calculate_word_method":"str_word_count","zoom_button_out_step":"2","zoom_button_in_step":"3","show_post_tag":"1","show_popup_post":"1","number_popup_post":"1","show_post_related":"1"}],"image_override":[{"single_post_thumbnail_size":"crop-500","single_post_gallery_size":"crop-500"}],"trending_post_position":"meta","trending_post_label":"Trending","sponsored_post_label":"Sponsored by","disable_ad":"0"},"jnews_primary_category":[],"jnews_override_counter":{"view_counter_number":"0","share_counter_number":"0","like_counter_number":"0","dislike_counter_number":"0"},"footnotes":""},"categories":[93],"tags":[20371,266,5102,20370,13261],"class_list":["post-95110","post","type-post","status-publish","format-standard","has-post-thumbnail","hentry","category-crna-kronika","tag-ilovacak","tag-policija","tag-tragedija","tag-traktor-prignjecio-vozaca","tag-vocnjak"],"yoast_head":"<!-- This site is optimized with the Yoast SEO Premium plugin v27.4 (Yoast SEO v27.4) - https:\/\/yoast.com\/product\/yoast-seo-premium-wordpress\/ -->\n<title>Tragedija u vo\u0107njaku: U prevrtanju traktora smrtno stradao 68-godi\u0161nji mu\u0161karac - Gorica Info<\/title>\n<meta name=\"description\" content=\"Tragedija u vo\u0107njaku na glinskom podru\u010dju: U prevrtanju traktora smrtno je stradao 68-godi\u0161nji mu\u0161karac, objavila je policija.\" \/>\n<meta name=\"robots\" content=\"index, follow, max-snippet:-1, max-image-preview:large, max-video-preview:-1\" \/>\n<link rel=\"canonical\" href=\"https:\/\/gorica.info\/en\/tragedija-u-vocnjaku-u-prevrtanju-traktora-smrtno-stradao-68-godisnji-muskarac\/\" \/>\n<meta property=\"og:locale\" content=\"en_US\" \/>\n<meta property=\"og:type\" content=\"article\" \/>\n<meta property=\"og:title\" content=\"Tragedija u vo\u0107njaku: U prevrtanju traktora smrtno stradao 68-godi\u0161nji mu\u0161karac\" \/>\n<meta property=\"og:description\" content=\"Tragedija u vo\u0107njaku na glinskom podru\u010dju: U prevrtanju traktora smrtno je stradao 68-godi\u0161nji mu\u0161karac, objavila je policija.\" \/>\n<meta property=\"og:url\" content=\"https:\/\/gorica.info\/en\/tragedija-u-vocnjaku-u-prevrtanju-traktora-smrtno-stradao-68-godisnji-muskarac\/\" \/>\n<meta property=\"og:site_name\" content=\"Gorica Info\" \/>\n<meta property=\"article:publisher\" content=\"https:\/\/www.facebook.com\/Goricainfo-106005144489262\" \/>\n<meta property=\"article:published_time\" content=\"2025-09-14T06:12:25+00:00\" \/>\n<meta property=\"article:modified_time\" content=\"2025-09-14T07:36:36+00:00\" \/>\n<meta property=\"og:image\" content=\"https:\/\/gorica.info\/wp-content\/uploads\/2025\/09\/policija-vozilo4.jpg\" \/>\n\t<meta property=\"og:image:width\" content=\"750\" \/>\n\t<meta property=\"og:image:height\" content=\"500\" \/>\n\t<meta property=\"og:image:type\" content=\"image\/jpeg\" \/>\n<meta name=\"author\" content=\"Gorica. info\" \/>\n<meta name=\"twitter:card\" content=\"summary_large_image\" \/>\n<meta name=\"twitter:creator\" content=\"@GoricaInfo\" \/>\n<meta name=\"twitter:site\" content=\"@GoricaInfo\" \/>\n<meta name=\"twitter:label1\" content=\"Written by\" \/>\n\t<meta name=\"twitter:data1\" content=\"Gorica. info\" \/>\n\t<meta name=\"twitter:label2\" content=\"Est. reading time\" \/>\n\t<meta name=\"twitter:data2\" content=\"1 minute\" \/>\n<meta name=\"geo.placename\" content=\"Velika Gorica\" \/>\n<meta name=\"geo.region\" content=\"Croatia\" \/>\n<!-- \/ Yoast SEO Premium plugin. -->","yoast_head_json":{"title":"Tragedija u vo\u0107njaku: U prevrtanju traktora smrtno stradao 68-godi\u0161nji mu\u0161karac - Gorica Info","description":"Tragedija u vo\u0107njaku na glinskom podru\u010dju: U prevrtanju traktora smrtno je stradao 68-godi\u0161nji mu\u0161karac, objavila je policija.","robots":{"index":"index","follow":"follow","max-snippet":"max-snippet:-1","max-image-preview":"max-image-preview:large","max-video-preview":"max-video-preview:-1"},"canonical":"https:\/\/gorica.info\/en\/tragedija-u-vocnjaku-u-prevrtanju-traktora-smrtno-stradao-68-godisnji-muskarac\/","og_locale":"en_US","og_type":"article","og_title":"Tragedija u vo\u0107njaku: U prevrtanju traktora smrtno stradao 68-godi\u0161nji mu\u0161karac","og_description":"Tragedija u vo\u0107njaku na glinskom podru\u010dju: U prevrtanju traktora smrtno je stradao 68-godi\u0161nji mu\u0161karac, objavila je policija.","og_url":"https:\/\/gorica.info\/en\/tragedija-u-vocnjaku-u-prevrtanju-traktora-smrtno-stradao-68-godisnji-muskarac\/","og_site_name":"Gorica Info","article_publisher":"https:\/\/www.facebook.com\/Goricainfo-106005144489262","article_published_time":"2025-09-14T06:12:25+00:00","article_modified_time":"2025-09-14T07:36:36+00:00","og_image":[{"width":750,"height":500,"url":"https:\/\/gorica.info\/wp-content\/uploads\/2025\/09\/policija-vozilo4.jpg","type":"image\/jpeg"}],"author":"Gorica. info","twitter_card":"summary_large_image","twitter_creator":"@GoricaInfo","twitter_site":"@GoricaInfo","twitter_misc":{"Written by":"Gorica. info","Est. reading time":"1 minute"},"schema":{"@context":"https:\/\/schema.org","@graph":[{"@type":"NewsArticle","@id":"https:\/\/gorica.info\/tragedija-u-vocnjaku-u-prevrtanju-traktora-smrtno-stradao-68-godisnji-muskarac\/#article","isPartOf":{"@id":"https:\/\/gorica.info\/tragedija-u-vocnjaku-u-prevrtanju-traktora-smrtno-stradao-68-godisnji-muskarac\/"},"author":{"name":"Gorica. info","@id":"https:\/\/gorica.info\/#\/schema\/person\/4499af1f22f322670b9b5977ccc2e3de"},"headline":"Tragedija u vo\u0107njaku: U prevrtanju traktora smrtno stradao 68-godi\u0161nji mu\u0161karac","datePublished":"2025-09-14T06:12:25+00:00","dateModified":"2025-09-14T07:36:36+00:00","mainEntityOfPage":{"@id":"https:\/\/gorica.info\/tragedija-u-vocnjaku-u-prevrtanju-traktora-smrtno-stradao-68-godisnji-muskarac\/"},"wordCount":104,"publisher":{"@id":"https:\/\/gorica.info\/#organization"},"image":{"@id":"https:\/\/gorica.info\/tragedija-u-vocnjaku-u-prevrtanju-traktora-smrtno-stradao-68-godisnji-muskarac\/#primaryimage"},"thumbnailUrl":"https:\/\/gorica.info\/wp-content\/uploads\/2025\/09\/policija-vozilo4.jpg","keywords":["ilova\u010dak","policija","tragedija","traktor prignje\u010dio voza\u010da","vo\u0107njak"],"articleSection":["CRNA KRONIKA"],"inLanguage":"en-US","copyrightYear":"2025","copyrightHolder":{"@id":"https:\/\/gorica.info\/en\/#organization"}},{"@type":"WebPage","@id":"https:\/\/gorica.info\/tragedija-u-vocnjaku-u-prevrtanju-traktora-smrtno-stradao-68-godisnji-muskarac\/","url":"https:\/\/gorica.info\/tragedija-u-vocnjaku-u-prevrtanju-traktora-smrtno-stradao-68-godisnji-muskarac\/","name":"Tragedija u vo\u0107njaku: U prevrtanju traktora smrtno stradao 68-godi\u0161nji mu\u0161karac - Gorica Info","isPartOf":{"@id":"https:\/\/gorica.info\/#website"},"primaryImageOfPage":{"@id":"https:\/\/gorica.info\/tragedija-u-vocnjaku-u-prevrtanju-traktora-smrtno-stradao-68-godisnji-muskarac\/#primaryimage"},"image":{"@id":"https:\/\/gorica.info\/tragedija-u-vocnjaku-u-prevrtanju-traktora-smrtno-stradao-68-godisnji-muskarac\/#primaryimage"},"thumbnailUrl":"https:\/\/gorica.info\/wp-content\/uploads\/2025\/09\/policija-vozilo4.jpg","datePublished":"2025-09-14T06:12:25+00:00","dateModified":"2025-09-14T07:36:36+00:00","description":"Tragedija u vo\u0107njaku na glinskom podru\u010dju: U prevrtanju traktora smrtno je stradao 68-godi\u0161nji mu\u0161karac, objavila je policija.","breadcrumb":{"@id":"https:\/\/gorica.info\/tragedija-u-vocnjaku-u-prevrtanju-traktora-smrtno-stradao-68-godisnji-muskarac\/#breadcrumb"},"inLanguage":"en-US","potentialAction":[{"@type":"ReadAction","target":["https:\/\/gorica.info\/tragedija-u-vocnjaku-u-prevrtanju-traktora-smrtno-stradao-68-godisnji-muskarac\/"]}]},{"@type":"ImageObject","inLanguage":"en-US","@id":"https:\/\/gorica.info\/tragedija-u-vocnjaku-u-prevrtanju-traktora-smrtno-stradao-68-godisnji-muskarac\/#primaryimage","url":"https:\/\/gorica.info\/wp-content\/uploads\/2025\/09\/policija-vozilo4.jpg","contentUrl":"https:\/\/gorica.info\/wp-content\/uploads\/2025\/09\/policija-vozilo4.jpg","width":750,"height":500,"caption":"Foto: Policija"},{"@type":"BreadcrumbList","@id":"https:\/\/gorica.info\/tragedija-u-vocnjaku-u-prevrtanju-traktora-smrtno-stradao-68-godisnji-muskarac\/#breadcrumb","itemListElement":[{"@type":"ListItem","position":1,"name":"Po\u010detna stranica","item":"https:\/\/gorica.info\/"},{"@type":"ListItem","position":2,"name":"Tragedija u vo\u0107njaku: U prevrtanju traktora smrtno stradao 68-godi\u0161nji mu\u0161karac"}]},{"@type":"WebSite","@id":"https:\/\/gorica.info\/#website","url":"https:\/\/gorica.info\/","name":"Gorica Info","description":"Vijesti iz Velike Gorice i okolice.","publisher":{"@id":"https:\/\/gorica.info\/#organization"},"potentialAction":[{"@type":"SearchAction","target":{"@type":"EntryPoint","urlTemplate":"https:\/\/gorica.info\/?s={search_term_string}"},"query-input":{"@type":"PropertyValueSpecification","valueRequired":true,"valueName":"search_term_string"}}],"inLanguage":"en-US"},{"@type":["Organization","Place","NewsMediaOrganization"],"@id":"https:\/\/gorica.info\/#organization","name":"Gorica Info","url":"https:\/\/gorica.info\/","logo":{"@id":"https:\/\/gorica.info\/tragedija-u-vocnjaku-u-prevrtanju-traktora-smrtno-stradao-68-godisnji-muskarac\/#local-main-organization-logo"},"image":{"@id":"https:\/\/gorica.info\/tragedija-u-vocnjaku-u-prevrtanju-traktora-smrtno-stradao-68-godisnji-muskarac\/#local-main-organization-logo"},"sameAs":["https:\/\/www.facebook.com\/Goricainfo-106005144489262","https:\/\/x.com\/GoricaInfo","https:\/\/www.instagram.com\/gorica.info\/"],"address":{"@id":"https:\/\/gorica.info\/tragedija-u-vocnjaku-u-prevrtanju-traktora-smrtno-stradao-68-godisnji-muskarac\/#local-main-place-address"},"telephone":[],"openingHoursSpecification":[{"@type":"OpeningHoursSpecification","dayOfWeek":["Monday","Tuesday","Wednesday","Thursday","Friday","Saturday","Sunday"],"opens":"09:00","closes":"17:00"}],"email":"redakcija@gorica.info"},{"@type":"Person","@id":"https:\/\/gorica.info\/#\/schema\/person\/4499af1f22f322670b9b5977ccc2e3de","name":"Gorica. info","description":"Gorica.info je lokalni portal koji prati Veliku Goricu i okolici, svakodnevno donosi najnovije vijesti i pri\u010de, kulturna doga\u0111anja i aktualnosti koje oblikuju \u017eivot gra\u0111ana.","url":"https:\/\/gorica.info\/en\/author\/gorica-info\/"},{"@type":"PostalAddress","@id":"https:\/\/gorica.info\/tragedija-u-vocnjaku-u-prevrtanju-traktora-smrtno-stradao-68-godisnji-muskarac\/#local-main-place-address","streetAddress":"Horvatova 97","addressLocality":"Velika Gorica","postalCode":"10410","addressRegion":"Croatia","addressCountry":"HR"},{"@type":"ImageObject","inLanguage":"en-US","@id":"https:\/\/gorica.info\/tragedija-u-vocnjaku-u-prevrtanju-traktora-smrtno-stradao-68-godisnji-muskarac\/#local-main-organization-logo","url":"https:\/\/gorica.info\/wp-content\/uploads\/2024\/07\/Gorica-Info-Logo-mali.png","contentUrl":"https:\/\/gorica.info\/wp-content\/uploads\/2024\/07\/Gorica-Info-Logo-mali.png","width":450,"height":85,"caption":"Gorica Info"}]},"geo.placename":"Velika Gorica","geo.region":"Croatia"},"_links":{"self":[{"href":"https:\/\/gorica.info\/en\/wp-json\/wp\/v2\/posts\/95110","targetHints":{"allow":["GET"]}}],"collection":[{"href":"https:\/\/gorica.info\/en\/wp-json\/wp\/v2\/posts"}],"about":[{"href":"https:\/\/gorica.info\/en\/wp-json\/wp\/v2\/types\/post"}],"author":[{"embeddable":true,"href":"https:\/\/gorica.info\/en\/wp-json\/wp\/v2\/users\/23"}],"replies":[{"embeddable":true,"href":"https:\/\/gorica.info\/en\/wp-json\/wp\/v2\/comments?post=95110"}],"version-history":[{"count":2,"href":"https:\/\/gorica.info\/en\/wp-json\/wp\/v2\/posts\/95110\/revisions"}],"predecessor-version":[{"id":95113,"href":"https:\/\/gorica.info\/en\/wp-json\/wp\/v2\/posts\/95110\/revisions\/95113"}],"wp:featuredmedia":[{"embeddable":true,"href":"https:\/\/gorica.info\/en\/wp-json\/wp\/v2\/media\/95111"}],"wp:attachment":[{"href":"https:\/\/gorica.info\/en\/wp-json\/wp\/v2\/media?parent=95110"}],"wp:term":[{"taxonomy":"category","embeddable":true,"href":"https:\/\/gorica.info\/en\/wp-json\/wp\/v2\/categories?post=95110"},{"taxonomy":"post_tag","embeddable":true,"href":"https:\/\/gorica.info\/en\/wp-json\/wp\/v2\/tags?post=95110"}],"curies":[{"name":"wp","href":"https:\/\/api.w.org\/{rel}","templated":true}]}}