{"id":95472,"date":"2025-09-22T13:36:09","date_gmt":"2025-09-22T11:36:09","guid":{"rendered":"https:\/\/gorica.info\/?p=95472"},"modified":"2025-09-22T13:33:05","modified_gmt":"2025-09-22T11:33:05","slug":"najavljeni-radovi-u-mraclinu-pocinje-rekonstrukcija-dijela-ulice-brace-radica","status":"publish","type":"post","link":"https:\/\/gorica.info\/en\/najavljeni-radovi-u-mraclinu-pocinje-rekonstrukcija-dijela-ulice-brace-radica\/","title":{"rendered":"Najavljeni radovi u Mraclinu: Po\u010dinje rekonstrukcija dijela Ulice Bra\u0107e Radi\u0107a"},"content":{"rendered":"<p><span style=\"font-size: 20px\">Po\u010dinje rekonstrukcija <strong>dijela Ulice Bra\u0107e Radi\u0107a u Mraclinu<\/strong>, od crkve sv. Vida pa do skretanja za Kovu d.o.o.<\/span><\/p>\n<p><span style=\"font-size: 20px\">Rije\u010d je o glavnoj prometnici kroz naselje kojom prometuje javni prijevoz, \u0161kolski autobus kao i vozila povezana s poduzetni\u010dkom zonom. Osim \u0161to slu\u017ei lokalnim potrebama, ova prometnica ujedno povezuje i susjedno selo Okuje, \u0161to dodatno pove\u0107ava njezin <a href=\"https:\/\/gorica.info\/en\/dok-traju-radovi-u-ulici-matice-hrvatske-pogledajte-obilazne-pravce-autobusnih-linija\/\">prometni zna\u010daj<\/a>.<\/span><\/p>\n<p><span style=\"font-size: 20px\"><a href=\"https:\/\/gorica.info\/en\/pripazite-na-prometnu-regulaciju-poceli-radovi-na-rekonstrukciji-istocnog-ulaza-u-grad\/\">Radovi<\/a> bi trebali biti gotovi za 160 kalendarskih dana, a izvo\u0111a\u010d je slovenska zajednica ponuditelja KOP Bre\u017eice i REGION projektivni biro Bre\u017eice. Ukupna vrijednost projekta iznosi<strong> 784.170,79 eura<\/strong>, izvijestili su iz <a href=\"https:\/\/gorica.hr\/2025\/09\/pocinje-rekonstrukcija-glavne-prometnice-kroz-mraclin\/\">Gradske uprave.<\/a><\/span><\/p>\n<blockquote><p><span style=\"font-size: 20px\">Projektom je predvi\u0111ena izgradnja <strong>nove prometnice<\/strong> s pje\u0161a\u010dkom stazom u ukupnoj du\u017eini od 520 metara. <\/span><\/p><\/blockquote>\n<p><span style=\"font-size: 20px\">Predvi\u0111ena \u0161irina kolnika je \u0161est metara, dok \u0107e \u0161irina pje\u0161a\u010dke staze biti promjenjiva izme\u0111u 1,60 i 2,0 metra, a na dijelu od crkve prema Okuju u du\u017eini od oko 140 metara izvest \u0107e se obostrana pje\u0161a\u010dka staza \u0161irine dva metra, \u010dime \u0107e se znatno pove\u0107ati sigurnost pje\u0161aka, posebno djece, starijih osoba i osoba s invaliditetom.<\/span><\/p>\n<p><span style=\"font-size: 20px\">Tako\u0111er, u sklopu ovog projekta izvr\u0161it \u0107e se <strong>zamjena postoje\u0107e vodoopskrbne mre\u017ee<\/strong> te je uz to predvi\u0111ena i izgradnja nove oborinske kanalizacije, \u010dime \u0107e se unaprijediti odvodnja oborinskih voda. Osim toga, uredit \u0107e se i autobusna stajali\u0161ta koja se nalaze na trasi.<\/span><\/p>\n<p><span style=\"font-size: 20px\">Tijekom izvo\u0111enja<a href=\"https:\/\/gorica.info\/en\/blize-se-kraju-radovi-na-gradskoj-trznici-postavlja-se-celicna-konstrukcija-koja-ce-drzati-nadstresnicu\/\"> radova<\/a> promet \u0107e biti <strong>preusmjeren kroz ulicu Ladislava Galekovi\u0107a<\/strong> (Ma\u010dkovec), kojom \u0107e prometovati i autobusna linija javnog prijevoza. Pozivaju se mje\u0161tani i voza\u010di na pove\u0107an oprez u prometu te kori\u0161tenje alternativnih obilaznih pravaca.<\/span><\/p>","protected":false},"excerpt":{"rendered":"<p>Po\u010dinje rekonstrukcija dijela Ulice Bra\u0107e Radi\u0107a u Mraclinu, od crkve sv. Vida pa do skretanja za Kovu d.o.o. Rije\u010d je o glavnoj prometnici kroz naselje kojom prometuje javni prijevoz, \u0161kolski autobus kao i vozila povezana s poduzetni\u010dkom zonom. Osim \u0161to slu\u017ei lokalnim potrebama, ova prometnica ujedno povezuje i susjedno selo Okuje, \u0161to dodatno pove\u0107ava njezin [&hellip;]<\/p>\n","protected":false},"author":23,"featured_media":95473,"comment_status":"closed","ping_status":"closed","sticky":false,"template":"","format":"standard","meta":{"limit_modified_date":"1","last_modified_date":"","jnews-multi-image_gallery":[],"jnews_single_post":{"format":"standard","override":[{"template":"3","parallax":"1","fullscreen":"1","layout":"right-sidebar","sidebar":"default-sidebar","second_sidebar":"default-sidebar","sticky_sidebar":"1","share_position":"top","share_float_style":"share-monocrhome","show_featured":"1","show_post_meta":"1","show_post_author":"1","show_post_author_image":"1","show_post_date":"1","post_date_format":"default","post_date_format_custom":"Y\/m\/d","show_post_category":"1","show_post_reading_time":"1","post_reading_time_wpm":"300","post_calculate_word_method":"str_word_count","zoom_button_out_step":"2","zoom_button_in_step":"3","show_post_tag":"1","show_popup_post":"1","number_popup_post":"1","show_post_related":"1"}],"image_override":[{"single_post_thumbnail_size":"crop-500","single_post_gallery_size":"crop-500"}],"trending_post_position":"meta","trending_post_label":"Trending","sponsored_post_label":"Sponsored by","disable_ad":"0","subtitle":"Radovi izvode dvije slovenske tvrtke a trebali bi zavr\u0161iti za 160 kalendarskih dana \/\/\/ Ukupna vrijednost projekta iznosi 784.170,79 eura \/\/\/"},"jnews_primary_category":[],"jnews_override_counter":{"view_counter_number":"0","share_counter_number":"0","like_counter_number":"0","dislike_counter_number":"0"},"footnotes":""},"categories":[87],"tags":[10596,7313,153,15554],"class_list":["post-95472","post","type-post","status-publish","format-standard","has-post-thumbnail","hentry","category-gorica","tag-mralin","tag-prometnica","tag-radovi","tag-vg-vijesti"],"yoast_head":"<!-- This site is optimized with the Yoast SEO Premium plugin v27.4 (Yoast SEO v27.4) - https:\/\/yoast.com\/product\/yoast-seo-premium-wordpress\/ -->\n<title>Najavljeni radovi u Mraclinu: Po\u010dinje rekonstrukcija dijela Ulice Bra\u0107e Radi\u0107a - Gorica Info<\/title>\n<meta name=\"description\" content=\"Najavljeni radovi u Mraclinu: Po\u010dinje rekonstrukcija dijela Ulice Bra\u0107e Radi\u0107a. Radovi bi trebali zavr\u0161iti za 160 kalendarskih dana.\" \/>\n<meta name=\"robots\" content=\"index, follow, max-snippet:-1, max-image-preview:large, max-video-preview:-1\" \/>\n<link rel=\"canonical\" href=\"https:\/\/gorica.info\/en\/najavljeni-radovi-u-mraclinu-pocinje-rekonstrukcija-dijela-ulice-brace-radica\/\" \/>\n<meta property=\"og:locale\" content=\"en_US\" \/>\n<meta property=\"og:type\" content=\"article\" \/>\n<meta property=\"og:title\" content=\"Najavljeni radovi u Mraclinu: Po\u010dinje rekonstrukcija dijela Ulice Bra\u0107e Radi\u0107a\" \/>\n<meta property=\"og:description\" content=\"Najavljeni radovi u Mraclinu: Po\u010dinje rekonstrukcija dijela Ulice Bra\u0107e Radi\u0107a. Radovi bi trebali zavr\u0161iti za 160 kalendarskih dana.\" \/>\n<meta property=\"og:url\" content=\"https:\/\/gorica.info\/en\/najavljeni-radovi-u-mraclinu-pocinje-rekonstrukcija-dijela-ulice-brace-radica\/\" \/>\n<meta property=\"og:site_name\" content=\"Gorica Info\" \/>\n<meta property=\"article:publisher\" content=\"https:\/\/www.facebook.com\/Goricainfo-106005144489262\" \/>\n<meta property=\"article:published_time\" content=\"2025-09-22T11:36:09+00:00\" \/>\n<meta property=\"og:image\" content=\"https:\/\/gorica.info\/wp-content\/uploads\/2025\/09\/Ulica-Mraclin.jpg\" \/>\n\t<meta property=\"og:image:width\" content=\"1600\" \/>\n\t<meta property=\"og:image:height\" content=\"900\" \/>\n\t<meta property=\"og:image:type\" content=\"image\/jpeg\" \/>\n<meta name=\"author\" content=\"Gorica. info\" \/>\n<meta name=\"twitter:card\" content=\"summary_large_image\" \/>\n<meta name=\"twitter:creator\" content=\"@GoricaInfo\" \/>\n<meta name=\"twitter:site\" content=\"@GoricaInfo\" \/>\n<meta name=\"twitter:label1\" content=\"Written by\" \/>\n\t<meta name=\"twitter:data1\" content=\"Gorica. info\" \/>\n\t<meta name=\"twitter:label2\" content=\"Est. reading time\" \/>\n\t<meta name=\"twitter:data2\" content=\"2 minutes\" \/>\n<meta name=\"geo.placename\" content=\"Velika Gorica\" \/>\n<meta name=\"geo.region\" content=\"Croatia\" \/>\n<!-- \/ Yoast SEO Premium plugin. -->","yoast_head_json":{"title":"Najavljeni radovi u Mraclinu: Po\u010dinje rekonstrukcija dijela Ulice Bra\u0107e Radi\u0107a - Gorica Info","description":"Najavljeni radovi u Mraclinu: Po\u010dinje rekonstrukcija dijela Ulice Bra\u0107e Radi\u0107a. Radovi bi trebali zavr\u0161iti za 160 kalendarskih dana.","robots":{"index":"index","follow":"follow","max-snippet":"max-snippet:-1","max-image-preview":"max-image-preview:large","max-video-preview":"max-video-preview:-1"},"canonical":"https:\/\/gorica.info\/en\/najavljeni-radovi-u-mraclinu-pocinje-rekonstrukcija-dijela-ulice-brace-radica\/","og_locale":"en_US","og_type":"article","og_title":"Najavljeni radovi u Mraclinu: Po\u010dinje rekonstrukcija dijela Ulice Bra\u0107e Radi\u0107a","og_description":"Najavljeni radovi u Mraclinu: Po\u010dinje rekonstrukcija dijela Ulice Bra\u0107e Radi\u0107a. Radovi bi trebali zavr\u0161iti za 160 kalendarskih dana.","og_url":"https:\/\/gorica.info\/en\/najavljeni-radovi-u-mraclinu-pocinje-rekonstrukcija-dijela-ulice-brace-radica\/","og_site_name":"Gorica Info","article_publisher":"https:\/\/www.facebook.com\/Goricainfo-106005144489262","article_published_time":"2025-09-22T11:36:09+00:00","og_image":[{"width":1600,"height":900,"url":"https:\/\/gorica.info\/wp-content\/uploads\/2025\/09\/Ulica-Mraclin.jpg","type":"image\/jpeg"}],"author":"Gorica. info","twitter_card":"summary_large_image","twitter_creator":"@GoricaInfo","twitter_site":"@GoricaInfo","twitter_misc":{"Written by":"Gorica. info","Est. reading time":"2 minutes"},"schema":{"@context":"https:\/\/schema.org","@graph":[{"@type":"NewsArticle","@id":"https:\/\/gorica.info\/najavljeni-radovi-u-mraclinu-pocinje-rekonstrukcija-dijela-ulice-brace-radica\/#article","isPartOf":{"@id":"https:\/\/gorica.info\/najavljeni-radovi-u-mraclinu-pocinje-rekonstrukcija-dijela-ulice-brace-radica\/"},"author":{"name":"Gorica. info","@id":"https:\/\/gorica.info\/#\/schema\/person\/4499af1f22f322670b9b5977ccc2e3de"},"headline":"Najavljeni radovi u Mraclinu: Po\u010dinje rekonstrukcija dijela Ulice Bra\u0107e Radi\u0107a","datePublished":"2025-09-22T11:36:09+00:00","mainEntityOfPage":{"@id":"https:\/\/gorica.info\/najavljeni-radovi-u-mraclinu-pocinje-rekonstrukcija-dijela-ulice-brace-radica\/"},"wordCount":282,"publisher":{"@id":"https:\/\/gorica.info\/#organization"},"image":{"@id":"https:\/\/gorica.info\/najavljeni-radovi-u-mraclinu-pocinje-rekonstrukcija-dijela-ulice-brace-radica\/#primaryimage"},"thumbnailUrl":"https:\/\/gorica.info\/wp-content\/uploads\/2025\/09\/Ulica-Mraclin.jpg","keywords":["mralin","prometnica","radovi","vg vijesti"],"articleSection":["GORICA"],"inLanguage":"en-US","copyrightYear":"2025","copyrightHolder":{"@id":"https:\/\/gorica.info\/en\/#organization"}},{"@type":"WebPage","@id":"https:\/\/gorica.info\/najavljeni-radovi-u-mraclinu-pocinje-rekonstrukcija-dijela-ulice-brace-radica\/","url":"https:\/\/gorica.info\/najavljeni-radovi-u-mraclinu-pocinje-rekonstrukcija-dijela-ulice-brace-radica\/","name":"Najavljeni radovi u Mraclinu: Po\u010dinje rekonstrukcija dijela Ulice Bra\u0107e Radi\u0107a - Gorica Info","isPartOf":{"@id":"https:\/\/gorica.info\/#website"},"primaryImageOfPage":{"@id":"https:\/\/gorica.info\/najavljeni-radovi-u-mraclinu-pocinje-rekonstrukcija-dijela-ulice-brace-radica\/#primaryimage"},"image":{"@id":"https:\/\/gorica.info\/najavljeni-radovi-u-mraclinu-pocinje-rekonstrukcija-dijela-ulice-brace-radica\/#primaryimage"},"thumbnailUrl":"https:\/\/gorica.info\/wp-content\/uploads\/2025\/09\/Ulica-Mraclin.jpg","datePublished":"2025-09-22T11:36:09+00:00","description":"Najavljeni radovi u Mraclinu: Po\u010dinje rekonstrukcija dijela Ulice Bra\u0107e Radi\u0107a. Radovi bi trebali zavr\u0161iti za 160 kalendarskih dana.","breadcrumb":{"@id":"https:\/\/gorica.info\/najavljeni-radovi-u-mraclinu-pocinje-rekonstrukcija-dijela-ulice-brace-radica\/#breadcrumb"},"inLanguage":"en-US","potentialAction":[{"@type":"ReadAction","target":["https:\/\/gorica.info\/najavljeni-radovi-u-mraclinu-pocinje-rekonstrukcija-dijela-ulice-brace-radica\/"]}]},{"@type":"ImageObject","inLanguage":"en-US","@id":"https:\/\/gorica.info\/najavljeni-radovi-u-mraclinu-pocinje-rekonstrukcija-dijela-ulice-brace-radica\/#primaryimage","url":"https:\/\/gorica.info\/wp-content\/uploads\/2025\/09\/Ulica-Mraclin.jpg","contentUrl":"https:\/\/gorica.info\/wp-content\/uploads\/2025\/09\/Ulica-Mraclin.jpg","width":1600,"height":900,"caption":"Foto: Grad Velika Gorica"},{"@type":"BreadcrumbList","@id":"https:\/\/gorica.info\/najavljeni-radovi-u-mraclinu-pocinje-rekonstrukcija-dijela-ulice-brace-radica\/#breadcrumb","itemListElement":[{"@type":"ListItem","position":1,"name":"Po\u010detna stranica","item":"https:\/\/gorica.info\/"},{"@type":"ListItem","position":2,"name":"Najavljeni radovi u Mraclinu: Po\u010dinje rekonstrukcija dijela Ulice Bra\u0107e Radi\u0107a"}]},{"@type":"WebSite","@id":"https:\/\/gorica.info\/#website","url":"https:\/\/gorica.info\/","name":"Gorica Info","description":"Vijesti iz Velike Gorice i okolice.","publisher":{"@id":"https:\/\/gorica.info\/#organization"},"potentialAction":[{"@type":"SearchAction","target":{"@type":"EntryPoint","urlTemplate":"https:\/\/gorica.info\/?s={search_term_string}"},"query-input":{"@type":"PropertyValueSpecification","valueRequired":true,"valueName":"search_term_string"}}],"inLanguage":"en-US"},{"@type":["Organization","Place","NewsMediaOrganization"],"@id":"https:\/\/gorica.info\/#organization","name":"Gorica Info","url":"https:\/\/gorica.info\/","logo":{"@id":"https:\/\/gorica.info\/najavljeni-radovi-u-mraclinu-pocinje-rekonstrukcija-dijela-ulice-brace-radica\/#local-main-organization-logo"},"image":{"@id":"https:\/\/gorica.info\/najavljeni-radovi-u-mraclinu-pocinje-rekonstrukcija-dijela-ulice-brace-radica\/#local-main-organization-logo"},"sameAs":["https:\/\/www.facebook.com\/Goricainfo-106005144489262","https:\/\/x.com\/GoricaInfo","https:\/\/www.instagram.com\/gorica.info\/"],"address":{"@id":"https:\/\/gorica.info\/najavljeni-radovi-u-mraclinu-pocinje-rekonstrukcija-dijela-ulice-brace-radica\/#local-main-place-address"},"telephone":[],"openingHoursSpecification":[{"@type":"OpeningHoursSpecification","dayOfWeek":["Monday","Tuesday","Wednesday","Thursday","Friday","Saturday","Sunday"],"opens":"09:00","closes":"17:00"}],"email":"redakcija@gorica.info"},{"@type":"Person","@id":"https:\/\/gorica.info\/#\/schema\/person\/4499af1f22f322670b9b5977ccc2e3de","name":"Gorica. info","description":"Gorica.info je lokalni portal koji prati Veliku Goricu i okolici, svakodnevno donosi najnovije vijesti i pri\u010de, kulturna doga\u0111anja i aktualnosti koje oblikuju \u017eivot gra\u0111ana.","url":"https:\/\/gorica.info\/en\/author\/gorica-info\/"},{"@type":"PostalAddress","@id":"https:\/\/gorica.info\/najavljeni-radovi-u-mraclinu-pocinje-rekonstrukcija-dijela-ulice-brace-radica\/#local-main-place-address","streetAddress":"Horvatova 97","addressLocality":"Velika Gorica","postalCode":"10410","addressRegion":"Croatia","addressCountry":"HR"},{"@type":"ImageObject","inLanguage":"en-US","@id":"https:\/\/gorica.info\/najavljeni-radovi-u-mraclinu-pocinje-rekonstrukcija-dijela-ulice-brace-radica\/#local-main-organization-logo","url":"https:\/\/gorica.info\/wp-content\/uploads\/2024\/07\/Gorica-Info-Logo-mali.png","contentUrl":"https:\/\/gorica.info\/wp-content\/uploads\/2024\/07\/Gorica-Info-Logo-mali.png","width":450,"height":85,"caption":"Gorica Info"}]},"geo.placename":"Velika Gorica","geo.region":"Croatia"},"_links":{"self":[{"href":"https:\/\/gorica.info\/en\/wp-json\/wp\/v2\/posts\/95472","targetHints":{"allow":["GET"]}}],"collection":[{"href":"https:\/\/gorica.info\/en\/wp-json\/wp\/v2\/posts"}],"about":[{"href":"https:\/\/gorica.info\/en\/wp-json\/wp\/v2\/types\/post"}],"author":[{"embeddable":true,"href":"https:\/\/gorica.info\/en\/wp-json\/wp\/v2\/users\/23"}],"replies":[{"embeddable":true,"href":"https:\/\/gorica.info\/en\/wp-json\/wp\/v2\/comments?post=95472"}],"version-history":[{"count":1,"href":"https:\/\/gorica.info\/en\/wp-json\/wp\/v2\/posts\/95472\/revisions"}],"predecessor-version":[{"id":95474,"href":"https:\/\/gorica.info\/en\/wp-json\/wp\/v2\/posts\/95472\/revisions\/95474"}],"wp:featuredmedia":[{"embeddable":true,"href":"https:\/\/gorica.info\/en\/wp-json\/wp\/v2\/media\/95473"}],"wp:attachment":[{"href":"https:\/\/gorica.info\/en\/wp-json\/wp\/v2\/media?parent=95472"}],"wp:term":[{"taxonomy":"category","embeddable":true,"href":"https:\/\/gorica.info\/en\/wp-json\/wp\/v2\/categories?post=95472"},{"taxonomy":"post_tag","embeddable":true,"href":"https:\/\/gorica.info\/en\/wp-json\/wp\/v2\/tags?post=95472"}],"curies":[{"name":"wp","href":"https:\/\/api.w.org\/{rel}","templated":true}]}}