{"id":95608,"date":"2025-09-28T13:27:19","date_gmt":"2025-09-28T11:27:19","guid":{"rendered":"https:\/\/gorica.info\/?p=95608"},"modified":"2025-09-26T08:42:13","modified_gmt":"2025-09-26T06:42:13","slug":"domoljubni-spektakl-u-areni-zagreb-nastupaju-miroslav-skoro-mate-bulic-jacques-houdek","status":"publish","type":"post","link":"https:\/\/gorica.info\/en\/domoljubni-spektakl-u-areni-zagreb-nastupaju-miroslav-skoro-mate-bulic-jacques-houdek\/","title":{"rendered":"Domoljubni spektakl u Areni Zagreb: Nastupaju \u0160koro, Buli\u0107, Houdek, Gazde\u2026"},"content":{"rendered":"<p><span style=\"font-size: 20px\"><strong>Arena Zagreb<\/strong> u subotu, 11. listopada ponovno \u0107e postati epicentar emocija i domoljubnog zanosa! Tradicionalni domoljubni koncert <strong>&#8220;Domu mom&#8221;<\/strong> ove \u0107e godine ugostiti dosad najve\u0107i broj izvo\u0111a\u010da, a ulaznica je ostalo jako malo. Bit \u0107e to jedan od najrasko\u0161nijih koncerata godine u zagreba\u010dkoj Areni.\u00a0<\/span><\/p>\n<p><span style=\"font-size: 20px\">U pomno pripremanom showu na kojem ve\u0107 radi vi\u0161e od 200 ljudi, zapjevat \u0107e vladari domoljubne pjesme &#8211;<a href=\"https:\/\/gorica.info\/en\/domoljubni-koncert-godine-miroslav-skoro-odusevio-publiku-u-prepunoj-areni\/\"> <strong>Miroslav \u0160koro<\/strong><\/a>, <strong>Mate Buli\u0107<\/strong> i sve popularniji Josip Ivan\u010di\u0107. Kad su \u0160koro i Buli\u0107 ve\u0107 zajedno na bini, organizatori najavljuju i jedno veliko iznena\u0111enje &#8211; tko \u0107e im se pridru\u017eiti na pozornici kako bi ta mo\u0107na slika iz Arene oti\u0161la u svijet.\u00a0\u00a0<\/span><\/p>\n<p><img fetchpriority=\"high\" decoding=\"async\" class=\"alignnone wp-image-95610 size-full\" src=\"https:\/\/gorica.info\/wp-content\/uploads\/2025\/09\/DOMU_MOM_2024.jpg\" alt=\"domoljubni\" width=\"1200\" height=\"799\" srcset=\"https:\/\/gorica.info\/wp-content\/uploads\/2025\/09\/DOMU_MOM_2024.jpg 1200w, https:\/\/gorica.info\/wp-content\/uploads\/2025\/09\/DOMU_MOM_2024-300x200.jpg 300w, https:\/\/gorica.info\/wp-content\/uploads\/2025\/09\/DOMU_MOM_2024-1024x682.jpg 1024w, https:\/\/gorica.info\/wp-content\/uploads\/2025\/09\/DOMU_MOM_2024-768x511.jpg 768w, https:\/\/gorica.info\/wp-content\/uploads\/2025\/09\/DOMU_MOM_2024-18x12.jpg 18w, https:\/\/gorica.info\/wp-content\/uploads\/2025\/09\/DOMU_MOM_2024-750x499.jpg 750w, https:\/\/gorica.info\/wp-content\/uploads\/2025\/09\/DOMU_MOM_2024-1140x759.jpg 1140w\" sizes=\"(max-width: 1200px) 100vw, 1200px\" \/><\/p>\n<p><span style=\"font-size: 20px\">Na koncertu &#8220;Domu mom&#8221; pjevat \u0107e i Pero Gali\u0107, biv\u0161i frontmen Op\u0107e Opasnosti, Jacques Houdek, Tiho Orli\u0107, Klapa HRM \u201eSveti Juraj&#8221; i Klapa Cambi, Zapre\u0161i\u0107 Boysi koji su Hrvatskoj podarili najpopularnije navija\u010dke himne, tambura\u0161ki sastav Gazde, Stjepan Jer\u0161ek \u0160tef, \u0160ima Jovanovac, Dra\u017een \u017danko, Mirko \u0160venda \u017diga, Bruno Krajcar, Dino Petri\u0107, Jure Brklja\u010da, Frano Pehar, Pava, Nika Pastuovi\u0107, Klapa Cesarice, SKUD \u201eIvan Goran Kova\u010di\u0107&#8221; i Etno skupina \u010cuvarice.<\/span><\/p>\n<p><span style=\"font-size: 20px\">Na pozornici \u0107e im se pridru\u017eiti i desetogodi\u0161nji <strong>Marino Vrgo\u010d<\/strong>, glazbeno &#8220;\u010dudo od djeteta&#8221;, pobjednik prve sezone showa The Voice Kids Croatia i ovogodi\u0161nji predstavnik Hrvatske na Dje\u010djoj Euroviziji, koji je ujedno simbol nove generacije koja ponosno \u017eivi Hrvatsku, kojem \u0107e ova ve\u010der zauvijek ostati urezana u pam\u0107enje.<\/span><\/p>\n<h3><span style=\"font-size: 20px\">Ve\u010der pjesme i ponosa<\/span><\/h3>\n<p><span style=\"font-size: 20px\">Glazbeno-duhovni spektakl, kojem s razlogom tepaju da je \u201eobiteljsko okupljanje&#8221;, udru\u017eit \u0107e na jednom mjestu najve\u0107a glazbena imena i donijeti puno vi\u0161e od obi\u010dnog koncerta. To \u0107e biti ve\u010der pjesme i ponosa, u kojoj \u0107e tisu\u0107e ljudi zapjevati kao jedan, a svaki stih bit \u0107e slavlje ljubavi; Arena \u0107e se pretvoriti u jedno veliko srce koje kuca za domovinu u svakom taktu.<\/span><\/p>\n<p><span style=\"font-size: 20px\">Prethodna dva koncerta \u201eDomu mom&#8221; &#8211; u zagreba\u010dkoj Areni i dvorani Kre\u0161imira \u0106osi\u0107a u Zadru &#8211; okupila su <strong>vi\u0161e od 30.000 posjetitelja<\/strong> koji su u potpunom transu i na nogama do\u017eivjeli eksploziju domoljublja i glazbe.<\/span><\/p>\n<p><span style=\"font-size: 20px\">Ulaznice su planule u rekordnom roku, \u0161to najbolje pokazuje koliko je publici nedostajao ovakav doga\u0111aj.<\/span><\/p>\n<p><span style=\"font-size: 20px\">Odavno je poznato da ljubav prema domovini ne poznaje granice pa \u0107e i ove godine publika pristizati iz Austrije, Njema\u010dke i \u0160vicarske, a val ponosa i emocija \u0161to ga donose na\u0161i ljudi iz iseljeni\u0161tva dodatno jam\u010di no\u0107 za pam\u0107enje.<\/span><\/p>\n<blockquote><p><span style=\"font-size: 20px\">Tre\u0107e spektakularno izdanje koncerta \u201eDomu mom&#8221; najavljeno je multimedijskim projektom pod nazivom \u201eKome \u0107e\u0161 pjevati, ako ne Domu na\u0161em, Domu tvom, Domu mom!&#8221;. <\/span><\/p><\/blockquote>\n<p><span style=\"font-size: 20px\">Video svojim vizualnim i glazbenim elementima podsje\u0107a na vrijednosti koje nas povezuju kao narod &#8211; vjeru, obitelj i domovinu &#8211; kroz zahvalu hrvatskim herojima iz svakodnevnog \u017eivota. Upravo o tim vrijednostima pjevat \u0107e se satima u Areni Zagreb, <strong>11. listopada, od 20 sati.<\/strong><\/span><\/p>\n<p><span style=\"font-size: 20px\">&#8211; Domoljublje se o\u010dituje u svakodnevnom po\u0161tovanju i podr\u0161ci svima koji nesebi\u010dno rade za dobrobit na\u0161e zemlje &#8211; od vatrogasaca i hitne slu\u017ebe, do policije,vojske i malog \u010dovjeka, na\u0161eg susjeda, brata i prijatelja koji svojim predanom radom \u010dini sve nas ponosnima.<\/span><\/p>\n<p><span style=\"font-size: 20px\">Oni tako \u0161tite na\u0161u sigurnost i slobodu, a time nam svima pokazuju \u0161to zna\u010di \u017eivjeti domoljublje u praksi. Njihova predanost i anga\u017eman odra\u017eavaju istinske vrijednosti koje ovaj projekt \u017eeli prenijeti. Sudjelovati u koncertu &#8220;Domu mom&#8221; zna\u010di kroz glazbu slaviti njihov doprinos i zajedni\u0161tvo te podsjetiti sve generacije koliko je va\u017eno \u010duvati i po\u0161tovati domovinu svaki dan &#8211; kako u svom pozivu, tako i u svom domu i dru\u0161tvu \u2013 poru\u010dila je<strong> Ksenija Abramovi\u0107<\/strong>, glavna organizatorica projekta.<\/span><\/p>\n<p><span style=\"font-size: 20px\">Pridru\u017eite se spektaklu koji spaja generacije i budi ponos u jedinstvenoj atmosferi Arene Zagreb. Na jednoj pozornici, u jednom gradu i u jednoj ve\u010deri, okupit \u0107e se omiljeni izvo\u0111a\u010di i izvesti najpoznatije pjesme koje su obilje\u017eile na\u0161u pro\u0161lost i oblikuju budu\u0107nost.<\/span><\/p>\n<p><span style=\"font-size: 20px\"> Do\u017eivite trenutke koji se pamte zauvijek i koji su puno vi\u0161e od koncerta. Ulaznice su dostupne u Eventim sustavu, na prodajnim mjestima distributera te u Laudato galerijama u Zagrebu i Zadru.<\/span><\/p>","protected":false},"excerpt":{"rendered":"<p>Arena Zagreb u subotu, 11. listopada ponovno \u0107e postati epicentar emocija i domoljubnog zanosa! Tradicionalni domoljubni koncert &#8220;Domu mom&#8221; ove \u0107e godine ugostiti dosad najve\u0107i broj izvo\u0111a\u010da, a ulaznica je ostalo jako malo. Bit \u0107e to jedan od najrasko\u0161nijih koncerata godine u zagreba\u010dkoj Areni.\u00a0 U pomno pripremanom showu na kojem ve\u0107 radi vi\u0161e od 200 [&hellip;]<\/p>\n","protected":false},"author":25,"featured_media":95609,"comment_status":"closed","ping_status":"closed","sticky":false,"template":"","format":"standard","meta":{"limit_modified_date":"1","last_modified_date":"","jnews-multi-image_gallery":[],"jnews_single_post":{"subtitle":"Glazbeno-duhovni spektakl udru\u017eit \u0107e na jednom mjestu najve\u0107a glazbena imena i donijeti puno vi\u0161e od obi\u010dnog koncerta","format":"standard","override":[{"template":"3","parallax":"1","fullscreen":"1","layout":"right-sidebar","sidebar":"default-sidebar","second_sidebar":"default-sidebar","sticky_sidebar":"1","share_position":"top","share_float_style":"share-monocrhome","show_featured":"1","show_post_meta":"1","show_post_author":"1","show_post_author_image":"1","show_post_date":"1","post_date_format":"default","post_date_format_custom":"Y\/m\/d","show_post_category":"1","show_post_reading_time":"1","post_reading_time_wpm":"300","post_calculate_word_method":"str_word_count","zoom_button_out_step":"2","zoom_button_in_step":"3","show_post_tag":"1","show_popup_post":"1","number_popup_post":"1","show_post_related":"1"}],"image_override":[{"single_post_thumbnail_size":"crop-500","single_post_gallery_size":"crop-500"}],"trending_post_position":"meta","trending_post_label":"Trending","sponsored_post_label":"Sponsored by","disable_ad":"0"},"jnews_primary_category":[],"jnews_override_counter":{"view_counter_number":"0","share_counter_number":"0","like_counter_number":"0","dislike_counter_number":"0"},"footnotes":""},"categories":[115],"tags":[20473,20474,20475,20477,20476,241],"class_list":["post-95608","post","type-post","status-publish","format-standard","has-post-thumbnail","hentry","category-scena","tag-arena-zagreb","tag-domoljubni-koncert","tag-domu-mom","tag-gazde","tag-mate-bulic","tag-miroslav-skoro"],"yoast_head":"<!-- This site is optimized with the Yoast SEO Premium plugin v27.5 (Yoast SEO v27.5) - https:\/\/yoast.com\/product\/yoast-seo-premium-wordpress\/ -->\n<title>Domoljubni spektakl u Areni Zagreb: Nastupaju \u0160koro, Buli\u0107, Houdek, Gazde\u2026 - Gorica Info<\/title>\n<meta name=\"description\" content=\"Domoljubni spektakl u Areni Zagreb: Nastupaju Miroslav \u0160koro, Mate Buli\u0107, Jacques Houdek, Josip Ivan\u010di\u0107, Pero Gali\u0107...\" \/>\n<meta name=\"robots\" content=\"index, follow, max-snippet:-1, max-image-preview:large, max-video-preview:-1\" \/>\n<link rel=\"canonical\" href=\"https:\/\/gorica.info\/en\/domoljubni-spektakl-u-areni-zagreb-nastupaju-miroslav-skoro-mate-bulic-jacques-houdek\/\" \/>\n<meta property=\"og:locale\" content=\"en_US\" \/>\n<meta property=\"og:type\" content=\"article\" \/>\n<meta property=\"og:title\" content=\"Domoljubni spektakl u Areni Zagreb: Nastupaju \u0160koro, Buli\u0107, Houdek, Gazde\u2026\" \/>\n<meta property=\"og:description\" content=\"Domoljubni spektakl u Areni Zagreb: Nastupaju Miroslav \u0160koro, Mate Buli\u0107, Jacques Houdek, Josip Ivan\u010di\u0107, Pero Gali\u0107...\" \/>\n<meta property=\"og:url\" content=\"https:\/\/gorica.info\/en\/domoljubni-spektakl-u-areni-zagreb-nastupaju-miroslav-skoro-mate-bulic-jacques-houdek\/\" \/>\n<meta property=\"og:site_name\" content=\"Gorica Info\" \/>\n<meta property=\"article:publisher\" content=\"https:\/\/www.facebook.com\/Goricainfo-106005144489262\" \/>\n<meta property=\"article:published_time\" content=\"2025-09-28T11:27:19+00:00\" \/>\n<meta property=\"og:image\" content=\"https:\/\/gorica.info\/wp-content\/uploads\/2025\/09\/domoljubni-koncert.jpg\" \/>\n\t<meta property=\"og:image:width\" content=\"1200\" \/>\n\t<meta property=\"og:image:height\" content=\"634\" \/>\n\t<meta property=\"og:image:type\" content=\"image\/jpeg\" \/>\n<meta name=\"author\" content=\"Marta Horvat\" \/>\n<meta name=\"twitter:card\" content=\"summary_large_image\" \/>\n<meta name=\"twitter:creator\" content=\"@GoricaInfo\" \/>\n<meta name=\"twitter:site\" content=\"@GoricaInfo\" \/>\n<meta name=\"twitter:label1\" content=\"Written by\" \/>\n\t<meta name=\"twitter:data1\" content=\"Marta Horvat\" \/>\n\t<meta name=\"twitter:label2\" content=\"Est. reading time\" \/>\n\t<meta name=\"twitter:data2\" content=\"4 minutes\" \/>\n<meta name=\"geo.placename\" content=\"Velika Gorica\" \/>\n<meta name=\"geo.region\" content=\"Croatia\" \/>\n<!-- \/ Yoast SEO Premium plugin. -->","yoast_head_json":{"title":"Domoljubni spektakl u Areni Zagreb: Nastupaju \u0160koro, Buli\u0107, Houdek, Gazde\u2026 - Gorica Info","description":"Domoljubni spektakl u Areni Zagreb: Nastupaju Miroslav \u0160koro, Mate Buli\u0107, Jacques Houdek, Josip Ivan\u010di\u0107, Pero Gali\u0107...","robots":{"index":"index","follow":"follow","max-snippet":"max-snippet:-1","max-image-preview":"max-image-preview:large","max-video-preview":"max-video-preview:-1"},"canonical":"https:\/\/gorica.info\/en\/domoljubni-spektakl-u-areni-zagreb-nastupaju-miroslav-skoro-mate-bulic-jacques-houdek\/","og_locale":"en_US","og_type":"article","og_title":"Domoljubni spektakl u Areni Zagreb: Nastupaju \u0160koro, Buli\u0107, Houdek, Gazde\u2026","og_description":"Domoljubni spektakl u Areni Zagreb: Nastupaju Miroslav \u0160koro, Mate Buli\u0107, Jacques Houdek, Josip Ivan\u010di\u0107, Pero Gali\u0107...","og_url":"https:\/\/gorica.info\/en\/domoljubni-spektakl-u-areni-zagreb-nastupaju-miroslav-skoro-mate-bulic-jacques-houdek\/","og_site_name":"Gorica Info","article_publisher":"https:\/\/www.facebook.com\/Goricainfo-106005144489262","article_published_time":"2025-09-28T11:27:19+00:00","og_image":[{"width":1200,"height":634,"url":"https:\/\/gorica.info\/wp-content\/uploads\/2025\/09\/domoljubni-koncert.jpg","type":"image\/jpeg"}],"author":"Marta Horvat","twitter_card":"summary_large_image","twitter_creator":"@GoricaInfo","twitter_site":"@GoricaInfo","twitter_misc":{"Written by":"Marta Horvat","Est. reading time":"4 minutes"},"schema":{"@context":"https:\/\/schema.org","@graph":[{"@type":"NewsArticle","@id":"https:\/\/gorica.info\/domoljubni-spektakl-u-areni-zagreb-nastupaju-miroslav-skoro-mate-bulic-jacques-houdek\/#article","isPartOf":{"@id":"https:\/\/gorica.info\/domoljubni-spektakl-u-areni-zagreb-nastupaju-miroslav-skoro-mate-bulic-jacques-houdek\/"},"author":{"name":"Marta Horvat","@id":"https:\/\/gorica.info\/#\/schema\/person\/b2df2f6fb2a9073c0fa5af2672befd52"},"headline":"Domoljubni spektakl u Areni Zagreb: Nastupaju \u0160koro, Buli\u0107, Houdek, Gazde\u2026","datePublished":"2025-09-28T11:27:19+00:00","mainEntityOfPage":{"@id":"https:\/\/gorica.info\/domoljubni-spektakl-u-areni-zagreb-nastupaju-miroslav-skoro-mate-bulic-jacques-houdek\/"},"wordCount":708,"publisher":{"@id":"https:\/\/gorica.info\/#organization"},"image":{"@id":"https:\/\/gorica.info\/domoljubni-spektakl-u-areni-zagreb-nastupaju-miroslav-skoro-mate-bulic-jacques-houdek\/#primaryimage"},"thumbnailUrl":"https:\/\/gorica.info\/wp-content\/uploads\/2025\/09\/domoljubni-koncert.jpg","keywords":["arena zagreb","domoljubni koncert","domu mom","Gazde","mate buli\u0107","Miroslav \u0160koro"],"articleSection":["SCENA"],"inLanguage":"en-US","copyrightYear":"2025","copyrightHolder":{"@id":"https:\/\/gorica.info\/en\/#organization"}},{"@type":"WebPage","@id":"https:\/\/gorica.info\/domoljubni-spektakl-u-areni-zagreb-nastupaju-miroslav-skoro-mate-bulic-jacques-houdek\/","url":"https:\/\/gorica.info\/domoljubni-spektakl-u-areni-zagreb-nastupaju-miroslav-skoro-mate-bulic-jacques-houdek\/","name":"Domoljubni spektakl u Areni Zagreb: Nastupaju \u0160koro, Buli\u0107, Houdek, Gazde\u2026 - Gorica Info","isPartOf":{"@id":"https:\/\/gorica.info\/#website"},"primaryImageOfPage":{"@id":"https:\/\/gorica.info\/domoljubni-spektakl-u-areni-zagreb-nastupaju-miroslav-skoro-mate-bulic-jacques-houdek\/#primaryimage"},"image":{"@id":"https:\/\/gorica.info\/domoljubni-spektakl-u-areni-zagreb-nastupaju-miroslav-skoro-mate-bulic-jacques-houdek\/#primaryimage"},"thumbnailUrl":"https:\/\/gorica.info\/wp-content\/uploads\/2025\/09\/domoljubni-koncert.jpg","datePublished":"2025-09-28T11:27:19+00:00","description":"Domoljubni spektakl u Areni Zagreb: Nastupaju Miroslav \u0160koro, Mate Buli\u0107, Jacques Houdek, Josip Ivan\u010di\u0107, Pero Gali\u0107...","breadcrumb":{"@id":"https:\/\/gorica.info\/domoljubni-spektakl-u-areni-zagreb-nastupaju-miroslav-skoro-mate-bulic-jacques-houdek\/#breadcrumb"},"inLanguage":"en-US","potentialAction":[{"@type":"ReadAction","target":["https:\/\/gorica.info\/domoljubni-spektakl-u-areni-zagreb-nastupaju-miroslav-skoro-mate-bulic-jacques-houdek\/"]}]},{"@type":"ImageObject","inLanguage":"en-US","@id":"https:\/\/gorica.info\/domoljubni-spektakl-u-areni-zagreb-nastupaju-miroslav-skoro-mate-bulic-jacques-houdek\/#primaryimage","url":"https:\/\/gorica.info\/wp-content\/uploads\/2025\/09\/domoljubni-koncert.jpg","contentUrl":"https:\/\/gorica.info\/wp-content\/uploads\/2025\/09\/domoljubni-koncert.jpg","width":1200,"height":634,"caption":"Foto: Promo"},{"@type":"BreadcrumbList","@id":"https:\/\/gorica.info\/domoljubni-spektakl-u-areni-zagreb-nastupaju-miroslav-skoro-mate-bulic-jacques-houdek\/#breadcrumb","itemListElement":[{"@type":"ListItem","position":1,"name":"Po\u010detna stranica","item":"https:\/\/gorica.info\/"},{"@type":"ListItem","position":2,"name":"Domoljubni spektakl u Areni Zagreb: Nastupaju \u0160koro, Buli\u0107, Houdek, Gazde\u2026"}]},{"@type":"WebSite","@id":"https:\/\/gorica.info\/#website","url":"https:\/\/gorica.info\/","name":"Gorica Info","description":"Vijesti iz Velike Gorice i okolice.","publisher":{"@id":"https:\/\/gorica.info\/#organization"},"potentialAction":[{"@type":"SearchAction","target":{"@type":"EntryPoint","urlTemplate":"https:\/\/gorica.info\/?s={search_term_string}"},"query-input":{"@type":"PropertyValueSpecification","valueRequired":true,"valueName":"search_term_string"}}],"inLanguage":"en-US"},{"@type":["Organization","Place","NewsMediaOrganization"],"@id":"https:\/\/gorica.info\/#organization","name":"Gorica Info","url":"https:\/\/gorica.info\/","logo":{"@id":"https:\/\/gorica.info\/domoljubni-spektakl-u-areni-zagreb-nastupaju-miroslav-skoro-mate-bulic-jacques-houdek\/#local-main-organization-logo"},"image":{"@id":"https:\/\/gorica.info\/domoljubni-spektakl-u-areni-zagreb-nastupaju-miroslav-skoro-mate-bulic-jacques-houdek\/#local-main-organization-logo"},"sameAs":["https:\/\/www.facebook.com\/Goricainfo-106005144489262","https:\/\/x.com\/GoricaInfo","https:\/\/www.instagram.com\/gorica.info\/"],"address":{"@id":"https:\/\/gorica.info\/domoljubni-spektakl-u-areni-zagreb-nastupaju-miroslav-skoro-mate-bulic-jacques-houdek\/#local-main-place-address"},"telephone":[],"openingHoursSpecification":[{"@type":"OpeningHoursSpecification","dayOfWeek":["Monday","Tuesday","Wednesday","Thursday","Friday","Saturday","Sunday"],"opens":"09:00","closes":"17:00"}],"email":"redakcija@gorica.info"},{"@type":"Person","@id":"https:\/\/gorica.info\/#\/schema\/person\/b2df2f6fb2a9073c0fa5af2672befd52","name":"Marta Horvat","description":"Marta Horvat je studentica koja redovito pi\u0161e za portal, prati sva gradska doga\u0111anja i u\u017eiva isprobavati nove recept koje dijeli s na\u0161im \u010ditateljima.","url":"https:\/\/gorica.info\/en\/author\/marta-horvat\/"},{"@type":"PostalAddress","@id":"https:\/\/gorica.info\/domoljubni-spektakl-u-areni-zagreb-nastupaju-miroslav-skoro-mate-bulic-jacques-houdek\/#local-main-place-address","streetAddress":"Horvatova 97","addressLocality":"Velika Gorica","postalCode":"10410","addressRegion":"Croatia","addressCountry":"HR"},{"@type":"ImageObject","inLanguage":"en-US","@id":"https:\/\/gorica.info\/domoljubni-spektakl-u-areni-zagreb-nastupaju-miroslav-skoro-mate-bulic-jacques-houdek\/#local-main-organization-logo","url":"https:\/\/gorica.info\/wp-content\/uploads\/2024\/07\/Gorica-Info-Logo-mali.png","contentUrl":"https:\/\/gorica.info\/wp-content\/uploads\/2024\/07\/Gorica-Info-Logo-mali.png","width":450,"height":85,"caption":"Gorica Info"}]},"geo.placename":"Velika Gorica","geo.region":"Croatia"},"_links":{"self":[{"href":"https:\/\/gorica.info\/en\/wp-json\/wp\/v2\/posts\/95608","targetHints":{"allow":["GET"]}}],"collection":[{"href":"https:\/\/gorica.info\/en\/wp-json\/wp\/v2\/posts"}],"about":[{"href":"https:\/\/gorica.info\/en\/wp-json\/wp\/v2\/types\/post"}],"author":[{"embeddable":true,"href":"https:\/\/gorica.info\/en\/wp-json\/wp\/v2\/users\/25"}],"replies":[{"embeddable":true,"href":"https:\/\/gorica.info\/en\/wp-json\/wp\/v2\/comments?post=95608"}],"version-history":[{"count":4,"href":"https:\/\/gorica.info\/en\/wp-json\/wp\/v2\/posts\/95608\/revisions"}],"predecessor-version":[{"id":95615,"href":"https:\/\/gorica.info\/en\/wp-json\/wp\/v2\/posts\/95608\/revisions\/95615"}],"wp:featuredmedia":[{"embeddable":true,"href":"https:\/\/gorica.info\/en\/wp-json\/wp\/v2\/media\/95609"}],"wp:attachment":[{"href":"https:\/\/gorica.info\/en\/wp-json\/wp\/v2\/media?parent=95608"}],"wp:term":[{"taxonomy":"category","embeddable":true,"href":"https:\/\/gorica.info\/en\/wp-json\/wp\/v2\/categories?post=95608"},{"taxonomy":"post_tag","embeddable":true,"href":"https:\/\/gorica.info\/en\/wp-json\/wp\/v2\/tags?post=95608"}],"curies":[{"name":"wp","href":"https:\/\/api.w.org\/{rel}","templated":true}]}}