{"id":96326,"date":"2025-10-10T12:46:58","date_gmt":"2025-10-10T10:46:58","guid":{"rendered":"https:\/\/gorica.info\/?p=96326"},"modified":"2025-10-10T12:48:52","modified_gmt":"2025-10-10T10:48:52","slug":"velika-gorica-domacin-festivala-pcelarstva-zagrebacke-zupanije-koji-traje-cijeli-vikend","status":"publish","type":"post","link":"https:\/\/gorica.info\/en\/velika-gorica-domacin-festivala-pcelarstva-zagrebacke-zupanije-koji-traje-cijeli-vikend\/","title":{"rendered":"Velika Gorica doma\u0107in Festivala p\u010delarstva Zagreba\u010dke \u017eupanije koji traje cijeli vikend"},"content":{"rendered":"<p><span style=\"font-size: 20px\"><strong>U Parku Plemenite op\u0107ine turopoljske<\/strong> u Velikoj Gorici danas je otvoren <strong>Festival p\u010delarstva<\/strong>. Festival i <strong>Izlo\u017eba meda s ocjenjivanjem<\/strong> Zagreba\u010dke \u017eupanije traju od petka do nedjelje. Doma\u0107in manifestacije ove godine je <strong>P\u010delarska udruga \u201eTuropolje\u201d.<\/strong><\/span><\/p>\n<p><img fetchpriority=\"high\" decoding=\"async\" class=\"alignnone wp-image-96331 size-full\" src=\"https:\/\/gorica.info\/wp-content\/uploads\/2025\/10\/festival-pcelarstva-velika-gorica.jpg\" alt=\"\" width=\"1200\" height=\"1163\" srcset=\"https:\/\/gorica.info\/wp-content\/uploads\/2025\/10\/festival-pcelarstva-velika-gorica.jpg 1200w, https:\/\/gorica.info\/wp-content\/uploads\/2025\/10\/festival-pcelarstva-velika-gorica-300x291.jpg 300w, https:\/\/gorica.info\/wp-content\/uploads\/2025\/10\/festival-pcelarstva-velika-gorica-1024x992.jpg 1024w, https:\/\/gorica.info\/wp-content\/uploads\/2025\/10\/festival-pcelarstva-velika-gorica-768x744.jpg 768w, https:\/\/gorica.info\/wp-content\/uploads\/2025\/10\/festival-pcelarstva-velika-gorica-12x12.jpg 12w, https:\/\/gorica.info\/wp-content\/uploads\/2025\/10\/festival-pcelarstva-velika-gorica-750x727.jpg 750w, https:\/\/gorica.info\/wp-content\/uploads\/2025\/10\/festival-pcelarstva-velika-gorica-1140x1105.jpg 1140w\" sizes=\"(max-width: 1200px) 100vw, 1200px\" \/><\/p>\n<p><span style=\"font-size: 20px\">Osim izlo\u017ebe meda i p\u010delinjih proizvoda, posjetitelji mogu obi\u0107i <strong>izlo\u017ebu p\u010delarske opreme<\/strong>, pored koje je izlo\u017eena posebna atrakcija model kranjske medonosne p\u010dele, koja tako\u0111er \u017eivi u na\u0161em kraju.<\/span><\/p>\n<p><span style=\"font-size: 20px\"><strong>Vjeran prikaz p\u010dele<\/strong> u du\u017eini od 170 cm postavljen je na rotiraju\u0107oj platformi napravljen je u omjeru 1:100.<\/span><\/p>\n<p><img decoding=\"async\" class=\"alignnone wp-image-96330 size-full\" src=\"https:\/\/gorica.info\/wp-content\/uploads\/2025\/10\/festival-pcelarstva-pcela-e1760092179595.jpg\" alt=\"\" width=\"900\" height=\"797\" srcset=\"https:\/\/gorica.info\/wp-content\/uploads\/2025\/10\/festival-pcelarstva-pcela-e1760092179595.jpg 900w, https:\/\/gorica.info\/wp-content\/uploads\/2025\/10\/festival-pcelarstva-pcela-e1760092179595-300x266.jpg 300w, https:\/\/gorica.info\/wp-content\/uploads\/2025\/10\/festival-pcelarstva-pcela-e1760092179595-768x680.jpg 768w, https:\/\/gorica.info\/wp-content\/uploads\/2025\/10\/festival-pcelarstva-pcela-e1760092179595-14x12.jpg 14w, https:\/\/gorica.info\/wp-content\/uploads\/2025\/10\/festival-pcelarstva-pcela-e1760092179595-750x664.jpg 750w\" sizes=\"(max-width: 900px) 100vw, 900px\" \/><\/p>\n<p><span style=\"font-size: 20px\">P\u010dela je dovezena iz Slovenije gdje je i napravljena na inicijativu <strong>P\u010delarskog saveza Slovenije.<\/strong><\/span><\/p>\n<p><img decoding=\"async\" class=\"alignnone wp-image-96333 size-full\" src=\"https:\/\/gorica.info\/wp-content\/uploads\/2025\/10\/festival-pcelarstva1-1-e1760092762853.jpg\" alt=\"p\u010delarstva\" width=\"750\" height=\"857\" srcset=\"https:\/\/gorica.info\/wp-content\/uploads\/2025\/10\/festival-pcelarstva1-1-e1760092762853.jpg 750w, https:\/\/gorica.info\/wp-content\/uploads\/2025\/10\/festival-pcelarstva1-1-e1760092762853-263x300.jpg 263w, https:\/\/gorica.info\/wp-content\/uploads\/2025\/10\/festival-pcelarstva1-1-e1760092762853-11x12.jpg 11w\" sizes=\"(max-width: 750px) 100vw, 750px\" \/><\/p>\n<p><span style=\"font-size: 20px\">Na izlo\u017ebi je postavljen i apisarij, <a href=\"https:\/\/gorica.info\/en\/goricka-pcelarica-marija-britvec-tople-zime-i-kisna-proljeca-lose-utjecu-na-proizvodnju-meda\/\">ko\u0161nica sa \u017eivim p\u010delama<\/a> u koju mo\u017eete zaviriti kroz \u201eprozor\u201d i vidjeti kako \u017eive p\u010dele, a to \u0107e biti i tema radionica i igraonica za djecu koje \u0107e biti organizirane tijekom sva tri dana.<\/span><\/p>\n<p><img loading=\"lazy\" decoding=\"async\" class=\"wp-image-96338 size-full aligncenter\" src=\"https:\/\/gorica.info\/wp-content\/uploads\/2025\/10\/festival-pcelarstva-med.jpg\" alt=\"\" width=\"675\" height=\"1200\" srcset=\"https:\/\/gorica.info\/wp-content\/uploads\/2025\/10\/festival-pcelarstva-med.jpg 675w, https:\/\/gorica.info\/wp-content\/uploads\/2025\/10\/festival-pcelarstva-med-169x300.jpg 169w, https:\/\/gorica.info\/wp-content\/uploads\/2025\/10\/festival-pcelarstva-med-576x1024.jpg 576w, https:\/\/gorica.info\/wp-content\/uploads\/2025\/10\/festival-pcelarstva-med-7x12.jpg 7w\" sizes=\"(max-width: 675px) 100vw, 675px\" \/><\/p>\n<p><img loading=\"lazy\" decoding=\"async\" class=\"alignnone wp-image-96332 size-full\" src=\"https:\/\/gorica.info\/wp-content\/uploads\/2025\/10\/festival-pcelarstva-pcelari-e1760092683153.jpg\" alt=\"\" width=\"900\" height=\"930\" srcset=\"https:\/\/gorica.info\/wp-content\/uploads\/2025\/10\/festival-pcelarstva-pcelari-e1760092683153.jpg 900w, https:\/\/gorica.info\/wp-content\/uploads\/2025\/10\/festival-pcelarstva-pcelari-e1760092683153-290x300.jpg 290w, https:\/\/gorica.info\/wp-content\/uploads\/2025\/10\/festival-pcelarstva-pcelari-e1760092683153-768x794.jpg 768w, https:\/\/gorica.info\/wp-content\/uploads\/2025\/10\/festival-pcelarstva-pcelari-e1760092683153-12x12.jpg 12w, https:\/\/gorica.info\/wp-content\/uploads\/2025\/10\/festival-pcelarstva-pcelari-e1760092683153-750x775.jpg 750w\" sizes=\"(max-width: 900px) 100vw, 900px\" \/><\/p>\n<p><span style=\"font-size: 20px\">U subotu \u0107e biti <strong>dodjela priznanja najboljim p\u010delarima<\/strong> na ovogodi\u0161njem ocjenjivanju medova Zagreba\u010dke \u017eupanije.\u00a0<\/span><span style=\"font-size: 20px\">Posjetitelji \u0107e usput imati priliku ku\u0161ati <strong>svih 104 uzoraka meda<\/strong> s ocjenjivanja. <\/span><\/p>\n<p><span style=\"font-size: 20px\">Na predavanju za ljubitelje meda i one koji \u0107e to tek postati &#8220;P\u010delinji proizvodi: od nutritivne vrijednosti do zdravstvene dobrobiti&#8221;, <strong>izv. prof. dr. sc. Ivane Rumora Samarin<\/strong> u Centru za posjetitelje mo\u017eete doznati sve o va\u017enosti meda i p\u010delinjih proizvoda u svakodnevnoj prehrani.<\/span><\/p>\n<p><span style=\"font-size: 20px\">Na prostoru oko Muzeja Turopolja do nedjelje se odr\u017eava i <strong>Gospodarski sajam<\/strong> te <strong>Festival ekolo\u0161ke poljoprivrede.<\/strong><\/span><\/p>\n<p><img loading=\"lazy\" decoding=\"async\" class=\"alignnone wp-image-96334 size-full\" src=\"https:\/\/gorica.info\/wp-content\/uploads\/2025\/10\/gospodarski-sajam-velika-gorica2025-2.jpg\" alt=\"\" width=\"1200\" height=\"1085\" srcset=\"https:\/\/gorica.info\/wp-content\/uploads\/2025\/10\/gospodarski-sajam-velika-gorica2025-2.jpg 1200w, https:\/\/gorica.info\/wp-content\/uploads\/2025\/10\/gospodarski-sajam-velika-gorica2025-2-300x271.jpg 300w, https:\/\/gorica.info\/wp-content\/uploads\/2025\/10\/gospodarski-sajam-velika-gorica2025-2-1024x926.jpg 1024w, https:\/\/gorica.info\/wp-content\/uploads\/2025\/10\/gospodarski-sajam-velika-gorica2025-2-768x694.jpg 768w, https:\/\/gorica.info\/wp-content\/uploads\/2025\/10\/gospodarski-sajam-velika-gorica2025-2-13x12.jpg 13w, https:\/\/gorica.info\/wp-content\/uploads\/2025\/10\/gospodarski-sajam-velika-gorica2025-2-750x678.jpg 750w, https:\/\/gorica.info\/wp-content\/uploads\/2025\/10\/gospodarski-sajam-velika-gorica2025-2-1140x1031.jpg 1140w\" sizes=\"(max-width: 1200px) 100vw, 1200px\" \/> <img loading=\"lazy\" decoding=\"async\" class=\"alignnone wp-image-96335 size-full\" src=\"https:\/\/gorica.info\/wp-content\/uploads\/2025\/10\/gospodarski-sajam-velika-gorica2025-e1760092971361.jpg\" alt=\"\" width=\"900\" height=\"836\" srcset=\"https:\/\/gorica.info\/wp-content\/uploads\/2025\/10\/gospodarski-sajam-velika-gorica2025-e1760092971361.jpg 900w, https:\/\/gorica.info\/wp-content\/uploads\/2025\/10\/gospodarski-sajam-velika-gorica2025-e1760092971361-300x279.jpg 300w, https:\/\/gorica.info\/wp-content\/uploads\/2025\/10\/gospodarski-sajam-velika-gorica2025-e1760092971361-768x713.jpg 768w, https:\/\/gorica.info\/wp-content\/uploads\/2025\/10\/gospodarski-sajam-velika-gorica2025-e1760092971361-13x12.jpg 13w, https:\/\/gorica.info\/wp-content\/uploads\/2025\/10\/gospodarski-sajam-velika-gorica2025-e1760092971361-750x697.jpg 750w\" sizes=\"(max-width: 900px) 100vw, 900px\" \/> <img loading=\"lazy\" decoding=\"async\" class=\"alignnone wp-image-96336 size-full\" src=\"https:\/\/gorica.info\/wp-content\/uploads\/2025\/10\/gospodarski-sajam1.jpg\" alt=\"\" width=\"1184\" height=\"1200\" srcset=\"https:\/\/gorica.info\/wp-content\/uploads\/2025\/10\/gospodarski-sajam1.jpg 1184w, https:\/\/gorica.info\/wp-content\/uploads\/2025\/10\/gospodarski-sajam1-296x300.jpg 296w, https:\/\/gorica.info\/wp-content\/uploads\/2025\/10\/gospodarski-sajam1-1010x1024.jpg 1010w, https:\/\/gorica.info\/wp-content\/uploads\/2025\/10\/gospodarski-sajam1-768x778.jpg 768w, https:\/\/gorica.info\/wp-content\/uploads\/2025\/10\/gospodarski-sajam1-12x12.jpg 12w, https:\/\/gorica.info\/wp-content\/uploads\/2025\/10\/gospodarski-sajam1-75x75.jpg 75w, https:\/\/gorica.info\/wp-content\/uploads\/2025\/10\/gospodarski-sajam1-750x760.jpg 750w, https:\/\/gorica.info\/wp-content\/uploads\/2025\/10\/gospodarski-sajam1-1140x1155.jpg 1140w\" sizes=\"(max-width: 1184px) 100vw, 1184px\" \/> <img loading=\"lazy\" decoding=\"async\" class=\"alignnone wp-image-96337 size-full\" src=\"https:\/\/gorica.info\/wp-content\/uploads\/2025\/10\/gospodarski-sajam2.jpg\" alt=\"\" width=\"900\" height=\"1200\" srcset=\"https:\/\/gorica.info\/wp-content\/uploads\/2025\/10\/gospodarski-sajam2.jpg 900w, https:\/\/gorica.info\/wp-content\/uploads\/2025\/10\/gospodarski-sajam2-225x300.jpg 225w, https:\/\/gorica.info\/wp-content\/uploads\/2025\/10\/gospodarski-sajam2-768x1024.jpg 768w, https:\/\/gorica.info\/wp-content\/uploads\/2025\/10\/gospodarski-sajam2-9x12.jpg 9w, https:\/\/gorica.info\/wp-content\/uploads\/2025\/10\/gospodarski-sajam2-750x1000.jpg 750w\" sizes=\"(max-width: 900px) 100vw, 900px\" \/><\/p>\n<p>&nbsp;<\/p>","protected":false},"excerpt":{"rendered":"<p>U Parku Plemenite op\u0107ine turopoljske u Velikoj Gorici danas je otvoren Festival p\u010delarstva. Festival i Izlo\u017eba meda s ocjenjivanjem Zagreba\u010dke \u017eupanije traju od petka do nedjelje. Doma\u0107in manifestacije ove godine je P\u010delarska udruga \u201eTuropolje\u201d. Osim izlo\u017ebe meda i p\u010delinjih proizvoda, posjetitelji mogu obi\u0107i izlo\u017ebu p\u010delarske opreme, pored koje je izlo\u017eena posebna atrakcija model kranjske medonosne [&hellip;]<\/p>\n","protected":false},"author":23,"featured_media":96342,"comment_status":"closed","ping_status":"closed","sticky":false,"template":"","format":"standard","meta":{"limit_modified_date":"1","last_modified_date":"","jnews-multi-image_gallery":[],"jnews_single_post":{"format":"standard","override":[{"template":"3","parallax":"1","fullscreen":"1","layout":"right-sidebar","sidebar":"default-sidebar","second_sidebar":"default-sidebar","sticky_sidebar":"1","share_position":"top","share_float_style":"share-monocrhome","show_featured":"1","show_post_meta":"1","show_post_author":"1","show_post_author_image":"1","show_post_date":"1","post_date_format":"default","post_date_format_custom":"Y\/m\/d","show_post_category":"1","show_post_reading_time":"1","post_reading_time_wpm":"300","post_calculate_word_method":"str_word_count","zoom_button_out_step":"2","zoom_button_in_step":"3","show_post_tag":"1","show_popup_post":"1","number_popup_post":"1","show_post_related":"1"}],"image_override":[{"single_post_thumbnail_size":"crop-500","single_post_gallery_size":"crop-500"}],"trending_post_position":"meta","trending_post_label":"Trending","sponsored_post_label":"Sponsored by","disable_ad":"0","subtitle":"Osim izlo\u017ebe meda i p\u010delinjih proizvoda, posjetitelji mogu obi\u0107i izlo\u017ebu p\u010delarske opreme, pored koje je izlo\u017eena posebna atrakcija model kranjske medonosne p\u010dele, koja tako\u0111er \u017eivi u na\u0161em kraju"},"jnews_primary_category":[],"jnews_override_counter":{"view_counter_number":"0","share_counter_number":"0","like_counter_number":"0","dislike_counter_number":"0"},"footnotes":""},"categories":[87],"tags":[18759,20624,20625,15793,15554],"class_list":["post-96326","post","type-post","status-publish","format-standard","has-post-thumbnail","hentry","category-gorica","tag-dodjela-priznanja","tag-festival-pcelarstva","tag-izbor-najboljeg-meda","tag-pcelarska-udruga-turopolje","tag-vg-vijesti"],"yoast_head":"<!-- This site is optimized with the Yoast SEO Premium plugin v27.4 (Yoast SEO v27.4) - https:\/\/yoast.com\/product\/yoast-seo-premium-wordpress\/ -->\n<title>Velika Gorica doma\u0107in Festivala p\u010delarstva Zagreba\u010dke \u017eupanije koji traje cijeli vikend - Gorica Info<\/title>\n<meta name=\"description\" content=\"Velika Gorica doma\u0107in Festivala p\u010delarstva Zagreba\u010dke \u017eupanije koji traje cijeli vikend i odr\u017eava se u Parku plemenite op\u0107ine turopoljske.\" \/>\n<meta name=\"robots\" content=\"index, follow, max-snippet:-1, max-image-preview:large, max-video-preview:-1\" \/>\n<link rel=\"canonical\" href=\"https:\/\/gorica.info\/en\/velika-gorica-domacin-festivala-pcelarstva-zagrebacke-zupanije-koji-traje-cijeli-vikend\/\" \/>\n<meta property=\"og:locale\" content=\"en_US\" \/>\n<meta property=\"og:type\" content=\"article\" \/>\n<meta property=\"og:title\" content=\"Velika Gorica doma\u0107in Festivala p\u010delarstva Zagreba\u010dke \u017eupanije koji traje cijeli vikend\" \/>\n<meta property=\"og:description\" content=\"Velika Gorica doma\u0107in Festivala p\u010delarstva Zagreba\u010dke \u017eupanije koji traje cijeli vikend i odr\u017eava se u Parku plemenite op\u0107ine turopoljske.\" \/>\n<meta property=\"og:url\" content=\"https:\/\/gorica.info\/en\/velika-gorica-domacin-festivala-pcelarstva-zagrebacke-zupanije-koji-traje-cijeli-vikend\/\" \/>\n<meta property=\"og:site_name\" content=\"Gorica Info\" \/>\n<meta property=\"article:publisher\" content=\"https:\/\/www.facebook.com\/Goricainfo-106005144489262\" \/>\n<meta property=\"article:published_time\" content=\"2025-10-10T10:46:58+00:00\" \/>\n<meta property=\"article:modified_time\" content=\"2025-10-10T10:48:52+00:00\" \/>\n<meta property=\"og:image\" content=\"https:\/\/gorica.info\/wp-content\/uploads\/2025\/10\/festival-pcelarstva-opg-britvec-e1760093616162.jpg\" \/>\n\t<meta property=\"og:image:width\" content=\"1200\" \/>\n\t<meta property=\"og:image:height\" content=\"672\" \/>\n\t<meta property=\"og:image:type\" content=\"image\/jpeg\" \/>\n<meta name=\"author\" content=\"Gorica. info\" \/>\n<meta name=\"twitter:card\" content=\"summary_large_image\" \/>\n<meta name=\"twitter:creator\" content=\"@GoricaInfo\" \/>\n<meta name=\"twitter:site\" content=\"@GoricaInfo\" \/>\n<meta name=\"twitter:label1\" content=\"Written by\" \/>\n\t<meta name=\"twitter:data1\" content=\"Gorica. info\" \/>\n\t<meta name=\"twitter:label2\" content=\"Est. reading time\" \/>\n\t<meta name=\"twitter:data2\" content=\"4 minutes\" \/>\n<meta name=\"geo.placename\" content=\"Velika Gorica\" \/>\n<meta name=\"geo.region\" content=\"Croatia\" \/>\n<!-- \/ Yoast SEO Premium plugin. -->","yoast_head_json":{"title":"Velika Gorica doma\u0107in Festivala p\u010delarstva Zagreba\u010dke \u017eupanije koji traje cijeli vikend - Gorica Info","description":"Velika Gorica doma\u0107in Festivala p\u010delarstva Zagreba\u010dke \u017eupanije koji traje cijeli vikend i odr\u017eava se u Parku plemenite op\u0107ine turopoljske.","robots":{"index":"index","follow":"follow","max-snippet":"max-snippet:-1","max-image-preview":"max-image-preview:large","max-video-preview":"max-video-preview:-1"},"canonical":"https:\/\/gorica.info\/en\/velika-gorica-domacin-festivala-pcelarstva-zagrebacke-zupanije-koji-traje-cijeli-vikend\/","og_locale":"en_US","og_type":"article","og_title":"Velika Gorica doma\u0107in Festivala p\u010delarstva Zagreba\u010dke \u017eupanije koji traje cijeli vikend","og_description":"Velika Gorica doma\u0107in Festivala p\u010delarstva Zagreba\u010dke \u017eupanije koji traje cijeli vikend i odr\u017eava se u Parku plemenite op\u0107ine turopoljske.","og_url":"https:\/\/gorica.info\/en\/velika-gorica-domacin-festivala-pcelarstva-zagrebacke-zupanije-koji-traje-cijeli-vikend\/","og_site_name":"Gorica Info","article_publisher":"https:\/\/www.facebook.com\/Goricainfo-106005144489262","article_published_time":"2025-10-10T10:46:58+00:00","article_modified_time":"2025-10-10T10:48:52+00:00","og_image":[{"width":1200,"height":672,"url":"https:\/\/gorica.info\/wp-content\/uploads\/2025\/10\/festival-pcelarstva-opg-britvec-e1760093616162.jpg","type":"image\/jpeg"}],"author":"Gorica. info","twitter_card":"summary_large_image","twitter_creator":"@GoricaInfo","twitter_site":"@GoricaInfo","twitter_misc":{"Written by":"Gorica. info","Est. reading time":"4 minutes"},"schema":{"@context":"https:\/\/schema.org","@graph":[{"@type":"NewsArticle","@id":"https:\/\/gorica.info\/velika-gorica-domacin-festivala-pcelarstva-zagrebacke-zupanije-koji-traje-cijeli-vikend\/#article","isPartOf":{"@id":"https:\/\/gorica.info\/velika-gorica-domacin-festivala-pcelarstva-zagrebacke-zupanije-koji-traje-cijeli-vikend\/"},"author":{"name":"Gorica. info","@id":"https:\/\/gorica.info\/#\/schema\/person\/4499af1f22f322670b9b5977ccc2e3de"},"headline":"Velika Gorica doma\u0107in Festivala p\u010delarstva Zagreba\u010dke \u017eupanije koji traje cijeli vikend","datePublished":"2025-10-10T10:46:58+00:00","dateModified":"2025-10-10T10:48:52+00:00","mainEntityOfPage":{"@id":"https:\/\/gorica.info\/velika-gorica-domacin-festivala-pcelarstva-zagrebacke-zupanije-koji-traje-cijeli-vikend\/"},"wordCount":266,"publisher":{"@id":"https:\/\/gorica.info\/#organization"},"image":{"@id":"https:\/\/gorica.info\/velika-gorica-domacin-festivala-pcelarstva-zagrebacke-zupanije-koji-traje-cijeli-vikend\/#primaryimage"},"thumbnailUrl":"https:\/\/gorica.info\/wp-content\/uploads\/2025\/10\/festival-pcelarstva-opg-britvec-e1760093616162.jpg","keywords":["dodjela priznanja","festival p\u010delarstva","izbor najboljeg meda","p\u010delarska udruga turopolje","vg vijesti"],"articleSection":["GORICA"],"inLanguage":"en-US","copyrightYear":"2025","copyrightHolder":{"@id":"https:\/\/gorica.info\/en\/#organization"}},{"@type":"WebPage","@id":"https:\/\/gorica.info\/velika-gorica-domacin-festivala-pcelarstva-zagrebacke-zupanije-koji-traje-cijeli-vikend\/","url":"https:\/\/gorica.info\/velika-gorica-domacin-festivala-pcelarstva-zagrebacke-zupanije-koji-traje-cijeli-vikend\/","name":"Velika Gorica doma\u0107in Festivala p\u010delarstva Zagreba\u010dke \u017eupanije koji traje cijeli vikend - Gorica Info","isPartOf":{"@id":"https:\/\/gorica.info\/#website"},"primaryImageOfPage":{"@id":"https:\/\/gorica.info\/velika-gorica-domacin-festivala-pcelarstva-zagrebacke-zupanije-koji-traje-cijeli-vikend\/#primaryimage"},"image":{"@id":"https:\/\/gorica.info\/velika-gorica-domacin-festivala-pcelarstva-zagrebacke-zupanije-koji-traje-cijeli-vikend\/#primaryimage"},"thumbnailUrl":"https:\/\/gorica.info\/wp-content\/uploads\/2025\/10\/festival-pcelarstva-opg-britvec-e1760093616162.jpg","datePublished":"2025-10-10T10:46:58+00:00","dateModified":"2025-10-10T10:48:52+00:00","description":"Velika Gorica doma\u0107in Festivala p\u010delarstva Zagreba\u010dke \u017eupanije koji traje cijeli vikend i odr\u017eava se u Parku plemenite op\u0107ine turopoljske.","breadcrumb":{"@id":"https:\/\/gorica.info\/velika-gorica-domacin-festivala-pcelarstva-zagrebacke-zupanije-koji-traje-cijeli-vikend\/#breadcrumb"},"inLanguage":"en-US","potentialAction":[{"@type":"ReadAction","target":["https:\/\/gorica.info\/velika-gorica-domacin-festivala-pcelarstva-zagrebacke-zupanije-koji-traje-cijeli-vikend\/"]}]},{"@type":"ImageObject","inLanguage":"en-US","@id":"https:\/\/gorica.info\/velika-gorica-domacin-festivala-pcelarstva-zagrebacke-zupanije-koji-traje-cijeli-vikend\/#primaryimage","url":"https:\/\/gorica.info\/wp-content\/uploads\/2025\/10\/festival-pcelarstva-opg-britvec-e1760093616162.jpg","contentUrl":"https:\/\/gorica.info\/wp-content\/uploads\/2025\/10\/festival-pcelarstva-opg-britvec-e1760093616162.jpg","width":1200,"height":672,"caption":"p\u010delarstva"},{"@type":"BreadcrumbList","@id":"https:\/\/gorica.info\/velika-gorica-domacin-festivala-pcelarstva-zagrebacke-zupanije-koji-traje-cijeli-vikend\/#breadcrumb","itemListElement":[{"@type":"ListItem","position":1,"name":"Po\u010detna stranica","item":"https:\/\/gorica.info\/"},{"@type":"ListItem","position":2,"name":"Velika Gorica doma\u0107in Festivala p\u010delarstva Zagreba\u010dke \u017eupanije koji traje cijeli vikend"}]},{"@type":"WebSite","@id":"https:\/\/gorica.info\/#website","url":"https:\/\/gorica.info\/","name":"Gorica Info","description":"Vijesti iz Velike Gorice i okolice.","publisher":{"@id":"https:\/\/gorica.info\/#organization"},"potentialAction":[{"@type":"SearchAction","target":{"@type":"EntryPoint","urlTemplate":"https:\/\/gorica.info\/?s={search_term_string}"},"query-input":{"@type":"PropertyValueSpecification","valueRequired":true,"valueName":"search_term_string"}}],"inLanguage":"en-US"},{"@type":["Organization","Place","NewsMediaOrganization"],"@id":"https:\/\/gorica.info\/#organization","name":"Gorica Info","url":"https:\/\/gorica.info\/","logo":{"@id":"https:\/\/gorica.info\/velika-gorica-domacin-festivala-pcelarstva-zagrebacke-zupanije-koji-traje-cijeli-vikend\/#local-main-organization-logo"},"image":{"@id":"https:\/\/gorica.info\/velika-gorica-domacin-festivala-pcelarstva-zagrebacke-zupanije-koji-traje-cijeli-vikend\/#local-main-organization-logo"},"sameAs":["https:\/\/www.facebook.com\/Goricainfo-106005144489262","https:\/\/x.com\/GoricaInfo","https:\/\/www.instagram.com\/gorica.info\/"],"address":{"@id":"https:\/\/gorica.info\/velika-gorica-domacin-festivala-pcelarstva-zagrebacke-zupanije-koji-traje-cijeli-vikend\/#local-main-place-address"},"telephone":[],"openingHoursSpecification":[{"@type":"OpeningHoursSpecification","dayOfWeek":["Monday","Tuesday","Wednesday","Thursday","Friday","Saturday","Sunday"],"opens":"09:00","closes":"17:00"}],"email":"redakcija@gorica.info"},{"@type":"Person","@id":"https:\/\/gorica.info\/#\/schema\/person\/4499af1f22f322670b9b5977ccc2e3de","name":"Gorica. info","description":"Gorica.info je lokalni portal koji prati Veliku Goricu i okolici, svakodnevno donosi najnovije vijesti i pri\u010de, kulturna doga\u0111anja i aktualnosti koje oblikuju \u017eivot gra\u0111ana.","url":"https:\/\/gorica.info\/en\/author\/gorica-info\/"},{"@type":"PostalAddress","@id":"https:\/\/gorica.info\/velika-gorica-domacin-festivala-pcelarstva-zagrebacke-zupanije-koji-traje-cijeli-vikend\/#local-main-place-address","streetAddress":"Horvatova 97","addressLocality":"Velika Gorica","postalCode":"10410","addressRegion":"Croatia","addressCountry":"HR"},{"@type":"ImageObject","inLanguage":"en-US","@id":"https:\/\/gorica.info\/velika-gorica-domacin-festivala-pcelarstva-zagrebacke-zupanije-koji-traje-cijeli-vikend\/#local-main-organization-logo","url":"https:\/\/gorica.info\/wp-content\/uploads\/2024\/07\/Gorica-Info-Logo-mali.png","contentUrl":"https:\/\/gorica.info\/wp-content\/uploads\/2024\/07\/Gorica-Info-Logo-mali.png","width":450,"height":85,"caption":"Gorica Info"}]},"geo.placename":"Velika Gorica","geo.region":"Croatia"},"_links":{"self":[{"href":"https:\/\/gorica.info\/en\/wp-json\/wp\/v2\/posts\/96326","targetHints":{"allow":["GET"]}}],"collection":[{"href":"https:\/\/gorica.info\/en\/wp-json\/wp\/v2\/posts"}],"about":[{"href":"https:\/\/gorica.info\/en\/wp-json\/wp\/v2\/types\/post"}],"author":[{"embeddable":true,"href":"https:\/\/gorica.info\/en\/wp-json\/wp\/v2\/users\/23"}],"replies":[{"embeddable":true,"href":"https:\/\/gorica.info\/en\/wp-json\/wp\/v2\/comments?post=96326"}],"version-history":[{"count":3,"href":"https:\/\/gorica.info\/en\/wp-json\/wp\/v2\/posts\/96326\/revisions"}],"predecessor-version":[{"id":96341,"href":"https:\/\/gorica.info\/en\/wp-json\/wp\/v2\/posts\/96326\/revisions\/96341"}],"wp:featuredmedia":[{"embeddable":true,"href":"https:\/\/gorica.info\/en\/wp-json\/wp\/v2\/media\/96342"}],"wp:attachment":[{"href":"https:\/\/gorica.info\/en\/wp-json\/wp\/v2\/media?parent=96326"}],"wp:term":[{"taxonomy":"category","embeddable":true,"href":"https:\/\/gorica.info\/en\/wp-json\/wp\/v2\/categories?post=96326"},{"taxonomy":"post_tag","embeddable":true,"href":"https:\/\/gorica.info\/en\/wp-json\/wp\/v2\/tags?post=96326"}],"curies":[{"name":"wp","href":"https:\/\/api.w.org\/{rel}","templated":true}]}}