{"id":96375,"date":"2025-10-12T10:46:49","date_gmt":"2025-10-12T08:46:49","guid":{"rendered":"https:\/\/gorica.info\/?p=96375"},"modified":"2025-10-12T17:03:38","modified_gmt":"2025-10-12T15:03:38","slug":"trosatno-slavlje-domoljublja-cak-146-izvodaca-pjevalo-najvece-hitove-hrvatske-glazbe","status":"publish","type":"post","link":"https:\/\/gorica.info\/en\/trosatno-slavlje-domoljublja-cak-146-izvodaca-pjevalo-najvece-hitove-hrvatske-glazbe\/","title":{"rendered":"Trosatno slavlje domoljublja: \u010cak 146 izvo\u0111a\u010da pjevalo najve\u0107e hitove hrvatske glazbe"},"content":{"rendered":"<p><span style=\"font-size: 20px\"><strong>Spektakularni koncert<\/strong> <a href=\"https:\/\/gorica.info\/en\/domoljubni-spektakl-u-areni-zagreb-nastupaju-miroslav-skoro-mate-bulic-jacques-houdek\/\">\u201eDomu mom\u201c<\/a> okupio je<strong> 18.000 gledatelja u Areni Zagreb<\/strong> koji su u\u017eivali u nastupima<strong> \u010dak 146 izvo\u0111a\u010da<\/strong> i najve\u0107im domoljubnim hitovima koji su se orili dvoranom puna tri sata.<\/span><\/p>\n<p><img fetchpriority=\"high\" decoding=\"async\" class=\"alignnone wp-image-96379 size-full\" src=\"https:\/\/gorica.info\/wp-content\/uploads\/2025\/10\/domoljubni-koncert2.jpg\" alt=\"izvo\u0111a\u010da\" width=\"1200\" height=\"798\" srcset=\"https:\/\/gorica.info\/wp-content\/uploads\/2025\/10\/domoljubni-koncert2.jpg 1200w, https:\/\/gorica.info\/wp-content\/uploads\/2025\/10\/domoljubni-koncert2-300x200.jpg 300w, https:\/\/gorica.info\/wp-content\/uploads\/2025\/10\/domoljubni-koncert2-1024x681.jpg 1024w, https:\/\/gorica.info\/wp-content\/uploads\/2025\/10\/domoljubni-koncert2-768x511.jpg 768w, https:\/\/gorica.info\/wp-content\/uploads\/2025\/10\/domoljubni-koncert2-18x12.jpg 18w, https:\/\/gorica.info\/wp-content\/uploads\/2025\/10\/domoljubni-koncert2-750x499.jpg 750w, https:\/\/gorica.info\/wp-content\/uploads\/2025\/10\/domoljubni-koncert2-1140x758.jpg 1140w\" sizes=\"(max-width: 1200px) 100vw, 1200px\" \/><\/p>\n<p><span style=\"font-size: 20px\">Od prvih stihova hrvatske himne i jednog od najve\u0107ih hitova 2025. godine &#8211; pjesme \u201eAko ne zna\u0161 \u0161ta je bilo\u201c pa sve do posljednjeg takta i zajedni\u010dke izvedbe \u201eMoje domovine\u201c, ve\u010der domoljublja i glazbe povela je eufori\u010dnu publiku iz svih dijelova Hrvatske i dijaspore na putovanje kroz emocije i ponos prema domovini.<\/span><\/p>\n<p><span style=\"font-size: 20px\">Ljepoticu na Lani\u0161tu ispunili su i brojni domoljubni motivi, me\u0111u kojima su najupe\u010datljivije bile hrvatske zastave, njih skoro tisu\u0107u, koje su se energi\u010dno vijorile \u010ditavu ve\u010der, pridonose\u0107i dojmu koji \u0107e svim prisutnima zauvijek ostati u pam\u0107enju.<\/span><\/p>\n<p><span style=\"font-size: 20px\"><a href=\"https:\/\/hr.wikipedia.org\/wiki\/Miroslav_%C5%A0koro\"><strong>Miroslav \u0160koro<\/strong><\/a>, <strong>Mate Buli\u0107<\/strong> i <strong>Josip Ivan\u010di\u0107<\/strong> predvodili su glazbeni spektakl, izvev\u0161i neke od svojih najve\u0107ih hitova, me\u0111u kojima su \u201eSude mi\u201c, \u201eNe dirajte mi ravnicu\u201c, \u201eMoja Hercegovina\u201c i \u201eNa kamenu ro\u0111en\u201c &#8211; uz tisu\u0107e zapaljenih svjetala i glasove generacija koji su doslovno \u201egrmili\u201c Arenom \u2013 posebno nakon \u0161to je \u0160koro posvetio svoj nastup, me\u0111u ostalim, hrvatskim braniteljima te svima onima koji vi\u0161e nisu s nama.<\/span><\/p>\n<figure id=\"attachment_96380\" aria-describedby=\"caption-attachment-96380\" style=\"width: 1200px\" class=\"wp-caption alignnone\"><img decoding=\"async\" class=\"wp-image-96380 size-full\" src=\"https:\/\/gorica.info\/wp-content\/uploads\/2025\/10\/domoljubni-koncert3.jpg\" alt=\"\" width=\"1200\" height=\"798\" srcset=\"https:\/\/gorica.info\/wp-content\/uploads\/2025\/10\/domoljubni-koncert3.jpg 1200w, https:\/\/gorica.info\/wp-content\/uploads\/2025\/10\/domoljubni-koncert3-300x200.jpg 300w, https:\/\/gorica.info\/wp-content\/uploads\/2025\/10\/domoljubni-koncert3-1024x681.jpg 1024w, https:\/\/gorica.info\/wp-content\/uploads\/2025\/10\/domoljubni-koncert3-768x511.jpg 768w, https:\/\/gorica.info\/wp-content\/uploads\/2025\/10\/domoljubni-koncert3-18x12.jpg 18w, https:\/\/gorica.info\/wp-content\/uploads\/2025\/10\/domoljubni-koncert3-750x499.jpg 750w, https:\/\/gorica.info\/wp-content\/uploads\/2025\/10\/domoljubni-koncert3-1140x758.jpg 1140w\" sizes=\"(max-width: 1200px) 100vw, 1200px\" \/><figcaption id=\"caption-attachment-96380\" class=\"wp-caption-text\">Foto: Jurica Cvitani\u0107\/Premier Media Group<\/figcaption><\/figure>\n<p><span style=\"font-size: 20px\">Uz njih su nastupili i brojni drugi izvo\u0111a\u010di: Jacques Houdek, biv\u0161i frontmen Op\u0107e opasnosti Pero Gali\u0107, Tiho Orli\u0107 i Klapa HRM \u201eSveti Juraj\u201c, Zapre\u0161i\u0107 Boys, tambura\u0161ki sastav Gazde, Klapa Cambi, Stjepan Jer\u0161ek \u0160tef, \u0160ima Jovanovac, Dra\u017een \u017danko, Mirko \u0160venda \u017diga, Bruno Krajcar, Frano Pehar, Etno skupina \u010cuvarice, Nika Pastuovi\u0107, Jure Brklja\u010da, Dino Petri\u0107, Pava, Klapa Cesarice, SKUD \u201eIvan Goran Kova\u010di\u0107\u201c, te najmla\u0111a zvijezda ve\u010deri &#8211; desetogodi\u0161nji <strong>Marino Vrgo\u010d<\/strong>, pobjednik prve sezone showa The Voice Kids Croatia i ovogodi\u0161nji predstavnik Hrvatske na Dje\u010djoj Euroviziji.<\/span><\/p>\n<figure id=\"attachment_96377\" aria-describedby=\"caption-attachment-96377\" style=\"width: 1200px\" class=\"wp-caption alignnone\"><img decoding=\"async\" class=\"wp-image-96377 size-full\" src=\"https:\/\/gorica.info\/wp-content\/uploads\/2025\/10\/domoljubni-koncert-1.jpg\" alt=\"\" width=\"1200\" height=\"798\" srcset=\"https:\/\/gorica.info\/wp-content\/uploads\/2025\/10\/domoljubni-koncert-1.jpg 1200w, https:\/\/gorica.info\/wp-content\/uploads\/2025\/10\/domoljubni-koncert-1-300x200.jpg 300w, https:\/\/gorica.info\/wp-content\/uploads\/2025\/10\/domoljubni-koncert-1-1024x681.jpg 1024w, https:\/\/gorica.info\/wp-content\/uploads\/2025\/10\/domoljubni-koncert-1-768x511.jpg 768w, https:\/\/gorica.info\/wp-content\/uploads\/2025\/10\/domoljubni-koncert-1-18x12.jpg 18w, https:\/\/gorica.info\/wp-content\/uploads\/2025\/10\/domoljubni-koncert-1-750x499.jpg 750w, https:\/\/gorica.info\/wp-content\/uploads\/2025\/10\/domoljubni-koncert-1-1140x758.jpg 1140w\" sizes=\"(max-width: 1200px) 100vw, 1200px\" \/><figcaption id=\"caption-attachment-96377\" class=\"wp-caption-text\">Foto: Jurica Cvitani\u0107\/Premier Media Group<\/figcaption><\/figure>\n<p><span style=\"font-size: 20px\">Simbol nove generacije koja nosi domoljubni \u017ear u srcu, Marino je izveo pjesme \u201ePoljubi zemlju\u201c i \u201eDalmatinac sam\u201c, dodatno rasplamsav\u0161i ponos i toplinu u ispunjenoj dvorani ovog legendarnog projekta Laudato televizije.<\/span><\/p>\n<figure id=\"attachment_96378\" aria-describedby=\"caption-attachment-96378\" style=\"width: 900px\" class=\"wp-caption alignnone\"><img loading=\"lazy\" decoding=\"async\" class=\"wp-image-96378 size-full\" src=\"https:\/\/gorica.info\/wp-content\/uploads\/2025\/10\/domoljubni-koncert1.jpg\" alt=\"izvo\u0111a\u010da\" width=\"900\" height=\"1200\" srcset=\"https:\/\/gorica.info\/wp-content\/uploads\/2025\/10\/domoljubni-koncert1.jpg 900w, https:\/\/gorica.info\/wp-content\/uploads\/2025\/10\/domoljubni-koncert1-225x300.jpg 225w, https:\/\/gorica.info\/wp-content\/uploads\/2025\/10\/domoljubni-koncert1-768x1024.jpg 768w, https:\/\/gorica.info\/wp-content\/uploads\/2025\/10\/domoljubni-koncert1-9x12.jpg 9w, https:\/\/gorica.info\/wp-content\/uploads\/2025\/10\/domoljubni-koncert1-750x1000.jpg 750w\" sizes=\"(max-width: 900px) 100vw, 900px\" \/><figcaption id=\"caption-attachment-96378\" class=\"wp-caption-text\">Foto: Jurica Cvitani\u0107\/Premier Media Group<\/figcaption><\/figure>\n<p><span style=\"font-size: 20px\">Podsjetimo, prva dva koncerta \u201eDomu mom\u201c, odr\u017eana u zagreba\u010dkoj Areni i zadarskoj dvorani Kre\u0161imira \u0106osi\u0107a, bila su ispunjena do posljednjeg mjesta. Nakon jo\u0161 jednog uspje\u0161nog spektakla, organizatori s ponosom najavljuju i njegovo \u010detvrto izdanje &#8211; idu\u0107e ljeto u Splitu.<\/span><\/p>\n<p><span style=\"font-size: 20px\">Pod zvjezdanim nebom nad morem i u ambijentu legendarnog stadiona, tisu\u0107e i tisu\u0107e glasova ponovno \u0107e se ujediniti u jedno srce i jedan refren &#8211; za domovinu, narod i ljubav prema zemlji koju volimo. Bit \u0107e to jo\u0161 jedna ve\u010der koja \u0107e u\u0107i u povijest, ba\u0161 kao i ova u Areni Zagreb.<\/span><\/p>","protected":false},"excerpt":{"rendered":"<p>Spektakularni koncert \u201eDomu mom\u201c okupio je 18.000 gledatelja u Areni Zagreb koji su u\u017eivali u nastupima \u010dak 146 izvo\u0111a\u010da i najve\u0107im domoljubnim hitovima koji su se orili dvoranom puna tri sata. Od prvih stihova hrvatske himne i jednog od najve\u0107ih hitova 2025. godine &#8211; pjesme \u201eAko ne zna\u0161 \u0161ta je bilo\u201c pa sve do posljednjeg [&hellip;]<\/p>\n","protected":false},"author":25,"featured_media":96376,"comment_status":"closed","ping_status":"closed","sticky":false,"template":"","format":"standard","meta":{"limit_modified_date":"1","last_modified_date":"","jnews-multi-image_gallery":[],"jnews_single_post":{"subtitle":"Miroslav \u0160koro, Mate Buli\u0107 i Josip Ivan\u010di\u0107 predvodili su glazbeni spektakl, izvev\u0161i neke od svojih najve\u0107ih hitova, me\u0111u kojima su \u201eSude mi\u201c, \u201eNe dirajte mi ravnicu\u201c, \u201eMoja Hercegovina\u201c i \u201eNa kamenu ro\u0111en\u201c...","format":"standard","override":[{"template":"3","parallax":"1","fullscreen":"1","layout":"right-sidebar","sidebar":"default-sidebar","second_sidebar":"default-sidebar","sticky_sidebar":"1","share_position":"top","share_float_style":"share-monocrhome","show_featured":"1","show_post_meta":"1","show_post_author":"1","show_post_author_image":"1","show_post_date":"1","post_date_format":"default","post_date_format_custom":"Y\/m\/d","show_post_category":"1","show_post_reading_time":"1","post_reading_time_wpm":"300","post_calculate_word_method":"str_word_count","zoom_button_out_step":"2","zoom_button_in_step":"3","show_post_tag":"1","show_popup_post":"1","number_popup_post":"1","show_post_related":"1"}],"image_override":[{"single_post_thumbnail_size":"crop-500","single_post_gallery_size":"crop-500"}],"trending_post_position":"meta","trending_post_label":"Trending","sponsored_post_label":"Sponsored by","disable_ad":"0"},"jnews_primary_category":[],"jnews_override_counter":{"view_counter_number":"0","share_counter_number":"0","like_counter_number":"0","dislike_counter_number":"0"},"footnotes":""},"categories":[115],"tags":[20473,20474,20634,20476,241,20633],"class_list":["post-96375","post","type-post","status-publish","format-standard","has-post-thumbnail","hentry","category-scena","tag-arena-zagreb","tag-domoljubni-koncert","tag-josip-ivancic","tag-mate-bulic","tag-miroslav-skoro","tag-tiho-orlic"],"yoast_head":"<!-- This site is optimized with the Yoast SEO Premium plugin v27.5 (Yoast SEO v27.5) - https:\/\/yoast.com\/product\/yoast-seo-premium-wordpress\/ -->\n<title>Trosatno slavlje domoljublja: \u010cak 146 izvo\u0111a\u010da pjevalo najve\u0107e hitove hrvatske glazbe - Gorica Info<\/title>\n<meta name=\"description\" content=\"Trosatno slavlje domoljublja: \u010cak 146 izvo\u0111a\u010da pjevalo najve\u0107e hitove hrvatske glazbe uz tisu\u0107u zastava u Areni Zagreb\" \/>\n<meta name=\"robots\" content=\"index, follow, max-snippet:-1, max-image-preview:large, max-video-preview:-1\" \/>\n<link rel=\"canonical\" href=\"https:\/\/gorica.info\/en\/trosatno-slavlje-domoljublja-cak-146-izvodaca-pjevalo-najvece-hitove-hrvatske-glazbe\/\" \/>\n<meta property=\"og:locale\" content=\"en_US\" \/>\n<meta property=\"og:type\" content=\"article\" \/>\n<meta property=\"og:title\" content=\"Trosatno slavlje domoljublja: \u010cak 146 izvo\u0111a\u010da pjevalo najve\u0107e hitove hrvatske glazbe\" \/>\n<meta property=\"og:description\" content=\"Trosatno slavlje domoljublja: \u010cak 146 izvo\u0111a\u010da pjevalo najve\u0107e hitove hrvatske glazbe uz tisu\u0107u zastava u Areni Zagreb\" \/>\n<meta property=\"og:url\" content=\"https:\/\/gorica.info\/en\/trosatno-slavlje-domoljublja-cak-146-izvodaca-pjevalo-najvece-hitove-hrvatske-glazbe\/\" \/>\n<meta property=\"og:site_name\" content=\"Gorica Info\" \/>\n<meta property=\"article:publisher\" content=\"https:\/\/www.facebook.com\/Goricainfo-106005144489262\" \/>\n<meta property=\"article:published_time\" content=\"2025-10-12T08:46:49+00:00\" \/>\n<meta property=\"article:modified_time\" content=\"2025-10-12T15:03:38+00:00\" \/>\n<meta property=\"og:image\" content=\"https:\/\/gorica.info\/wp-content\/uploads\/2025\/10\/domoljubni-koncert.jpg\" \/>\n\t<meta property=\"og:image:width\" content=\"1200\" \/>\n\t<meta property=\"og:image:height\" content=\"798\" \/>\n\t<meta property=\"og:image:type\" content=\"image\/jpeg\" \/>\n<meta name=\"author\" content=\"Marta Horvat\" \/>\n<meta name=\"twitter:card\" content=\"summary_large_image\" \/>\n<meta name=\"twitter:creator\" content=\"@GoricaInfo\" \/>\n<meta name=\"twitter:site\" content=\"@GoricaInfo\" \/>\n<meta name=\"twitter:label1\" content=\"Written by\" \/>\n\t<meta name=\"twitter:data1\" content=\"Marta Horvat\" \/>\n\t<meta name=\"twitter:label2\" content=\"Est. reading time\" \/>\n\t<meta name=\"twitter:data2\" content=\"4 minutes\" \/>\n<meta name=\"geo.placename\" content=\"Velika Gorica\" \/>\n<meta name=\"geo.region\" content=\"Croatia\" \/>\n<!-- \/ Yoast SEO Premium plugin. -->","yoast_head_json":{"title":"Trosatno slavlje domoljublja: \u010cak 146 izvo\u0111a\u010da pjevalo najve\u0107e hitove hrvatske glazbe - Gorica Info","description":"Trosatno slavlje domoljublja: \u010cak 146 izvo\u0111a\u010da pjevalo najve\u0107e hitove hrvatske glazbe uz tisu\u0107u zastava u Areni Zagreb","robots":{"index":"index","follow":"follow","max-snippet":"max-snippet:-1","max-image-preview":"max-image-preview:large","max-video-preview":"max-video-preview:-1"},"canonical":"https:\/\/gorica.info\/en\/trosatno-slavlje-domoljublja-cak-146-izvodaca-pjevalo-najvece-hitove-hrvatske-glazbe\/","og_locale":"en_US","og_type":"article","og_title":"Trosatno slavlje domoljublja: \u010cak 146 izvo\u0111a\u010da pjevalo najve\u0107e hitove hrvatske glazbe","og_description":"Trosatno slavlje domoljublja: \u010cak 146 izvo\u0111a\u010da pjevalo najve\u0107e hitove hrvatske glazbe uz tisu\u0107u zastava u Areni Zagreb","og_url":"https:\/\/gorica.info\/en\/trosatno-slavlje-domoljublja-cak-146-izvodaca-pjevalo-najvece-hitove-hrvatske-glazbe\/","og_site_name":"Gorica Info","article_publisher":"https:\/\/www.facebook.com\/Goricainfo-106005144489262","article_published_time":"2025-10-12T08:46:49+00:00","article_modified_time":"2025-10-12T15:03:38+00:00","og_image":[{"width":1200,"height":798,"url":"https:\/\/gorica.info\/wp-content\/uploads\/2025\/10\/domoljubni-koncert.jpg","type":"image\/jpeg"}],"author":"Marta Horvat","twitter_card":"summary_large_image","twitter_creator":"@GoricaInfo","twitter_site":"@GoricaInfo","twitter_misc":{"Written by":"Marta Horvat","Est. reading time":"4 minutes"},"schema":{"@context":"https:\/\/schema.org","@graph":[{"@type":"NewsArticle","@id":"https:\/\/gorica.info\/trosatno-slavlje-domoljublja-cak-146-izvodaca-pjevalo-najvece-hitove-hrvatske-glazbe\/#article","isPartOf":{"@id":"https:\/\/gorica.info\/trosatno-slavlje-domoljublja-cak-146-izvodaca-pjevalo-najvece-hitove-hrvatske-glazbe\/"},"author":{"name":"Marta Horvat","@id":"https:\/\/gorica.info\/#\/schema\/person\/b2df2f6fb2a9073c0fa5af2672befd52"},"headline":"Trosatno slavlje domoljublja: \u010cak 146 izvo\u0111a\u010da pjevalo najve\u0107e hitove hrvatske glazbe","datePublished":"2025-10-12T08:46:49+00:00","dateModified":"2025-10-12T15:03:38+00:00","mainEntityOfPage":{"@id":"https:\/\/gorica.info\/trosatno-slavlje-domoljublja-cak-146-izvodaca-pjevalo-najvece-hitove-hrvatske-glazbe\/"},"wordCount":488,"publisher":{"@id":"https:\/\/gorica.info\/#organization"},"image":{"@id":"https:\/\/gorica.info\/trosatno-slavlje-domoljublja-cak-146-izvodaca-pjevalo-najvece-hitove-hrvatske-glazbe\/#primaryimage"},"thumbnailUrl":"https:\/\/gorica.info\/wp-content\/uploads\/2025\/10\/domoljubni-koncert.jpg","keywords":["arena zagreb","domoljubni koncert","josip ivan\u010di\u0107","mate buli\u0107","Miroslav \u0160koro","tiho orli\u0107"],"articleSection":["SCENA"],"inLanguage":"en-US","copyrightYear":"2025","copyrightHolder":{"@id":"https:\/\/gorica.info\/en\/#organization"}},{"@type":"WebPage","@id":"https:\/\/gorica.info\/trosatno-slavlje-domoljublja-cak-146-izvodaca-pjevalo-najvece-hitove-hrvatske-glazbe\/","url":"https:\/\/gorica.info\/trosatno-slavlje-domoljublja-cak-146-izvodaca-pjevalo-najvece-hitove-hrvatske-glazbe\/","name":"Trosatno slavlje domoljublja: \u010cak 146 izvo\u0111a\u010da pjevalo najve\u0107e hitove hrvatske glazbe - Gorica Info","isPartOf":{"@id":"https:\/\/gorica.info\/#website"},"primaryImageOfPage":{"@id":"https:\/\/gorica.info\/trosatno-slavlje-domoljublja-cak-146-izvodaca-pjevalo-najvece-hitove-hrvatske-glazbe\/#primaryimage"},"image":{"@id":"https:\/\/gorica.info\/trosatno-slavlje-domoljublja-cak-146-izvodaca-pjevalo-najvece-hitove-hrvatske-glazbe\/#primaryimage"},"thumbnailUrl":"https:\/\/gorica.info\/wp-content\/uploads\/2025\/10\/domoljubni-koncert.jpg","datePublished":"2025-10-12T08:46:49+00:00","dateModified":"2025-10-12T15:03:38+00:00","description":"Trosatno slavlje domoljublja: \u010cak 146 izvo\u0111a\u010da pjevalo najve\u0107e hitove hrvatske glazbe uz tisu\u0107u zastava u Areni Zagreb","breadcrumb":{"@id":"https:\/\/gorica.info\/trosatno-slavlje-domoljublja-cak-146-izvodaca-pjevalo-najvece-hitove-hrvatske-glazbe\/#breadcrumb"},"inLanguage":"en-US","potentialAction":[{"@type":"ReadAction","target":["https:\/\/gorica.info\/trosatno-slavlje-domoljublja-cak-146-izvodaca-pjevalo-najvece-hitove-hrvatske-glazbe\/"]}]},{"@type":"ImageObject","inLanguage":"en-US","@id":"https:\/\/gorica.info\/trosatno-slavlje-domoljublja-cak-146-izvodaca-pjevalo-najvece-hitove-hrvatske-glazbe\/#primaryimage","url":"https:\/\/gorica.info\/wp-content\/uploads\/2025\/10\/domoljubni-koncert.jpg","contentUrl":"https:\/\/gorica.info\/wp-content\/uploads\/2025\/10\/domoljubni-koncert.jpg","width":1200,"height":798,"caption":"Foto: Jurica Cvitani\u0107\/Premier Media Group"},{"@type":"BreadcrumbList","@id":"https:\/\/gorica.info\/trosatno-slavlje-domoljublja-cak-146-izvodaca-pjevalo-najvece-hitove-hrvatske-glazbe\/#breadcrumb","itemListElement":[{"@type":"ListItem","position":1,"name":"Po\u010detna stranica","item":"https:\/\/gorica.info\/"},{"@type":"ListItem","position":2,"name":"Trosatno slavlje domoljublja: \u010cak 146 izvo\u0111a\u010da pjevalo najve\u0107e hitove hrvatske glazbe"}]},{"@type":"WebSite","@id":"https:\/\/gorica.info\/#website","url":"https:\/\/gorica.info\/","name":"Gorica Info","description":"Vijesti iz Velike Gorice i okolice.","publisher":{"@id":"https:\/\/gorica.info\/#organization"},"potentialAction":[{"@type":"SearchAction","target":{"@type":"EntryPoint","urlTemplate":"https:\/\/gorica.info\/?s={search_term_string}"},"query-input":{"@type":"PropertyValueSpecification","valueRequired":true,"valueName":"search_term_string"}}],"inLanguage":"en-US"},{"@type":["Organization","Place","NewsMediaOrganization"],"@id":"https:\/\/gorica.info\/#organization","name":"Gorica Info","url":"https:\/\/gorica.info\/","logo":{"@id":"https:\/\/gorica.info\/trosatno-slavlje-domoljublja-cak-146-izvodaca-pjevalo-najvece-hitove-hrvatske-glazbe\/#local-main-organization-logo"},"image":{"@id":"https:\/\/gorica.info\/trosatno-slavlje-domoljublja-cak-146-izvodaca-pjevalo-najvece-hitove-hrvatske-glazbe\/#local-main-organization-logo"},"sameAs":["https:\/\/www.facebook.com\/Goricainfo-106005144489262","https:\/\/x.com\/GoricaInfo","https:\/\/www.instagram.com\/gorica.info\/"],"address":{"@id":"https:\/\/gorica.info\/trosatno-slavlje-domoljublja-cak-146-izvodaca-pjevalo-najvece-hitove-hrvatske-glazbe\/#local-main-place-address"},"telephone":[],"openingHoursSpecification":[{"@type":"OpeningHoursSpecification","dayOfWeek":["Monday","Tuesday","Wednesday","Thursday","Friday","Saturday","Sunday"],"opens":"09:00","closes":"17:00"}],"email":"redakcija@gorica.info"},{"@type":"Person","@id":"https:\/\/gorica.info\/#\/schema\/person\/b2df2f6fb2a9073c0fa5af2672befd52","name":"Marta Horvat","description":"Marta Horvat je studentica koja redovito pi\u0161e za portal, prati sva gradska doga\u0111anja i u\u017eiva isprobavati nove recept koje dijeli s na\u0161im \u010ditateljima.","url":"https:\/\/gorica.info\/en\/author\/marta-horvat\/"},{"@type":"PostalAddress","@id":"https:\/\/gorica.info\/trosatno-slavlje-domoljublja-cak-146-izvodaca-pjevalo-najvece-hitove-hrvatske-glazbe\/#local-main-place-address","streetAddress":"Horvatova 97","addressLocality":"Velika Gorica","postalCode":"10410","addressRegion":"Croatia","addressCountry":"HR"},{"@type":"ImageObject","inLanguage":"en-US","@id":"https:\/\/gorica.info\/trosatno-slavlje-domoljublja-cak-146-izvodaca-pjevalo-najvece-hitove-hrvatske-glazbe\/#local-main-organization-logo","url":"https:\/\/gorica.info\/wp-content\/uploads\/2024\/07\/Gorica-Info-Logo-mali.png","contentUrl":"https:\/\/gorica.info\/wp-content\/uploads\/2024\/07\/Gorica-Info-Logo-mali.png","width":450,"height":85,"caption":"Gorica Info"}]},"geo.placename":"Velika Gorica","geo.region":"Croatia"},"_links":{"self":[{"href":"https:\/\/gorica.info\/en\/wp-json\/wp\/v2\/posts\/96375","targetHints":{"allow":["GET"]}}],"collection":[{"href":"https:\/\/gorica.info\/en\/wp-json\/wp\/v2\/posts"}],"about":[{"href":"https:\/\/gorica.info\/en\/wp-json\/wp\/v2\/types\/post"}],"author":[{"embeddable":true,"href":"https:\/\/gorica.info\/en\/wp-json\/wp\/v2\/users\/25"}],"replies":[{"embeddable":true,"href":"https:\/\/gorica.info\/en\/wp-json\/wp\/v2\/comments?post=96375"}],"version-history":[{"count":1,"href":"https:\/\/gorica.info\/en\/wp-json\/wp\/v2\/posts\/96375\/revisions"}],"predecessor-version":[{"id":96381,"href":"https:\/\/gorica.info\/en\/wp-json\/wp\/v2\/posts\/96375\/revisions\/96381"}],"wp:featuredmedia":[{"embeddable":true,"href":"https:\/\/gorica.info\/en\/wp-json\/wp\/v2\/media\/96376"}],"wp:attachment":[{"href":"https:\/\/gorica.info\/en\/wp-json\/wp\/v2\/media?parent=96375"}],"wp:term":[{"taxonomy":"category","embeddable":true,"href":"https:\/\/gorica.info\/en\/wp-json\/wp\/v2\/categories?post=96375"},{"taxonomy":"post_tag","embeddable":true,"href":"https:\/\/gorica.info\/en\/wp-json\/wp\/v2\/tags?post=96375"}],"curies":[{"name":"wp","href":"https:\/\/api.w.org\/{rel}","templated":true}]}}