{"id":96602,"date":"2025-10-17T08:56:37","date_gmt":"2025-10-17T06:56:37","guid":{"rendered":"https:\/\/gorica.info\/?p=96602"},"modified":"2025-10-16T18:19:19","modified_gmt":"2025-10-16T16:19:19","slug":"maloljetnik-divljao-po-skolskom-dvoristu-policija-mu-oduzela-elektricni-skuter","status":"publish","type":"post","link":"https:\/\/gorica.info\/en\/maloljetnik-divljao-po-skolskom-dvoristu-policija-mu-oduzela-elektricni-skuter\/","title":{"rendered":"Maloljetnik divljao po \u0161kolskom dvori\u0161tu: Policija mu oduzela elektri\u010dni skuter"},"content":{"rendered":"<p><span style=\"font-size: 16px\"><span style=\"font-size: 20px\">Policija je oduzela <strong>elektri\u010dni skuter<\/strong> maloljetniku koji je <strong>divljao po \u0161kolskom dvori\u0161tu<\/strong> na zagreba\u010dkom Trnju. Policijski slu\u017ebenici Policijske uprave zagreba\u010dke intervenirali su ispred \u0161kole na Trnju zbog utvr\u0111enih<strong> vi\u0161estrukih prekr\u0161aja<\/strong> <a href=\"https:\/\/gorica.info\/en\/maloljetnik-romobilom-udario-u-automobil-koji-se-zaustavio-na-kolniku\/\">maloljetnika<\/a> koji je u\u010destalo, <strong>bez kacige<\/strong>, upravljao nekategoriziranim osobnim prijevoznim sredstvom marke Al Zain, \u010dija snaga elektri\u010dnog motora iznosi <strong>500 W.<\/strong><\/span><\/span><\/p>\n<p><span style=\"font-size: 20px\"><a href=\"https:\/\/gorica.info\/en\/nesreca-na-gorickom-podrucju-tesko-stradao-maloljetnik-na-elektricnom-romobilu\/\">Maloljetnik<\/a> nije imao dokaz o vlasni\u0161tvu vozila niti je ono registrirano, a koristio ga je na javnim povr\u0161inama i prostoru \u0161kole gdje je <strong>uporaba takvih sredstava zabranjena<\/strong>, pri \u010demu je <strong>ugro\u017eavao sigurnost<\/strong> drugih u\u010denika te ignorirao upozorenja profesora.<\/span><\/p>\n<figure id=\"attachment_96604\" aria-describedby=\"caption-attachment-96604\" style=\"width: 750px\" class=\"wp-caption alignnone\"><img fetchpriority=\"high\" decoding=\"async\" class=\"wp-image-96604 size-full\" src=\"https:\/\/gorica.info\/wp-content\/uploads\/2025\/10\/skola-skuter-policija-e1760631493125.jpg\" alt=\"\" width=\"750\" height=\"341\" srcset=\"https:\/\/gorica.info\/wp-content\/uploads\/2025\/10\/skola-skuter-policija-e1760631493125.jpg 750w, https:\/\/gorica.info\/wp-content\/uploads\/2025\/10\/skola-skuter-policija-e1760631493125-300x136.jpg 300w, https:\/\/gorica.info\/wp-content\/uploads\/2025\/10\/skola-skuter-policija-e1760631493125-18x8.jpg 18w\" sizes=\"(max-width: 750px) 100vw, 750px\" \/><figcaption id=\"caption-attachment-96604\" class=\"wp-caption-text\">Foto: Policijska uprava zagreba\u010dka<\/figcaption><\/figure>\n<p><span style=\"font-size: 20px\">Elektri\u010dni skuter privremeno je oduzet radi sprje\u010davanja daljnje opasnosti i ponavljanja prometnih prekr\u0161aja, rekli su iz <a href=\"https:\/\/zagrebacka-policija.gov.hr\/vijesti\/zagrebacka-prometna-policija-utvrdila-visestruke-prekrsaje-maloljetnika-s-nekategoriziranim-prijevoznim-sredstvom\/102463\">policije.<\/a><\/span><\/p>\n<blockquote><p><span style=\"font-size: 20px\">Protiv maloljetnog voza\u010da podnijet \u0107e se optu\u017eni prijedlog zbog prekr\u0161aja iz Zakona o sigurnosti prometa na cestama, koji zabranjuje kori\u0161tenje takvih vozila na javnim povr\u0161inama i kojima se ugro\u017eava sigurnost u\u010denika i zaposlenika \u0161kole.<\/span><\/p><\/blockquote>\n<p><span style=\"font-size: 20px\">Policija \u0107e nastavit poduzimati odgovaraju\u0107e mjere radi <strong>za\u0161tite sigurnosti djece<\/strong> kao i zaposlenika na javnim mjestima. Savjetujemo roditelje i skrbnike da u suradnji sa \u0161kolama poja\u010daju nadzor nad <strong>pona\u0161anjem djece u prometu<\/strong>, poru\u010dili su iz Policijske uprave zagreba\u010dke .<\/span><\/p>","protected":false},"excerpt":{"rendered":"<p>Policija je oduzela elektri\u010dni skuter maloljetniku koji je divljao po \u0161kolskom dvori\u0161tu na zagreba\u010dkom Trnju. Policijski slu\u017ebenici Policijske uprave zagreba\u010dke intervenirali su ispred \u0161kole na Trnju zbog utvr\u0111enih vi\u0161estrukih prekr\u0161aja maloljetnika koji je u\u010destalo, bez kacige, upravljao nekategoriziranim osobnim prijevoznim sredstvom marke Al Zain, \u010dija snaga elektri\u010dnog motora iznosi 500 W. Maloljetnik nije imao dokaz [&hellip;]<\/p>\n","protected":false},"author":25,"featured_media":96603,"comment_status":"closed","ping_status":"closed","sticky":false,"template":"","format":"standard","meta":{"limit_modified_date":"1","last_modified_date":"","jnews-multi-image_gallery":[],"jnews_single_post":{"format":"standard","override":[{"template":"3","parallax":"1","fullscreen":"1","layout":"right-sidebar","sidebar":"default-sidebar","second_sidebar":"default-sidebar","sticky_sidebar":"1","share_position":"top","share_float_style":"share-monocrhome","show_featured":"1","show_post_meta":"1","show_post_author":"1","show_post_author_image":"1","show_post_date":"1","post_date_format":"default","post_date_format_custom":"Y\/m\/d","show_post_category":"1","show_post_reading_time":"1","post_reading_time_wpm":"300","post_calculate_word_method":"str_word_count","zoom_button_out_step":"2","zoom_button_in_step":"3","show_post_tag":"1","show_popup_post":"1","number_popup_post":"1","show_post_related":"1"}],"image_override":[{"single_post_thumbnail_size":"crop-500","single_post_gallery_size":"crop-500"}],"trending_post_position":"meta","trending_post_label":"Trending","sponsored_post_label":"Sponsored by","disable_ad":"0","subtitle":"Maloljetnik nije imao dokaz o vlasni\u0161tvu vozila niti je ono registrirano, a koristio ga je na javnim povr\u0161inama i prostoru \u0161kole gdje je uporaba takvih sredstava zabranjena, pri \u010demu je ugro\u017eavao sigurnost drugih u\u010denika te ignorirao upozorenja profesora"},"jnews_primary_category":[],"jnews_override_counter":{"view_counter_number":"0","share_counter_number":"0","like_counter_number":"0","dislike_counter_number":"0"},"footnotes":""},"categories":[96],"tags":[20690,5876,20691,4988,288],"class_list":["post-96602","post","type-post","status-publish","format-standard","has-post-thumbnail","hentry","category-vijesti","tag-elektricni-skuter","tag-maloljetnik","tag-oduzet-skuter","tag-trnje","tag-zagreb"],"yoast_head":"<!-- This site is optimized with the Yoast SEO Premium plugin v27.4 (Yoast SEO v27.4) - https:\/\/yoast.com\/product\/yoast-seo-premium-wordpress\/ -->\n<title>Maloljetnik divljao po \u0161kolskom dvori\u0161tu: Policija mu oduzela elektri\u010dni skuter - Gorica Info<\/title>\n<meta name=\"description\" content=\"Policija je oduzela elektri\u010dni skuter maloljetniku koji je divljao po \u0161kolskom dvori\u0161tu na zagreba\u010dkom Trnju.\" \/>\n<meta name=\"robots\" content=\"index, follow, max-snippet:-1, max-image-preview:large, max-video-preview:-1\" \/>\n<link rel=\"canonical\" href=\"https:\/\/gorica.info\/en\/maloljetnik-divljao-po-skolskom-dvoristu-policija-mu-oduzela-elektricni-skuter\/\" \/>\n<meta property=\"og:locale\" content=\"en_US\" \/>\n<meta property=\"og:type\" content=\"article\" \/>\n<meta property=\"og:title\" content=\"Maloljetnik divljao po \u0161kolskom dvori\u0161tu: Policija mu oduzela elektri\u010dni skuter\" \/>\n<meta property=\"og:description\" content=\"Policija je oduzela elektri\u010dni skuter maloljetniku koji je divljao po \u0161kolskom dvori\u0161tu na zagreba\u010dkom Trnju.\" \/>\n<meta property=\"og:url\" content=\"https:\/\/gorica.info\/en\/maloljetnik-divljao-po-skolskom-dvoristu-policija-mu-oduzela-elektricni-skuter\/\" \/>\n<meta property=\"og:site_name\" content=\"Gorica Info\" \/>\n<meta property=\"article:publisher\" content=\"https:\/\/www.facebook.com\/Goricainfo-106005144489262\" \/>\n<meta property=\"article:published_time\" content=\"2025-10-17T06:56:37+00:00\" \/>\n<meta property=\"og:image\" content=\"https:\/\/gorica.info\/wp-content\/uploads\/2025\/10\/skuter-zg-policija.jpg\" \/>\n\t<meta property=\"og:image:width\" content=\"750\" \/>\n\t<meta property=\"og:image:height\" content=\"346\" \/>\n\t<meta property=\"og:image:type\" content=\"image\/jpeg\" \/>\n<meta name=\"author\" content=\"Marta Horvat\" \/>\n<meta name=\"twitter:card\" content=\"summary_large_image\" \/>\n<meta name=\"twitter:creator\" content=\"@GoricaInfo\" \/>\n<meta name=\"twitter:site\" content=\"@GoricaInfo\" \/>\n<meta name=\"twitter:label1\" content=\"Written by\" \/>\n\t<meta name=\"twitter:data1\" content=\"Marta Horvat\" \/>\n\t<meta name=\"twitter:label2\" content=\"Est. reading time\" \/>\n\t<meta name=\"twitter:data2\" content=\"2 minutes\" \/>\n<meta name=\"geo.placename\" content=\"Velika Gorica\" \/>\n<meta name=\"geo.region\" content=\"Croatia\" \/>\n<!-- \/ Yoast SEO Premium plugin. -->","yoast_head_json":{"title":"Maloljetnik divljao po \u0161kolskom dvori\u0161tu: Policija mu oduzela elektri\u010dni skuter - Gorica Info","description":"Policija je oduzela elektri\u010dni skuter maloljetniku koji je divljao po \u0161kolskom dvori\u0161tu na zagreba\u010dkom Trnju.","robots":{"index":"index","follow":"follow","max-snippet":"max-snippet:-1","max-image-preview":"max-image-preview:large","max-video-preview":"max-video-preview:-1"},"canonical":"https:\/\/gorica.info\/en\/maloljetnik-divljao-po-skolskom-dvoristu-policija-mu-oduzela-elektricni-skuter\/","og_locale":"en_US","og_type":"article","og_title":"Maloljetnik divljao po \u0161kolskom dvori\u0161tu: Policija mu oduzela elektri\u010dni skuter","og_description":"Policija je oduzela elektri\u010dni skuter maloljetniku koji je divljao po \u0161kolskom dvori\u0161tu na zagreba\u010dkom Trnju.","og_url":"https:\/\/gorica.info\/en\/maloljetnik-divljao-po-skolskom-dvoristu-policija-mu-oduzela-elektricni-skuter\/","og_site_name":"Gorica Info","article_publisher":"https:\/\/www.facebook.com\/Goricainfo-106005144489262","article_published_time":"2025-10-17T06:56:37+00:00","og_image":[{"width":750,"height":346,"url":"https:\/\/gorica.info\/wp-content\/uploads\/2025\/10\/skuter-zg-policija.jpg","type":"image\/jpeg"}],"author":"Marta Horvat","twitter_card":"summary_large_image","twitter_creator":"@GoricaInfo","twitter_site":"@GoricaInfo","twitter_misc":{"Written by":"Marta Horvat","Est. reading time":"2 minutes"},"schema":{"@context":"https:\/\/schema.org","@graph":[{"@type":"NewsArticle","@id":"https:\/\/gorica.info\/maloljetnik-divljao-po-skolskom-dvoristu-policija-mu-oduzela-elektricni-skuter\/#article","isPartOf":{"@id":"https:\/\/gorica.info\/maloljetnik-divljao-po-skolskom-dvoristu-policija-mu-oduzela-elektricni-skuter\/"},"author":{"name":"Marta Horvat","@id":"https:\/\/gorica.info\/#\/schema\/person\/b2df2f6fb2a9073c0fa5af2672befd52"},"headline":"Maloljetnik divljao po \u0161kolskom dvori\u0161tu: Policija mu oduzela elektri\u010dni skuter","datePublished":"2025-10-17T06:56:37+00:00","mainEntityOfPage":{"@id":"https:\/\/gorica.info\/maloljetnik-divljao-po-skolskom-dvoristu-policija-mu-oduzela-elektricni-skuter\/"},"wordCount":231,"publisher":{"@id":"https:\/\/gorica.info\/#organization"},"image":{"@id":"https:\/\/gorica.info\/maloljetnik-divljao-po-skolskom-dvoristu-policija-mu-oduzela-elektricni-skuter\/#primaryimage"},"thumbnailUrl":"https:\/\/gorica.info\/wp-content\/uploads\/2025\/10\/skuter-zg-policija.jpg","keywords":["elektri\u010dni skuter","maloljetnik","oduzet skuter","trnje","Zagreb"],"articleSection":["VIJESTI"],"inLanguage":"en-US","copyrightYear":"2025","copyrightHolder":{"@id":"https:\/\/gorica.info\/en\/#organization"}},{"@type":"WebPage","@id":"https:\/\/gorica.info\/maloljetnik-divljao-po-skolskom-dvoristu-policija-mu-oduzela-elektricni-skuter\/","url":"https:\/\/gorica.info\/maloljetnik-divljao-po-skolskom-dvoristu-policija-mu-oduzela-elektricni-skuter\/","name":"Maloljetnik divljao po \u0161kolskom dvori\u0161tu: Policija mu oduzela elektri\u010dni skuter - Gorica Info","isPartOf":{"@id":"https:\/\/gorica.info\/#website"},"primaryImageOfPage":{"@id":"https:\/\/gorica.info\/maloljetnik-divljao-po-skolskom-dvoristu-policija-mu-oduzela-elektricni-skuter\/#primaryimage"},"image":{"@id":"https:\/\/gorica.info\/maloljetnik-divljao-po-skolskom-dvoristu-policija-mu-oduzela-elektricni-skuter\/#primaryimage"},"thumbnailUrl":"https:\/\/gorica.info\/wp-content\/uploads\/2025\/10\/skuter-zg-policija.jpg","datePublished":"2025-10-17T06:56:37+00:00","description":"Policija je oduzela elektri\u010dni skuter maloljetniku koji je divljao po \u0161kolskom dvori\u0161tu na zagreba\u010dkom Trnju.","breadcrumb":{"@id":"https:\/\/gorica.info\/maloljetnik-divljao-po-skolskom-dvoristu-policija-mu-oduzela-elektricni-skuter\/#breadcrumb"},"inLanguage":"en-US","potentialAction":[{"@type":"ReadAction","target":["https:\/\/gorica.info\/maloljetnik-divljao-po-skolskom-dvoristu-policija-mu-oduzela-elektricni-skuter\/"]}]},{"@type":"ImageObject","inLanguage":"en-US","@id":"https:\/\/gorica.info\/maloljetnik-divljao-po-skolskom-dvoristu-policija-mu-oduzela-elektricni-skuter\/#primaryimage","url":"https:\/\/gorica.info\/wp-content\/uploads\/2025\/10\/skuter-zg-policija.jpg","contentUrl":"https:\/\/gorica.info\/wp-content\/uploads\/2025\/10\/skuter-zg-policija.jpg","width":750,"height":346,"caption":"Foto: Policijska uprava zagreba\u010dka"},{"@type":"BreadcrumbList","@id":"https:\/\/gorica.info\/maloljetnik-divljao-po-skolskom-dvoristu-policija-mu-oduzela-elektricni-skuter\/#breadcrumb","itemListElement":[{"@type":"ListItem","position":1,"name":"Po\u010detna stranica","item":"https:\/\/gorica.info\/"},{"@type":"ListItem","position":2,"name":"Maloljetnik divljao po \u0161kolskom dvori\u0161tu: Policija mu oduzela elektri\u010dni skuter"}]},{"@type":"WebSite","@id":"https:\/\/gorica.info\/#website","url":"https:\/\/gorica.info\/","name":"Gorica Info","description":"Vijesti iz Velike Gorice i okolice.","publisher":{"@id":"https:\/\/gorica.info\/#organization"},"potentialAction":[{"@type":"SearchAction","target":{"@type":"EntryPoint","urlTemplate":"https:\/\/gorica.info\/?s={search_term_string}"},"query-input":{"@type":"PropertyValueSpecification","valueRequired":true,"valueName":"search_term_string"}}],"inLanguage":"en-US"},{"@type":["Organization","Place","NewsMediaOrganization"],"@id":"https:\/\/gorica.info\/#organization","name":"Gorica Info","url":"https:\/\/gorica.info\/","logo":{"@id":"https:\/\/gorica.info\/maloljetnik-divljao-po-skolskom-dvoristu-policija-mu-oduzela-elektricni-skuter\/#local-main-organization-logo"},"image":{"@id":"https:\/\/gorica.info\/maloljetnik-divljao-po-skolskom-dvoristu-policija-mu-oduzela-elektricni-skuter\/#local-main-organization-logo"},"sameAs":["https:\/\/www.facebook.com\/Goricainfo-106005144489262","https:\/\/x.com\/GoricaInfo","https:\/\/www.instagram.com\/gorica.info\/"],"address":{"@id":"https:\/\/gorica.info\/maloljetnik-divljao-po-skolskom-dvoristu-policija-mu-oduzela-elektricni-skuter\/#local-main-place-address"},"telephone":[],"openingHoursSpecification":[{"@type":"OpeningHoursSpecification","dayOfWeek":["Monday","Tuesday","Wednesday","Thursday","Friday","Saturday","Sunday"],"opens":"09:00","closes":"17:00"}],"email":"redakcija@gorica.info"},{"@type":"Person","@id":"https:\/\/gorica.info\/#\/schema\/person\/b2df2f6fb2a9073c0fa5af2672befd52","name":"Marta Horvat","description":"Marta Horvat je studentica koja redovito pi\u0161e za portal, prati sva gradska doga\u0111anja i u\u017eiva isprobavati nove recept koje dijeli s na\u0161im \u010ditateljima.","url":"https:\/\/gorica.info\/en\/author\/marta-horvat\/"},{"@type":"PostalAddress","@id":"https:\/\/gorica.info\/maloljetnik-divljao-po-skolskom-dvoristu-policija-mu-oduzela-elektricni-skuter\/#local-main-place-address","streetAddress":"Horvatova 97","addressLocality":"Velika Gorica","postalCode":"10410","addressRegion":"Croatia","addressCountry":"HR"},{"@type":"ImageObject","inLanguage":"en-US","@id":"https:\/\/gorica.info\/maloljetnik-divljao-po-skolskom-dvoristu-policija-mu-oduzela-elektricni-skuter\/#local-main-organization-logo","url":"https:\/\/gorica.info\/wp-content\/uploads\/2024\/07\/Gorica-Info-Logo-mali.png","contentUrl":"https:\/\/gorica.info\/wp-content\/uploads\/2024\/07\/Gorica-Info-Logo-mali.png","width":450,"height":85,"caption":"Gorica Info"}]},"geo.placename":"Velika Gorica","geo.region":"Croatia"},"_links":{"self":[{"href":"https:\/\/gorica.info\/en\/wp-json\/wp\/v2\/posts\/96602","targetHints":{"allow":["GET"]}}],"collection":[{"href":"https:\/\/gorica.info\/en\/wp-json\/wp\/v2\/posts"}],"about":[{"href":"https:\/\/gorica.info\/en\/wp-json\/wp\/v2\/types\/post"}],"author":[{"embeddable":true,"href":"https:\/\/gorica.info\/en\/wp-json\/wp\/v2\/users\/25"}],"replies":[{"embeddable":true,"href":"https:\/\/gorica.info\/en\/wp-json\/wp\/v2\/comments?post=96602"}],"version-history":[{"count":2,"href":"https:\/\/gorica.info\/en\/wp-json\/wp\/v2\/posts\/96602\/revisions"}],"predecessor-version":[{"id":96607,"href":"https:\/\/gorica.info\/en\/wp-json\/wp\/v2\/posts\/96602\/revisions\/96607"}],"wp:featuredmedia":[{"embeddable":true,"href":"https:\/\/gorica.info\/en\/wp-json\/wp\/v2\/media\/96603"}],"wp:attachment":[{"href":"https:\/\/gorica.info\/en\/wp-json\/wp\/v2\/media?parent=96602"}],"wp:term":[{"taxonomy":"category","embeddable":true,"href":"https:\/\/gorica.info\/en\/wp-json\/wp\/v2\/categories?post=96602"},{"taxonomy":"post_tag","embeddable":true,"href":"https:\/\/gorica.info\/en\/wp-json\/wp\/v2\/tags?post=96602"}],"curies":[{"name":"wp","href":"https:\/\/api.w.org\/{rel}","templated":true}]}}