{"id":97098,"date":"2025-10-29T15:17:17","date_gmt":"2025-10-29T14:17:17","guid":{"rendered":"https:\/\/gorica.info\/?p=97098"},"modified":"2025-10-30T11:18:37","modified_gmt":"2025-10-30T10:18:37","slug":"radionica-o-bioraznolikosti-u-poljoprivredi-u-vg-poduzetnickom-inkubatoru","status":"publish","type":"post","link":"https:\/\/gorica.info\/en\/radionica-o-bioraznolikosti-u-poljoprivredi-u-vg-poduzetnickom-inkubatoru\/","title":{"rendered":"Radionica o bioraznolikosti u poljoprivredi u VG Poduzetni\u010dkom Inkubatoru"},"content":{"rendered":"<p><span style=\"font-size: 20px\">Iz Razvojne agencije<a href=\"https:\/\/vegora.hr\/bioraznolikost-u-poljoprivredi\/\"> VEGORA<\/a> pozivaju na radionicu o <strong>bioraznolikosti u poljoprivredi<\/strong> koja \u0107e se odr\u017eati <strong>5. studenog od 10 do 13 sati<\/strong> u <strong>VG Poduzetni\u010dkom Inkubatoru.<\/strong><\/span><\/p>\n<p><span style=\"font-size: 20px\">Organizator je Ekolo\u0161ki institut ECOLOGICA, a na <a href=\"https:\/\/gorica.info\/en\/vegora-priprema-poduzetnike-za-fiskalizaciju-2-0-nova-pravila-uskoro-donose-velike-promjene\/\">radionici<\/a> \u0107e predstaviti dosada\u0161nje rezultate istra\u017eivanja u okviru projekta FarmBioNet i analizirati prepreke za \u0161iru primjenu praksi koje poti\u010du bioraznolikost.<\/span><\/p>\n<p><span style=\"font-size: 20px\"><strong>Program radionice<\/strong>:<\/span><\/p>\n<p><span style=\"font-size: 20px\">Kratko predstavljanje Nacionalne mre\u017ee za poljoprivredu i bioraznolikost<\/span><\/p>\n<p><span style=\"font-size: 20px\">Pregled poljoprivrednih praksi koje \u0161tite bioraznolikost i njihova korist za poljoprivrednike<\/span><\/p>\n<p><span style=\"font-size: 20px\">Pregled postoje\u0107ih potpora koji su proizvo\u0111a\u010dima u Hrvatskoj na raspolaganju za primjenu praksi koje poti\u010du bioraznolikost<\/span><\/p>\n<p><span style=\"font-size: 20px\">Potrebe i specifi\u010dni nedostaci u znanju poljoprivrednika i savjetodavaca za \u0161iru primjenu praksi koje poti\u010du bioraznolikost<\/span><\/p>\n<p><span style=\"font-size: 20px\">Za sudjelovanje je potrebna <strong>prijava do 3. studenog<\/strong> na e-mail: sonja@ecologica.hr.<\/span><\/p>\n<p><span style=\"font-size: 20px\">FarmBioNet je EU projekt koji se provodi u 12 zemalja i njegov je cilj identificirati, poticati i pobolj\u0161ati poljoprivredne prakse koje poti\u010du bioraznolikost, kroz razmjenu istra\u017eiva\u010dkih rezultata i prakti\u010dnih znanja izme\u0111u poljoprivrednika, savjetodavaca, istra\u017eiva\u010da, kreatora politika i drugih klju\u010dnih dionika.<\/span><\/p>","protected":false},"excerpt":{"rendered":"<p>Iz Razvojne agencije VEGORA pozivaju na radionicu o bioraznolikosti u poljoprivredi koja \u0107e se odr\u017eati 5. studenog od 10 do 13 sati u VG Poduzetni\u010dkom Inkubatoru. Organizator je Ekolo\u0161ki institut ECOLOGICA, a na radionici \u0107e predstaviti dosada\u0161nje rezultate istra\u017eivanja u okviru projekta FarmBioNet i analizirati prepreke za \u0161iru primjenu praksi koje poti\u010du bioraznolikost. Program radionice: [&hellip;]<\/p>\n","protected":false},"author":25,"featured_media":97099,"comment_status":"closed","ping_status":"closed","sticky":false,"template":"","format":"standard","meta":{"limit_modified_date":"1","last_modified_date":"","jnews-multi-image_gallery":[],"jnews_single_post":{"format":"standard","override":[{"template":"3","parallax":"1","fullscreen":"1","layout":"right-sidebar","sidebar":"default-sidebar","second_sidebar":"default-sidebar","sticky_sidebar":"1","share_position":"top","share_float_style":"share-monocrhome","show_featured":"1","show_post_meta":"1","show_post_author":"1","show_post_author_image":"1","show_post_date":"1","post_date_format":"default","post_date_format_custom":"Y\/m\/d","show_post_category":"1","show_post_reading_time":"1","post_reading_time_wpm":"300","post_calculate_word_method":"str_word_count","zoom_button_out_step":"2","zoom_button_in_step":"3","show_post_tag":"1","show_popup_post":"1","show_comment_section":"1","number_popup_post":"1","show_post_related":"1"}],"image_override":[{"single_post_thumbnail_size":"crop-500","single_post_gallery_size":"crop-500"}],"trending_post_position":"meta","trending_post_label":"Trending","sponsored_post_label":"Sponsored by","disable_ad":"0","subtitle":"Organizator je Ekolo\u0161ki institut ECOLOGICA, a na radionici \u0107e predstaviti dosada\u0161nje rezultate istra\u017eivanja u okviru projekta FarmBioNet"},"jnews_primary_category":[],"jnews_override_counter":{"view_counter_number":"0","share_counter_number":"0","like_counter_number":"0","dislike_counter_number":"0"},"footnotes":""},"categories":[87],"tags":[2173,20847,20848,122,15554],"class_list":["post-97098","post","type-post","status-publish","format-standard","has-post-thumbnail","hentry","category-gorica","tag-poduzetnicki-inkubator","tag-poljoprivreda-vegora","tag-radionica-o-bioraznolikosti","tag-velika-gorica","tag-vg-vijesti"],"yoast_head":"<!-- This site is optimized with the Yoast SEO Premium plugin v27.4 (Yoast SEO v27.4) - https:\/\/yoast.com\/product\/yoast-seo-premium-wordpress\/ -->\n<title>Radionica o bioraznolikosti u poljoprivredi u VG Poduzetni\u010dkom Inkubatoru - Gorica Info<\/title>\n<meta name=\"description\" content=\"Iz VEGORE pozivaju na radionicu o bioraznolikosti u poljoprivredi koja \u0107e se odr\u017eati 5. studenog u VG Poduzetni\u010dkom Inkubatoru.\" \/>\n<meta name=\"robots\" content=\"index, follow, max-snippet:-1, max-image-preview:large, max-video-preview:-1\" \/>\n<link rel=\"canonical\" href=\"https:\/\/gorica.info\/en\/radionica-o-bioraznolikosti-u-poljoprivredi-u-vg-poduzetnickom-inkubatoru\/\" \/>\n<meta property=\"og:locale\" content=\"en_US\" \/>\n<meta property=\"og:type\" content=\"article\" \/>\n<meta property=\"og:title\" content=\"Radionica o bioraznolikosti u poljoprivredi u VG Poduzetni\u010dkom Inkubatoru\" \/>\n<meta property=\"og:description\" content=\"Iz VEGORE pozivaju na radionicu o bioraznolikosti u poljoprivredi koja \u0107e se odr\u017eati 5. studenog u VG Poduzetni\u010dkom Inkubatoru.\" \/>\n<meta property=\"og:url\" content=\"https:\/\/gorica.info\/en\/radionica-o-bioraznolikosti-u-poljoprivredi-u-vg-poduzetnickom-inkubatoru\/\" \/>\n<meta property=\"og:site_name\" content=\"Gorica Info\" \/>\n<meta property=\"article:publisher\" content=\"https:\/\/www.facebook.com\/Goricainfo-106005144489262\" \/>\n<meta property=\"article:published_time\" content=\"2025-10-29T14:17:17+00:00\" \/>\n<meta property=\"article:modified_time\" content=\"2025-10-30T10:18:37+00:00\" \/>\n<meta property=\"og:image\" content=\"https:\/\/gorica.info\/wp-content\/uploads\/2025\/10\/poljoprivreda-bioraznolikost-freepik.jpg\" \/>\n\t<meta property=\"og:image:width\" content=\"1000\" \/>\n\t<meta property=\"og:image:height\" content=\"667\" \/>\n\t<meta property=\"og:image:type\" content=\"image\/jpeg\" \/>\n<meta name=\"author\" content=\"Marta Horvat\" \/>\n<meta name=\"twitter:card\" content=\"summary_large_image\" \/>\n<meta name=\"twitter:creator\" content=\"@GoricaInfo\" \/>\n<meta name=\"twitter:site\" content=\"@GoricaInfo\" \/>\n<meta name=\"twitter:label1\" content=\"Written by\" \/>\n\t<meta name=\"twitter:data1\" content=\"Marta Horvat\" \/>\n\t<meta name=\"twitter:label2\" content=\"Est. reading time\" \/>\n\t<meta name=\"twitter:data2\" content=\"2 minutes\" \/>\n<meta name=\"geo.placename\" content=\"Velika Gorica\" \/>\n<meta name=\"geo.region\" content=\"Croatia\" \/>\n<!-- \/ Yoast SEO Premium plugin. -->","yoast_head_json":{"title":"Radionica o bioraznolikosti u poljoprivredi u VG Poduzetni\u010dkom Inkubatoru - Gorica Info","description":"Iz VEGORE pozivaju na radionicu o bioraznolikosti u poljoprivredi koja \u0107e se odr\u017eati 5. studenog u VG Poduzetni\u010dkom Inkubatoru.","robots":{"index":"index","follow":"follow","max-snippet":"max-snippet:-1","max-image-preview":"max-image-preview:large","max-video-preview":"max-video-preview:-1"},"canonical":"https:\/\/gorica.info\/en\/radionica-o-bioraznolikosti-u-poljoprivredi-u-vg-poduzetnickom-inkubatoru\/","og_locale":"en_US","og_type":"article","og_title":"Radionica o bioraznolikosti u poljoprivredi u VG Poduzetni\u010dkom Inkubatoru","og_description":"Iz VEGORE pozivaju na radionicu o bioraznolikosti u poljoprivredi koja \u0107e se odr\u017eati 5. studenog u VG Poduzetni\u010dkom Inkubatoru.","og_url":"https:\/\/gorica.info\/en\/radionica-o-bioraznolikosti-u-poljoprivredi-u-vg-poduzetnickom-inkubatoru\/","og_site_name":"Gorica Info","article_publisher":"https:\/\/www.facebook.com\/Goricainfo-106005144489262","article_published_time":"2025-10-29T14:17:17+00:00","article_modified_time":"2025-10-30T10:18:37+00:00","og_image":[{"width":1000,"height":667,"url":"https:\/\/gorica.info\/wp-content\/uploads\/2025\/10\/poljoprivreda-bioraznolikost-freepik.jpg","type":"image\/jpeg"}],"author":"Marta Horvat","twitter_card":"summary_large_image","twitter_creator":"@GoricaInfo","twitter_site":"@GoricaInfo","twitter_misc":{"Written by":"Marta Horvat","Est. reading time":"2 minutes"},"schema":{"@context":"https:\/\/schema.org","@graph":[{"@type":"NewsArticle","@id":"https:\/\/gorica.info\/radionica-o-bioraznolikosti-u-poljoprivredi-u-vg-poduzetnickom-inkubatoru\/#article","isPartOf":{"@id":"https:\/\/gorica.info\/radionica-o-bioraznolikosti-u-poljoprivredi-u-vg-poduzetnickom-inkubatoru\/"},"author":{"name":"Marta Horvat","@id":"https:\/\/gorica.info\/#\/schema\/person\/b2df2f6fb2a9073c0fa5af2672befd52"},"headline":"Radionica o bioraznolikosti u poljoprivredi u VG Poduzetni\u010dkom Inkubatoru","datePublished":"2025-10-29T14:17:17+00:00","dateModified":"2025-10-30T10:18:37+00:00","mainEntityOfPage":{"@id":"https:\/\/gorica.info\/radionica-o-bioraznolikosti-u-poljoprivredi-u-vg-poduzetnickom-inkubatoru\/"},"wordCount":186,"publisher":{"@id":"https:\/\/gorica.info\/#organization"},"image":{"@id":"https:\/\/gorica.info\/radionica-o-bioraznolikosti-u-poljoprivredi-u-vg-poduzetnickom-inkubatoru\/#primaryimage"},"thumbnailUrl":"https:\/\/gorica.info\/wp-content\/uploads\/2025\/10\/poljoprivreda-bioraznolikost-freepik.jpg","keywords":["poduzetni\u010dki inkubator","poljoprivreda vegora","radionica o bioraznolikosti","Velika Gorica","vg vijesti"],"articleSection":["GORICA"],"inLanguage":"en-US","copyrightYear":"2025","copyrightHolder":{"@id":"https:\/\/gorica.info\/en\/#organization"}},{"@type":"WebPage","@id":"https:\/\/gorica.info\/radionica-o-bioraznolikosti-u-poljoprivredi-u-vg-poduzetnickom-inkubatoru\/","url":"https:\/\/gorica.info\/radionica-o-bioraznolikosti-u-poljoprivredi-u-vg-poduzetnickom-inkubatoru\/","name":"Radionica o bioraznolikosti u poljoprivredi u VG Poduzetni\u010dkom Inkubatoru - Gorica Info","isPartOf":{"@id":"https:\/\/gorica.info\/#website"},"primaryImageOfPage":{"@id":"https:\/\/gorica.info\/radionica-o-bioraznolikosti-u-poljoprivredi-u-vg-poduzetnickom-inkubatoru\/#primaryimage"},"image":{"@id":"https:\/\/gorica.info\/radionica-o-bioraznolikosti-u-poljoprivredi-u-vg-poduzetnickom-inkubatoru\/#primaryimage"},"thumbnailUrl":"https:\/\/gorica.info\/wp-content\/uploads\/2025\/10\/poljoprivreda-bioraznolikost-freepik.jpg","datePublished":"2025-10-29T14:17:17+00:00","dateModified":"2025-10-30T10:18:37+00:00","description":"Iz VEGORE pozivaju na radionicu o bioraznolikosti u poljoprivredi koja \u0107e se odr\u017eati 5. studenog u VG Poduzetni\u010dkom Inkubatoru.","breadcrumb":{"@id":"https:\/\/gorica.info\/radionica-o-bioraznolikosti-u-poljoprivredi-u-vg-poduzetnickom-inkubatoru\/#breadcrumb"},"inLanguage":"en-US","potentialAction":[{"@type":"ReadAction","target":["https:\/\/gorica.info\/radionica-o-bioraznolikosti-u-poljoprivredi-u-vg-poduzetnickom-inkubatoru\/"]}]},{"@type":"ImageObject","inLanguage":"en-US","@id":"https:\/\/gorica.info\/radionica-o-bioraznolikosti-u-poljoprivredi-u-vg-poduzetnickom-inkubatoru\/#primaryimage","url":"https:\/\/gorica.info\/wp-content\/uploads\/2025\/10\/poljoprivreda-bioraznolikost-freepik.jpg","contentUrl":"https:\/\/gorica.info\/wp-content\/uploads\/2025\/10\/poljoprivreda-bioraznolikost-freepik.jpg","width":1000,"height":667,"caption":"Foto: Freepik"},{"@type":"BreadcrumbList","@id":"https:\/\/gorica.info\/radionica-o-bioraznolikosti-u-poljoprivredi-u-vg-poduzetnickom-inkubatoru\/#breadcrumb","itemListElement":[{"@type":"ListItem","position":1,"name":"Po\u010detna stranica","item":"https:\/\/gorica.info\/"},{"@type":"ListItem","position":2,"name":"Radionica o bioraznolikosti u poljoprivredi u VG Poduzetni\u010dkom Inkubatoru"}]},{"@type":"WebSite","@id":"https:\/\/gorica.info\/#website","url":"https:\/\/gorica.info\/","name":"Gorica Info","description":"Vijesti iz Velike Gorice i okolice.","publisher":{"@id":"https:\/\/gorica.info\/#organization"},"potentialAction":[{"@type":"SearchAction","target":{"@type":"EntryPoint","urlTemplate":"https:\/\/gorica.info\/?s={search_term_string}"},"query-input":{"@type":"PropertyValueSpecification","valueRequired":true,"valueName":"search_term_string"}}],"inLanguage":"en-US"},{"@type":["Organization","Place","NewsMediaOrganization"],"@id":"https:\/\/gorica.info\/#organization","name":"Gorica Info","url":"https:\/\/gorica.info\/","logo":{"@id":"https:\/\/gorica.info\/radionica-o-bioraznolikosti-u-poljoprivredi-u-vg-poduzetnickom-inkubatoru\/#local-main-organization-logo"},"image":{"@id":"https:\/\/gorica.info\/radionica-o-bioraznolikosti-u-poljoprivredi-u-vg-poduzetnickom-inkubatoru\/#local-main-organization-logo"},"sameAs":["https:\/\/www.facebook.com\/Goricainfo-106005144489262","https:\/\/x.com\/GoricaInfo","https:\/\/www.instagram.com\/gorica.info\/"],"address":{"@id":"https:\/\/gorica.info\/radionica-o-bioraznolikosti-u-poljoprivredi-u-vg-poduzetnickom-inkubatoru\/#local-main-place-address"},"telephone":[],"openingHoursSpecification":[{"@type":"OpeningHoursSpecification","dayOfWeek":["Monday","Tuesday","Wednesday","Thursday","Friday","Saturday","Sunday"],"opens":"09:00","closes":"17:00"}],"email":"redakcija@gorica.info"},{"@type":"Person","@id":"https:\/\/gorica.info\/#\/schema\/person\/b2df2f6fb2a9073c0fa5af2672befd52","name":"Marta Horvat","description":"Marta Horvat je studentica koja redovito pi\u0161e za portal, prati sva gradska doga\u0111anja i u\u017eiva isprobavati nove recept koje dijeli s na\u0161im \u010ditateljima.","url":"https:\/\/gorica.info\/en\/author\/marta-horvat\/"},{"@type":"PostalAddress","@id":"https:\/\/gorica.info\/radionica-o-bioraznolikosti-u-poljoprivredi-u-vg-poduzetnickom-inkubatoru\/#local-main-place-address","streetAddress":"Horvatova 97","addressLocality":"Velika Gorica","postalCode":"10410","addressRegion":"Croatia","addressCountry":"HR"},{"@type":"ImageObject","inLanguage":"en-US","@id":"https:\/\/gorica.info\/radionica-o-bioraznolikosti-u-poljoprivredi-u-vg-poduzetnickom-inkubatoru\/#local-main-organization-logo","url":"https:\/\/gorica.info\/wp-content\/uploads\/2024\/07\/Gorica-Info-Logo-mali.png","contentUrl":"https:\/\/gorica.info\/wp-content\/uploads\/2024\/07\/Gorica-Info-Logo-mali.png","width":450,"height":85,"caption":"Gorica Info"}]},"geo.placename":"Velika Gorica","geo.region":"Croatia"},"_links":{"self":[{"href":"https:\/\/gorica.info\/en\/wp-json\/wp\/v2\/posts\/97098","targetHints":{"allow":["GET"]}}],"collection":[{"href":"https:\/\/gorica.info\/en\/wp-json\/wp\/v2\/posts"}],"about":[{"href":"https:\/\/gorica.info\/en\/wp-json\/wp\/v2\/types\/post"}],"author":[{"embeddable":true,"href":"https:\/\/gorica.info\/en\/wp-json\/wp\/v2\/users\/25"}],"replies":[{"embeddable":true,"href":"https:\/\/gorica.info\/en\/wp-json\/wp\/v2\/comments?post=97098"}],"version-history":[{"count":1,"href":"https:\/\/gorica.info\/en\/wp-json\/wp\/v2\/posts\/97098\/revisions"}],"predecessor-version":[{"id":97100,"href":"https:\/\/gorica.info\/en\/wp-json\/wp\/v2\/posts\/97098\/revisions\/97100"}],"wp:featuredmedia":[{"embeddable":true,"href":"https:\/\/gorica.info\/en\/wp-json\/wp\/v2\/media\/97099"}],"wp:attachment":[{"href":"https:\/\/gorica.info\/en\/wp-json\/wp\/v2\/media?parent=97098"}],"wp:term":[{"taxonomy":"category","embeddable":true,"href":"https:\/\/gorica.info\/en\/wp-json\/wp\/v2\/categories?post=97098"},{"taxonomy":"post_tag","embeddable":true,"href":"https:\/\/gorica.info\/en\/wp-json\/wp\/v2\/tags?post=97098"}],"curies":[{"name":"wp","href":"https:\/\/api.w.org\/{rel}","templated":true}]}}