{"id":97113,"date":"2025-10-29T08:38:33","date_gmt":"2025-10-29T07:38:33","guid":{"rendered":"https:\/\/gorica.info\/?p=97113"},"modified":"2025-11-05T09:00:35","modified_gmt":"2025-11-05T08:00:35","slug":"radovi-u-jelacicevoj-ulici-u-kurilovcu-blize-se-kraju-evo-do-kraja-studenog-privremena-regulacija-prometa","status":"publish","type":"post","link":"https:\/\/gorica.info\/en\/radovi-u-jelacicevoj-ulici-u-kurilovcu-blize-se-kraju-evo-do-kraja-studenog-privremena-regulacija-prometa\/","title":{"rendered":"Radovi u Jela\u010di\u0107evoj ulici u Kurilovcu bli\u017ee se kraju: Na snazi privremena regulacija prometa"},"content":{"rendered":"<p><span style=\"font-size: 20px\">U tijeku su zavr\u0161ni radovi na rekonstrukciji <strong>Ulice bana Josipa Jela\u010di\u0107a<\/strong> u Kurilovcu. <a href=\"https:\/\/gorica.info\/en\/?s=radovi\">Radovi<\/a> se privode kraju, a <strong>do 30. studenog<\/strong>\u00a0vrijedit \u0107e <strong>privremena regulacija prometa<\/strong>, izvijestili su iz <a href=\"https:\/\/gorica.hr\/2025\/10\/privremena-regulacija-prometa-u-jelacicevoj-ulici-u-kurilovcu\/\">Gradske uprave.<\/a><\/span><\/p>\n<p><span style=\"font-size: 20px\"><strong>Linije javnog prijevoza<\/strong> i dalje \u0107e prometovati na sljede\u0107i na\u010din:<\/span><\/p>\n<p><span style=\"font-size: 20px\"><strong>Autobusna linija 1<\/strong> (Autobusni kolodvor \u2013 Terminal) prometuje redovno registriranom trasom do raskri\u017eja Kolodvorska ul. \u2013 Ul. A.K. Mio\u0161i\u0107a (Konzum). Na istom raskri\u017eju skrenut \u0107e lijevo te nastaviti Ul. A.K. Mio\u0161i\u0107a do raskri\u017eja Ul. A.K. Mio\u0161i\u0107a \u2013 Ul. S. Kolara gdje \u0107e skrenuti desno u Ul. S. Kolara. Prometovanje nastavlja Ul. S. Kolara do raskri\u017eja Ul. S. Kolara \u2013 Ul. bana J. Jela\u010di\u0107a gdje \u0107e skrenuti lijevo te dalje nastaviti prema redovno registriranoj trasi.<\/span><\/p>\n<p><span style=\"font-size: 20px\"><strong>Autobusna linija 3<\/strong> (\u017deljezni\u010dki kolodvor \u2013 Meridijan 16) prometuje redovno registriranom trasom do raskri\u017eja Kolodvorska ul. \u2013 Ul. bana J. Jela\u010di\u0107a gdje \u0107e skrenuti lijevo u Kolodvorsku ulicu. Dalje nastavlja Kolodvorskom ul. do raskri\u017eja Kolodvorska ul. \u2013 Ul. A.K. Mio\u0161i\u0107a (Konzum). Na istom raskri\u017eju skrenut \u0107e desno te nastaviti Ul. A.K. Mio\u0161i\u0107a do raskri\u017eja Ul. A.K. Mio\u0161i\u0107a \u2013 Ul. S. Kolara gdje \u0107e skrenuti desno u Ul. S. Kolara. Prometovanje nastavlja Ul. S. Kolara do raskri\u017eja Ul. S. Kolara \u2013 Ul. bana J. Jela\u010di\u0107a gdje \u0107e skrenuti lijevo te dalje nastaviti prema redovno registriranoj trasi. Obrnuti smjer prometuje istom rutom.<\/span><\/p>\n<p><span style=\"font-size: 20px\"><strong>Autobusna linija 4<\/strong> (Velika Gorica \u2013 Velika Buna) prometuje redovno registriranom trasom do raskri\u017eja Ul. S. Kolara \u2013 Ul. bana J. Jela\u010di\u0107a gdje nastavlja ravno prema V. Buni, bez prometovanja na \u017eeljezni\u010dki kolodvor. <\/span><\/p>\n<p><span style=\"font-size: 20px\">Obrnuti smjer prometuje registriranom trasom do raskri\u017eja Ul. S. Kolara \u2013 Ul. bana J. Jela\u010di\u0107a gdje nastavlja ravno prema Terminalu VG, bez prometovanja na \u017eeljezni\u010dki kolodvor.<\/span><\/p>\n<p><span style=\"font-size: 20px\"><strong>Autobusna linija 5<\/strong> (Velika Gorica \u2013 Kozja\u010da) prometuje redovno registriranom trasom do raskri\u017eja Ul. S. Kolara \u2013 Ul. bana J. Jela\u010di\u0107a gdje nastavlja ravno prema Kozja\u010di, bez prometovanja na \u017eeljezni\u010dki kolodvor. <\/span><\/p>\n<p><span style=\"font-size: 20px\">Obrnuti smjer prometuje registriranom trasom do raskri\u017eja Ul. S. Kolara \u2013 Ul. bana J. Jela\u010di\u0107a gdje nastavlja ravno prema Terminalu VG, bez prometovanja na \u017eeljezni\u010dki kolodvor.<\/span><\/p>\n<p><span style=\"font-size: 20px\">Rije\u010d je o jednom od najistaknutijih projekata u tom dijelu grada, a radovi na 1.264 metra duga\u010dkom dijelu ulice, od Ulice Slavka Kolara do Kolodvorske ulice, obuhvatili su gradnju novih vodoopskrbnih cijevi, oborinske odvodnje, pje\u0161a\u010dko-biciklisti\u010dke staze i nogostupa.<\/span><\/p>","protected":false},"excerpt":{"rendered":"<p>U tijeku su zavr\u0161ni radovi na rekonstrukciji Ulice bana Josipa Jela\u010di\u0107a u Kurilovcu. Radovi se privode kraju, a do 30. studenog\u00a0vrijedit \u0107e privremena regulacija prometa, izvijestili su iz Gradske uprave. Linije javnog prijevoza i dalje \u0107e prometovati na sljede\u0107i na\u010din: Autobusna linija 1 (Autobusni kolodvor \u2013 Terminal) prometuje redovno registriranom trasom do raskri\u017eja Kolodvorska ul. [&hellip;]<\/p>\n","protected":false},"author":23,"featured_media":97114,"comment_status":"closed","ping_status":"closed","sticky":false,"template":"","format":"standard","meta":{"limit_modified_date":"1","last_modified_date":"","jnews-multi-image_gallery":[],"jnews_single_post":{"subtitle":"","format":"standard","override":[{"template":"3","parallax":"1","fullscreen":"1","layout":"right-sidebar","sidebar":"default-sidebar","second_sidebar":"default-sidebar","sticky_sidebar":"1","share_position":"top","share_float_style":"share-monocrhome","show_featured":"1","show_post_meta":"1","show_post_author":"1","show_post_author_image":"1","show_post_date":"1","post_date_format":"default","post_date_format_custom":"Y\/m\/d","show_post_category":"1","show_post_reading_time":"1","post_reading_time_wpm":"300","post_calculate_word_method":"str_word_count","zoom_button_out_step":"2","zoom_button_in_step":"3","show_post_tag":"1","show_popup_post":"1","show_comment_section":"1","number_popup_post":"1","show_post_related":"1"}],"image_override":[{"single_post_thumbnail_size":"crop-500","single_post_gallery_size":"crop-500"}],"trending_post_position":"meta","trending_post_label":"Trending","sponsored_post_label":"Sponsored by","disable_ad":"0"},"jnews_primary_category":[],"jnews_override_counter":{"view_counter_number":"0","share_counter_number":"0","like_counter_number":"0","dislike_counter_number":"0"},"footnotes":""},"categories":[87],"tags":[20856,9542,153,5877,122,15554],"class_list":["post-97113","post","type-post","status-publish","format-standard","has-post-thumbnail","hentry","category-gorica","tag-gradski-autobusi","tag-jelaciceva-ulica","tag-radovi","tag-regulacija-prometa","tag-velika-gorica","tag-vg-vijesti"],"yoast_head":"<!-- This site is optimized with the Yoast SEO Premium plugin v27.4 (Yoast SEO v27.4) - https:\/\/yoast.com\/product\/yoast-seo-premium-wordpress\/ -->\n<title>Radovi u Jela\u010di\u0107evoj ulici u Kurilovcu bli\u017ee se kraju: Na snazi privremena regulacija prometa - Gorica Info<\/title>\n<meta name=\"description\" content=\"U tijeku su zavr\u0161ni radovi na rekonstrukciji Jela\u010di\u0107eve ulice u Kurilovcu. Do 31. studenog vrijedit \u0107e privremena regulacija prometa.\" \/>\n<meta name=\"robots\" content=\"index, follow, max-snippet:-1, max-image-preview:large, max-video-preview:-1\" \/>\n<link rel=\"canonical\" href=\"https:\/\/gorica.info\/en\/radovi-u-jelacicevoj-ulici-u-kurilovcu-blize-se-kraju-evo-do-kraja-studenog-privremena-regulacija-prometa\/\" \/>\n<meta property=\"og:locale\" content=\"en_US\" \/>\n<meta property=\"og:type\" content=\"article\" \/>\n<meta property=\"og:title\" content=\"Radovi u Jela\u010di\u0107evoj ulici u Kurilovcu bli\u017ee se kraju: Na snazi privremena regulacija prometa\" \/>\n<meta property=\"og:description\" content=\"U tijeku su zavr\u0161ni radovi na rekonstrukciji Jela\u010di\u0107eve ulice u Kurilovcu. Do 31. studenog vrijedit \u0107e privremena regulacija prometa.\" \/>\n<meta property=\"og:url\" content=\"https:\/\/gorica.info\/en\/radovi-u-jelacicevoj-ulici-u-kurilovcu-blize-se-kraju-evo-do-kraja-studenog-privremena-regulacija-prometa\/\" \/>\n<meta property=\"og:site_name\" content=\"Gorica Info\" \/>\n<meta property=\"article:publisher\" content=\"https:\/\/www.facebook.com\/Goricainfo-106005144489262\" \/>\n<meta property=\"article:published_time\" content=\"2025-10-29T07:38:33+00:00\" \/>\n<meta property=\"article:modified_time\" content=\"2025-11-05T08:00:35+00:00\" \/>\n<meta property=\"og:image\" content=\"https:\/\/gorica.info\/wp-content\/uploads\/2025\/10\/Jelaciceva-ulica2.jpg\" \/>\n\t<meta property=\"og:image:width\" content=\"1280\" \/>\n\t<meta property=\"og:image:height\" content=\"720\" \/>\n\t<meta property=\"og:image:type\" content=\"image\/jpeg\" \/>\n<meta name=\"author\" content=\"Gorica. info\" \/>\n<meta name=\"twitter:card\" content=\"summary_large_image\" \/>\n<meta name=\"twitter:creator\" content=\"@GoricaInfo\" \/>\n<meta name=\"twitter:site\" content=\"@GoricaInfo\" \/>\n<meta name=\"twitter:label1\" content=\"Written by\" \/>\n\t<meta name=\"twitter:data1\" content=\"Gorica. info\" \/>\n\t<meta name=\"twitter:label2\" content=\"Est. reading time\" \/>\n\t<meta name=\"twitter:data2\" content=\"3 minutes\" \/>\n<meta name=\"geo.placename\" content=\"Velika Gorica\" \/>\n<meta name=\"geo.region\" content=\"Croatia\" \/>\n<!-- \/ Yoast SEO Premium plugin. -->","yoast_head_json":{"title":"Radovi u Jela\u010di\u0107evoj ulici u Kurilovcu bli\u017ee se kraju: Na snazi privremena regulacija prometa - Gorica Info","description":"U tijeku su zavr\u0161ni radovi na rekonstrukciji Jela\u010di\u0107eve ulice u Kurilovcu. Do 31. studenog vrijedit \u0107e privremena regulacija prometa.","robots":{"index":"index","follow":"follow","max-snippet":"max-snippet:-1","max-image-preview":"max-image-preview:large","max-video-preview":"max-video-preview:-1"},"canonical":"https:\/\/gorica.info\/en\/radovi-u-jelacicevoj-ulici-u-kurilovcu-blize-se-kraju-evo-do-kraja-studenog-privremena-regulacija-prometa\/","og_locale":"en_US","og_type":"article","og_title":"Radovi u Jela\u010di\u0107evoj ulici u Kurilovcu bli\u017ee se kraju: Na snazi privremena regulacija prometa","og_description":"U tijeku su zavr\u0161ni radovi na rekonstrukciji Jela\u010di\u0107eve ulice u Kurilovcu. Do 31. studenog vrijedit \u0107e privremena regulacija prometa.","og_url":"https:\/\/gorica.info\/en\/radovi-u-jelacicevoj-ulici-u-kurilovcu-blize-se-kraju-evo-do-kraja-studenog-privremena-regulacija-prometa\/","og_site_name":"Gorica Info","article_publisher":"https:\/\/www.facebook.com\/Goricainfo-106005144489262","article_published_time":"2025-10-29T07:38:33+00:00","article_modified_time":"2025-11-05T08:00:35+00:00","og_image":[{"width":1280,"height":720,"url":"https:\/\/gorica.info\/wp-content\/uploads\/2025\/10\/Jelaciceva-ulica2.jpg","type":"image\/jpeg"}],"author":"Gorica. info","twitter_card":"summary_large_image","twitter_creator":"@GoricaInfo","twitter_site":"@GoricaInfo","twitter_misc":{"Written by":"Gorica. info","Est. reading time":"3 minutes"},"schema":{"@context":"https:\/\/schema.org","@graph":[{"@type":"NewsArticle","@id":"https:\/\/gorica.info\/radovi-u-jelacicevoj-ulici-u-kurilovcu-blize-se-kraju-evo-do-kraja-studenog-privremena-regulacija-prometa\/#article","isPartOf":{"@id":"https:\/\/gorica.info\/radovi-u-jelacicevoj-ulici-u-kurilovcu-blize-se-kraju-evo-do-kraja-studenog-privremena-regulacija-prometa\/"},"author":{"name":"Gorica. info","@id":"https:\/\/gorica.info\/#\/schema\/person\/4499af1f22f322670b9b5977ccc2e3de"},"headline":"Radovi u Jela\u010di\u0107evoj ulici u Kurilovcu bli\u017ee se kraju: Na snazi privremena regulacija prometa","datePublished":"2025-10-29T07:38:33+00:00","dateModified":"2025-11-05T08:00:35+00:00","mainEntityOfPage":{"@id":"https:\/\/gorica.info\/radovi-u-jelacicevoj-ulici-u-kurilovcu-blize-se-kraju-evo-do-kraja-studenog-privremena-regulacija-prometa\/"},"wordCount":425,"publisher":{"@id":"https:\/\/gorica.info\/#organization"},"image":{"@id":"https:\/\/gorica.info\/radovi-u-jelacicevoj-ulici-u-kurilovcu-blize-se-kraju-evo-do-kraja-studenog-privremena-regulacija-prometa\/#primaryimage"},"thumbnailUrl":"https:\/\/gorica.info\/wp-content\/uploads\/2025\/10\/Jelaciceva-ulica2.jpg","keywords":["gradski autobusi","jela\u010di\u0107eva ulica","radovi","regulacija prometa","Velika Gorica","vg vijesti"],"articleSection":["GORICA"],"inLanguage":"en-US","copyrightYear":"2025","copyrightHolder":{"@id":"https:\/\/gorica.info\/en\/#organization"}},{"@type":"WebPage","@id":"https:\/\/gorica.info\/radovi-u-jelacicevoj-ulici-u-kurilovcu-blize-se-kraju-evo-do-kraja-studenog-privremena-regulacija-prometa\/","url":"https:\/\/gorica.info\/radovi-u-jelacicevoj-ulici-u-kurilovcu-blize-se-kraju-evo-do-kraja-studenog-privremena-regulacija-prometa\/","name":"Radovi u Jela\u010di\u0107evoj ulici u Kurilovcu bli\u017ee se kraju: Na snazi privremena regulacija prometa - Gorica Info","isPartOf":{"@id":"https:\/\/gorica.info\/#website"},"primaryImageOfPage":{"@id":"https:\/\/gorica.info\/radovi-u-jelacicevoj-ulici-u-kurilovcu-blize-se-kraju-evo-do-kraja-studenog-privremena-regulacija-prometa\/#primaryimage"},"image":{"@id":"https:\/\/gorica.info\/radovi-u-jelacicevoj-ulici-u-kurilovcu-blize-se-kraju-evo-do-kraja-studenog-privremena-regulacija-prometa\/#primaryimage"},"thumbnailUrl":"https:\/\/gorica.info\/wp-content\/uploads\/2025\/10\/Jelaciceva-ulica2.jpg","datePublished":"2025-10-29T07:38:33+00:00","dateModified":"2025-11-05T08:00:35+00:00","description":"U tijeku su zavr\u0161ni radovi na rekonstrukciji Jela\u010di\u0107eve ulice u Kurilovcu. Do 31. studenog vrijedit \u0107e privremena regulacija prometa.","breadcrumb":{"@id":"https:\/\/gorica.info\/radovi-u-jelacicevoj-ulici-u-kurilovcu-blize-se-kraju-evo-do-kraja-studenog-privremena-regulacija-prometa\/#breadcrumb"},"inLanguage":"en-US","potentialAction":[{"@type":"ReadAction","target":["https:\/\/gorica.info\/radovi-u-jelacicevoj-ulici-u-kurilovcu-blize-se-kraju-evo-do-kraja-studenog-privremena-regulacija-prometa\/"]}]},{"@type":"ImageObject","inLanguage":"en-US","@id":"https:\/\/gorica.info\/radovi-u-jelacicevoj-ulici-u-kurilovcu-blize-se-kraju-evo-do-kraja-studenog-privremena-regulacija-prometa\/#primaryimage","url":"https:\/\/gorica.info\/wp-content\/uploads\/2025\/10\/Jelaciceva-ulica2.jpg","contentUrl":"https:\/\/gorica.info\/wp-content\/uploads\/2025\/10\/Jelaciceva-ulica2.jpg","width":1280,"height":720,"caption":"regulacija prometa"},{"@type":"BreadcrumbList","@id":"https:\/\/gorica.info\/radovi-u-jelacicevoj-ulici-u-kurilovcu-blize-se-kraju-evo-do-kraja-studenog-privremena-regulacija-prometa\/#breadcrumb","itemListElement":[{"@type":"ListItem","position":1,"name":"Po\u010detna stranica","item":"https:\/\/gorica.info\/"},{"@type":"ListItem","position":2,"name":"Radovi u Jela\u010di\u0107evoj ulici u Kurilovcu bli\u017ee se kraju: Na snazi privremena regulacija prometa"}]},{"@type":"WebSite","@id":"https:\/\/gorica.info\/#website","url":"https:\/\/gorica.info\/","name":"Gorica Info","description":"Vijesti iz Velike Gorice i okolice.","publisher":{"@id":"https:\/\/gorica.info\/#organization"},"potentialAction":[{"@type":"SearchAction","target":{"@type":"EntryPoint","urlTemplate":"https:\/\/gorica.info\/?s={search_term_string}"},"query-input":{"@type":"PropertyValueSpecification","valueRequired":true,"valueName":"search_term_string"}}],"inLanguage":"en-US"},{"@type":["Organization","Place","NewsMediaOrganization"],"@id":"https:\/\/gorica.info\/#organization","name":"Gorica Info","url":"https:\/\/gorica.info\/","logo":{"@id":"https:\/\/gorica.info\/radovi-u-jelacicevoj-ulici-u-kurilovcu-blize-se-kraju-evo-do-kraja-studenog-privremena-regulacija-prometa\/#local-main-organization-logo"},"image":{"@id":"https:\/\/gorica.info\/radovi-u-jelacicevoj-ulici-u-kurilovcu-blize-se-kraju-evo-do-kraja-studenog-privremena-regulacija-prometa\/#local-main-organization-logo"},"sameAs":["https:\/\/www.facebook.com\/Goricainfo-106005144489262","https:\/\/x.com\/GoricaInfo","https:\/\/www.instagram.com\/gorica.info\/"],"address":{"@id":"https:\/\/gorica.info\/radovi-u-jelacicevoj-ulici-u-kurilovcu-blize-se-kraju-evo-do-kraja-studenog-privremena-regulacija-prometa\/#local-main-place-address"},"telephone":[],"openingHoursSpecification":[{"@type":"OpeningHoursSpecification","dayOfWeek":["Monday","Tuesday","Wednesday","Thursday","Friday","Saturday","Sunday"],"opens":"09:00","closes":"17:00"}],"email":"redakcija@gorica.info"},{"@type":"Person","@id":"https:\/\/gorica.info\/#\/schema\/person\/4499af1f22f322670b9b5977ccc2e3de","name":"Gorica. info","description":"Gorica.info je lokalni portal koji prati Veliku Goricu i okolici, svakodnevno donosi najnovije vijesti i pri\u010de, kulturna doga\u0111anja i aktualnosti koje oblikuju \u017eivot gra\u0111ana.","url":"https:\/\/gorica.info\/en\/author\/gorica-info\/"},{"@type":"PostalAddress","@id":"https:\/\/gorica.info\/radovi-u-jelacicevoj-ulici-u-kurilovcu-blize-se-kraju-evo-do-kraja-studenog-privremena-regulacija-prometa\/#local-main-place-address","streetAddress":"Horvatova 97","addressLocality":"Velika Gorica","postalCode":"10410","addressRegion":"Croatia","addressCountry":"HR"},{"@type":"ImageObject","inLanguage":"en-US","@id":"https:\/\/gorica.info\/radovi-u-jelacicevoj-ulici-u-kurilovcu-blize-se-kraju-evo-do-kraja-studenog-privremena-regulacija-prometa\/#local-main-organization-logo","url":"https:\/\/gorica.info\/wp-content\/uploads\/2024\/07\/Gorica-Info-Logo-mali.png","contentUrl":"https:\/\/gorica.info\/wp-content\/uploads\/2024\/07\/Gorica-Info-Logo-mali.png","width":450,"height":85,"caption":"Gorica Info"}]},"geo.placename":"Velika Gorica","geo.region":"Croatia"},"_links":{"self":[{"href":"https:\/\/gorica.info\/en\/wp-json\/wp\/v2\/posts\/97113","targetHints":{"allow":["GET"]}}],"collection":[{"href":"https:\/\/gorica.info\/en\/wp-json\/wp\/v2\/posts"}],"about":[{"href":"https:\/\/gorica.info\/en\/wp-json\/wp\/v2\/types\/post"}],"author":[{"embeddable":true,"href":"https:\/\/gorica.info\/en\/wp-json\/wp\/v2\/users\/23"}],"replies":[{"embeddable":true,"href":"https:\/\/gorica.info\/en\/wp-json\/wp\/v2\/comments?post=97113"}],"version-history":[{"count":4,"href":"https:\/\/gorica.info\/en\/wp-json\/wp\/v2\/posts\/97113\/revisions"}],"predecessor-version":[{"id":97156,"href":"https:\/\/gorica.info\/en\/wp-json\/wp\/v2\/posts\/97113\/revisions\/97156"}],"wp:featuredmedia":[{"embeddable":true,"href":"https:\/\/gorica.info\/en\/wp-json\/wp\/v2\/media\/97114"}],"wp:attachment":[{"href":"https:\/\/gorica.info\/en\/wp-json\/wp\/v2\/media?parent=97113"}],"wp:term":[{"taxonomy":"category","embeddable":true,"href":"https:\/\/gorica.info\/en\/wp-json\/wp\/v2\/categories?post=97113"},{"taxonomy":"post_tag","embeddable":true,"href":"https:\/\/gorica.info\/en\/wp-json\/wp\/v2\/tags?post=97113"}],"curies":[{"name":"wp","href":"https:\/\/api.w.org\/{rel}","templated":true}]}}