{"id":97207,"date":"2025-10-31T12:04:23","date_gmt":"2025-10-31T11:04:23","guid":{"rendered":"https:\/\/gorica.info\/?p=97207"},"modified":"2025-10-31T12:22:08","modified_gmt":"2025-10-31T11:22:08","slug":"trajno-sjecanje-na-poginule-polozeni-vijenci-na-mostu-preko-kupe-u-pokupskom","status":"publish","type":"post","link":"https:\/\/gorica.info\/en\/trajno-sjecanje-na-poginule-polozeni-vijenci-na-mostu-preko-kupe-u-pokupskom\/","title":{"rendered":"Trajno sje\u0107anje na poginule branitelje: Polo\u017eeni vijenci i upaljene svije\u0107e u Pokupskom"},"content":{"rendered":"<p><span style=\"font-size: 20px\">Povodom blagdana <a href=\"https:\/\/gorica.info\/en\/u-subotu-privremena-regulacija-prometa-oko-gradskog-groblja\/\"><strong>Svih svetih<\/strong><\/a> i Du\u0161nog dana na mostu preko Kupe u Pokupskom polo\u017eeni su vijenci i upaljene svije\u0107e za <strong>poginule u Domovinskom ratu<\/strong>.<\/span><\/p>\n<p><img fetchpriority=\"high\" decoding=\"async\" class=\"aligncenter wp-image-97209 size-full\" src=\"https:\/\/gorica.info\/wp-content\/uploads\/2025\/10\/pokupsko-svi-sveti-2.jpg\" alt=\"\" width=\"576\" height=\"432\" srcset=\"https:\/\/gorica.info\/wp-content\/uploads\/2025\/10\/pokupsko-svi-sveti-2.jpg 576w, https:\/\/gorica.info\/wp-content\/uploads\/2025\/10\/pokupsko-svi-sveti-2-300x225.jpg 300w, https:\/\/gorica.info\/wp-content\/uploads\/2025\/10\/pokupsko-svi-sveti-2-16x12.jpg 16w\" sizes=\"(max-width: 576px) 100vw, 576px\" \/><\/p>\n<p><span style=\"font-size: 20px\">Zajedni\u010dko izaslanstvo Ministarstva obrane, Ministarstva hrvatskih branitelja, Ministarstva unutarnjih poslova, Zagreba\u010dke \u017eupanije, Op\u0107ine Pokupsko i udruga proiza\u0161lih iz Domovinskoga rata polo\u017eilo je vijenac i zapalilo lampa\u0161e ispred spomen-obilje\u017eja poginulim hrvatskim braniteljima i civilnim \u017ertvama Domovinskoga rata na mostu preko Kupe u op\u0107ini Pokupsko.<\/span><\/p>\n<p><span style=\"font-size: 20px\">U ime <a href=\"https:\/\/www.zagrebacka-zupanija.hr\/vijesti\/8213\/polozen-vijenac-u-spomen-hrvatskim-braniteljima\"><strong>Zagreba\u010dke \u017eupanije<\/strong><\/a> <strong>Ervin Kolarec<\/strong> tim je povodom podsjetio na<strong> veliku \u017ertvu <a href=\"https:\/\/gorica.info\/en\/ministar-medved-na-danu-branitelja-goricki-branitelji-dali-su-veliki-doprinos-u-obrani\/\">hrvatskih branitelja<\/a><\/strong> podnijetu za dana\u0161nju suverenost i samostalnost Hrvatske.<\/span><\/p>\n<p><img decoding=\"async\" class=\"aligncenter wp-image-97208 size-full\" src=\"https:\/\/gorica.info\/wp-content\/uploads\/2025\/10\/pokupsko-svi-sveti-1.jpg\" alt=\"poginule\" width=\"576\" height=\"432\" srcset=\"https:\/\/gorica.info\/wp-content\/uploads\/2025\/10\/pokupsko-svi-sveti-1.jpg 576w, https:\/\/gorica.info\/wp-content\/uploads\/2025\/10\/pokupsko-svi-sveti-1-300x225.jpg 300w, https:\/\/gorica.info\/wp-content\/uploads\/2025\/10\/pokupsko-svi-sveti-1-16x12.jpg 16w\" sizes=\"(max-width: 576px) 100vw, 576px\" \/> \u00a0<img decoding=\"async\" class=\"wp-image-97210 size-full aligncenter\" src=\"https:\/\/gorica.info\/wp-content\/uploads\/2025\/10\/pokupsko-svi-sveti-3.jpg\" alt=\"\" width=\"576\" height=\"432\" srcset=\"https:\/\/gorica.info\/wp-content\/uploads\/2025\/10\/pokupsko-svi-sveti-3.jpg 576w, https:\/\/gorica.info\/wp-content\/uploads\/2025\/10\/pokupsko-svi-sveti-3-300x225.jpg 300w, https:\/\/gorica.info\/wp-content\/uploads\/2025\/10\/pokupsko-svi-sveti-3-16x12.jpg 16w\" sizes=\"(max-width: 576px) 100vw, 576px\" \/><\/p>","protected":false},"excerpt":{"rendered":"<p>Povodom blagdana Svih svetih i Du\u0161nog dana na mostu preko Kupe u Pokupskom polo\u017eeni su vijenci i upaljene svije\u0107e za poginule u Domovinskom ratu. Zajedni\u010dko izaslanstvo Ministarstva obrane, Ministarstva hrvatskih branitelja, Ministarstva unutarnjih poslova, Zagreba\u010dke \u017eupanije, Op\u0107ine Pokupsko i udruga proiza\u0161lih iz Domovinskoga rata polo\u017eilo je vijenac i zapalilo lampa\u0161e ispred spomen-obilje\u017eja poginulim hrvatskim braniteljima [&hellip;]<\/p>\n","protected":false},"author":23,"featured_media":97211,"comment_status":"closed","ping_status":"closed","sticky":false,"template":"","format":"standard","meta":{"limit_modified_date":"1","last_modified_date":"","jnews-multi-image_gallery":[],"jnews_single_post":{"subtitle":"","format":"standard","override":[{"template":"3","parallax":"1","fullscreen":"1","layout":"right-sidebar","sidebar":"default-sidebar","second_sidebar":"default-sidebar","sticky_sidebar":"1","share_position":"top","share_float_style":"share-monocrhome","show_featured":"1","show_post_meta":"1","show_post_author":"1","show_post_author_image":"1","show_post_date":"1","post_date_format":"default","post_date_format_custom":"Y\/m\/d","show_post_category":"1","show_post_reading_time":"1","post_reading_time_wpm":"300","post_calculate_word_method":"str_word_count","zoom_button_out_step":"2","zoom_button_in_step":"3","show_post_tag":"1","show_popup_post":"1","show_comment_section":"1","number_popup_post":"1","show_post_related":"1"}],"image_override":[{"single_post_thumbnail_size":"crop-500","single_post_gallery_size":"crop-500"}],"trending_post_position":"meta","trending_post_label":"Trending","sponsored_post_label":"Sponsored by","disable_ad":"0"},"jnews_primary_category":[],"jnews_override_counter":{"view_counter_number":"0","share_counter_number":"0","like_counter_number":"0","dislike_counter_number":"0"},"footnotes":""},"categories":[108],"tags":[327,328,611,20895,20896,15549,15554],"class_list":["post-97207","post","type-post","status-publish","format-standard","has-post-thumbnail","hentry","category-zupanija","tag-branitelji","tag-domovinski-rat","tag-ervin-kolarec","tag-most-na-kupi-pokupsko","tag-sjecanje-ma-branitelje","tag-velika-gorica-danas","tag-vg-vijesti"],"yoast_head":"<!-- This site is optimized with the Yoast SEO Premium plugin v27.4 (Yoast SEO v27.4) - https:\/\/yoast.com\/product\/yoast-seo-premium-wordpress\/ -->\n<title>Trajno sje\u0107anje na poginule branitelje: Polo\u017eeni vijenci i upaljene svije\u0107e u Pokupskom - Gorica Info<\/title>\n<meta name=\"description\" content=\"Povodom blagdana Svih svetih na mostu preko Kupe u Pokupskom polo\u017eeni su vijenci i upaljene svije\u0107e za poginule u Domovinskom ratu.\" \/>\n<meta name=\"robots\" content=\"index, follow, max-snippet:-1, max-image-preview:large, max-video-preview:-1\" \/>\n<link rel=\"canonical\" href=\"https:\/\/gorica.info\/en\/trajno-sjecanje-na-poginule-polozeni-vijenci-na-mostu-preko-kupe-u-pokupskom\/\" \/>\n<meta property=\"og:locale\" content=\"en_US\" \/>\n<meta property=\"og:type\" content=\"article\" \/>\n<meta property=\"og:title\" content=\"Trajno sje\u0107anje na poginule branitelje: Polo\u017eeni vijenci i upaljene svije\u0107e u Pokupskom\" \/>\n<meta property=\"og:description\" content=\"Povodom blagdana Svih svetih na mostu preko Kupe u Pokupskom polo\u017eeni su vijenci i upaljene svije\u0107e za poginule u Domovinskom ratu.\" \/>\n<meta property=\"og:url\" content=\"https:\/\/gorica.info\/en\/trajno-sjecanje-na-poginule-polozeni-vijenci-na-mostu-preko-kupe-u-pokupskom\/\" \/>\n<meta property=\"og:site_name\" content=\"Gorica Info\" \/>\n<meta property=\"article:publisher\" content=\"https:\/\/www.facebook.com\/Goricainfo-106005144489262\" \/>\n<meta property=\"article:published_time\" content=\"2025-10-31T11:04:23+00:00\" \/>\n<meta property=\"article:modified_time\" content=\"2025-10-31T11:22:08+00:00\" \/>\n<meta property=\"og:image\" content=\"https:\/\/gorica.info\/wp-content\/uploads\/2025\/10\/pokupsko-svi-sveti.jpg\" \/>\n\t<meta property=\"og:image:width\" content=\"576\" \/>\n\t<meta property=\"og:image:height\" content=\"432\" \/>\n\t<meta property=\"og:image:type\" content=\"image\/jpeg\" \/>\n<meta name=\"author\" content=\"Gorica. info\" \/>\n<meta name=\"twitter:card\" content=\"summary_large_image\" \/>\n<meta name=\"twitter:creator\" content=\"@GoricaInfo\" \/>\n<meta name=\"twitter:site\" content=\"@GoricaInfo\" \/>\n<meta name=\"twitter:label1\" content=\"Written by\" \/>\n\t<meta name=\"twitter:data1\" content=\"Gorica. info\" \/>\n\t<meta name=\"twitter:label2\" content=\"Est. reading time\" \/>\n\t<meta name=\"twitter:data2\" content=\"2 minutes\" \/>\n<meta name=\"geo.placename\" content=\"Velika Gorica\" \/>\n<meta name=\"geo.region\" content=\"Croatia\" \/>\n<!-- \/ Yoast SEO Premium plugin. -->","yoast_head_json":{"title":"Trajno sje\u0107anje na poginule branitelje: Polo\u017eeni vijenci i upaljene svije\u0107e u Pokupskom - Gorica Info","description":"Povodom blagdana Svih svetih na mostu preko Kupe u Pokupskom polo\u017eeni su vijenci i upaljene svije\u0107e za poginule u Domovinskom ratu.","robots":{"index":"index","follow":"follow","max-snippet":"max-snippet:-1","max-image-preview":"max-image-preview:large","max-video-preview":"max-video-preview:-1"},"canonical":"https:\/\/gorica.info\/en\/trajno-sjecanje-na-poginule-polozeni-vijenci-na-mostu-preko-kupe-u-pokupskom\/","og_locale":"en_US","og_type":"article","og_title":"Trajno sje\u0107anje na poginule branitelje: Polo\u017eeni vijenci i upaljene svije\u0107e u Pokupskom","og_description":"Povodom blagdana Svih svetih na mostu preko Kupe u Pokupskom polo\u017eeni su vijenci i upaljene svije\u0107e za poginule u Domovinskom ratu.","og_url":"https:\/\/gorica.info\/en\/trajno-sjecanje-na-poginule-polozeni-vijenci-na-mostu-preko-kupe-u-pokupskom\/","og_site_name":"Gorica Info","article_publisher":"https:\/\/www.facebook.com\/Goricainfo-106005144489262","article_published_time":"2025-10-31T11:04:23+00:00","article_modified_time":"2025-10-31T11:22:08+00:00","og_image":[{"width":576,"height":432,"url":"https:\/\/gorica.info\/wp-content\/uploads\/2025\/10\/pokupsko-svi-sveti.jpg","type":"image\/jpeg"}],"author":"Gorica. info","twitter_card":"summary_large_image","twitter_creator":"@GoricaInfo","twitter_site":"@GoricaInfo","twitter_misc":{"Written by":"Gorica. info","Est. reading time":"2 minutes"},"schema":{"@context":"https:\/\/schema.org","@graph":[{"@type":"NewsArticle","@id":"https:\/\/gorica.info\/trajno-sjecanje-na-poginule-polozeni-vijenci-na-mostu-preko-kupe-u-pokupskom\/#article","isPartOf":{"@id":"https:\/\/gorica.info\/trajno-sjecanje-na-poginule-polozeni-vijenci-na-mostu-preko-kupe-u-pokupskom\/"},"author":{"name":"Gorica. info","@id":"https:\/\/gorica.info\/#\/schema\/person\/4499af1f22f322670b9b5977ccc2e3de"},"headline":"Trajno sje\u0107anje na poginule branitelje: Polo\u017eeni vijenci i upaljene svije\u0107e u Pokupskom","datePublished":"2025-10-31T11:04:23+00:00","dateModified":"2025-10-31T11:22:08+00:00","mainEntityOfPage":{"@id":"https:\/\/gorica.info\/trajno-sjecanje-na-poginule-polozeni-vijenci-na-mostu-preko-kupe-u-pokupskom\/"},"wordCount":117,"publisher":{"@id":"https:\/\/gorica.info\/#organization"},"image":{"@id":"https:\/\/gorica.info\/trajno-sjecanje-na-poginule-polozeni-vijenci-na-mostu-preko-kupe-u-pokupskom\/#primaryimage"},"thumbnailUrl":"https:\/\/gorica.info\/wp-content\/uploads\/2025\/10\/pokupsko-svi-sveti.jpg","keywords":["branitelji","Domovinski rat","ervin kolarec","most na kupi pokupsko","sje\u0107anje ma branitelje","velika gorica danas","vg vijesti"],"articleSection":["\u017dUPANIJA"],"inLanguage":"en-US","copyrightYear":"2025","copyrightHolder":{"@id":"https:\/\/gorica.info\/en\/#organization"}},{"@type":"WebPage","@id":"https:\/\/gorica.info\/trajno-sjecanje-na-poginule-polozeni-vijenci-na-mostu-preko-kupe-u-pokupskom\/","url":"https:\/\/gorica.info\/trajno-sjecanje-na-poginule-polozeni-vijenci-na-mostu-preko-kupe-u-pokupskom\/","name":"Trajno sje\u0107anje na poginule branitelje: Polo\u017eeni vijenci i upaljene svije\u0107e u Pokupskom - Gorica Info","isPartOf":{"@id":"https:\/\/gorica.info\/#website"},"primaryImageOfPage":{"@id":"https:\/\/gorica.info\/trajno-sjecanje-na-poginule-polozeni-vijenci-na-mostu-preko-kupe-u-pokupskom\/#primaryimage"},"image":{"@id":"https:\/\/gorica.info\/trajno-sjecanje-na-poginule-polozeni-vijenci-na-mostu-preko-kupe-u-pokupskom\/#primaryimage"},"thumbnailUrl":"https:\/\/gorica.info\/wp-content\/uploads\/2025\/10\/pokupsko-svi-sveti.jpg","datePublished":"2025-10-31T11:04:23+00:00","dateModified":"2025-10-31T11:22:08+00:00","description":"Povodom blagdana Svih svetih na mostu preko Kupe u Pokupskom polo\u017eeni su vijenci i upaljene svije\u0107e za poginule u Domovinskom ratu.","breadcrumb":{"@id":"https:\/\/gorica.info\/trajno-sjecanje-na-poginule-polozeni-vijenci-na-mostu-preko-kupe-u-pokupskom\/#breadcrumb"},"inLanguage":"en-US","potentialAction":[{"@type":"ReadAction","target":["https:\/\/gorica.info\/trajno-sjecanje-na-poginule-polozeni-vijenci-na-mostu-preko-kupe-u-pokupskom\/"]}]},{"@type":"ImageObject","inLanguage":"en-US","@id":"https:\/\/gorica.info\/trajno-sjecanje-na-poginule-polozeni-vijenci-na-mostu-preko-kupe-u-pokupskom\/#primaryimage","url":"https:\/\/gorica.info\/wp-content\/uploads\/2025\/10\/pokupsko-svi-sveti.jpg","contentUrl":"https:\/\/gorica.info\/wp-content\/uploads\/2025\/10\/pokupsko-svi-sveti.jpg","width":576,"height":432,"caption":"Foot: Zagreba\u010dka \u017eupanija"},{"@type":"BreadcrumbList","@id":"https:\/\/gorica.info\/trajno-sjecanje-na-poginule-polozeni-vijenci-na-mostu-preko-kupe-u-pokupskom\/#breadcrumb","itemListElement":[{"@type":"ListItem","position":1,"name":"Po\u010detna stranica","item":"https:\/\/gorica.info\/"},{"@type":"ListItem","position":2,"name":"Trajno sje\u0107anje na poginule branitelje: Polo\u017eeni vijenci i upaljene svije\u0107e u Pokupskom"}]},{"@type":"WebSite","@id":"https:\/\/gorica.info\/#website","url":"https:\/\/gorica.info\/","name":"Gorica Info","description":"Vijesti iz Velike Gorice i okolice.","publisher":{"@id":"https:\/\/gorica.info\/#organization"},"potentialAction":[{"@type":"SearchAction","target":{"@type":"EntryPoint","urlTemplate":"https:\/\/gorica.info\/?s={search_term_string}"},"query-input":{"@type":"PropertyValueSpecification","valueRequired":true,"valueName":"search_term_string"}}],"inLanguage":"en-US"},{"@type":["Organization","Place","NewsMediaOrganization"],"@id":"https:\/\/gorica.info\/#organization","name":"Gorica Info","url":"https:\/\/gorica.info\/","logo":{"@id":"https:\/\/gorica.info\/trajno-sjecanje-na-poginule-polozeni-vijenci-na-mostu-preko-kupe-u-pokupskom\/#local-main-organization-logo"},"image":{"@id":"https:\/\/gorica.info\/trajno-sjecanje-na-poginule-polozeni-vijenci-na-mostu-preko-kupe-u-pokupskom\/#local-main-organization-logo"},"sameAs":["https:\/\/www.facebook.com\/Goricainfo-106005144489262","https:\/\/x.com\/GoricaInfo","https:\/\/www.instagram.com\/gorica.info\/"],"address":{"@id":"https:\/\/gorica.info\/trajno-sjecanje-na-poginule-polozeni-vijenci-na-mostu-preko-kupe-u-pokupskom\/#local-main-place-address"},"telephone":[],"openingHoursSpecification":[{"@type":"OpeningHoursSpecification","dayOfWeek":["Monday","Tuesday","Wednesday","Thursday","Friday","Saturday","Sunday"],"opens":"09:00","closes":"17:00"}],"email":"redakcija@gorica.info"},{"@type":"Person","@id":"https:\/\/gorica.info\/#\/schema\/person\/4499af1f22f322670b9b5977ccc2e3de","name":"Gorica. info","description":"Gorica.info je lokalni portal koji prati Veliku Goricu i okolici, svakodnevno donosi najnovije vijesti i pri\u010de, kulturna doga\u0111anja i aktualnosti koje oblikuju \u017eivot gra\u0111ana.","url":"https:\/\/gorica.info\/en\/author\/gorica-info\/"},{"@type":"PostalAddress","@id":"https:\/\/gorica.info\/trajno-sjecanje-na-poginule-polozeni-vijenci-na-mostu-preko-kupe-u-pokupskom\/#local-main-place-address","streetAddress":"Horvatova 97","addressLocality":"Velika Gorica","postalCode":"10410","addressRegion":"Croatia","addressCountry":"HR"},{"@type":"ImageObject","inLanguage":"en-US","@id":"https:\/\/gorica.info\/trajno-sjecanje-na-poginule-polozeni-vijenci-na-mostu-preko-kupe-u-pokupskom\/#local-main-organization-logo","url":"https:\/\/gorica.info\/wp-content\/uploads\/2024\/07\/Gorica-Info-Logo-mali.png","contentUrl":"https:\/\/gorica.info\/wp-content\/uploads\/2024\/07\/Gorica-Info-Logo-mali.png","width":450,"height":85,"caption":"Gorica Info"}]},"geo.placename":"Velika Gorica","geo.region":"Croatia"},"_links":{"self":[{"href":"https:\/\/gorica.info\/en\/wp-json\/wp\/v2\/posts\/97207","targetHints":{"allow":["GET"]}}],"collection":[{"href":"https:\/\/gorica.info\/en\/wp-json\/wp\/v2\/posts"}],"about":[{"href":"https:\/\/gorica.info\/en\/wp-json\/wp\/v2\/types\/post"}],"author":[{"embeddable":true,"href":"https:\/\/gorica.info\/en\/wp-json\/wp\/v2\/users\/23"}],"replies":[{"embeddable":true,"href":"https:\/\/gorica.info\/en\/wp-json\/wp\/v2\/comments?post=97207"}],"version-history":[{"count":5,"href":"https:\/\/gorica.info\/en\/wp-json\/wp\/v2\/posts\/97207\/revisions"}],"predecessor-version":[{"id":97217,"href":"https:\/\/gorica.info\/en\/wp-json\/wp\/v2\/posts\/97207\/revisions\/97217"}],"wp:featuredmedia":[{"embeddable":true,"href":"https:\/\/gorica.info\/en\/wp-json\/wp\/v2\/media\/97211"}],"wp:attachment":[{"href":"https:\/\/gorica.info\/en\/wp-json\/wp\/v2\/media?parent=97207"}],"wp:term":[{"taxonomy":"category","embeddable":true,"href":"https:\/\/gorica.info\/en\/wp-json\/wp\/v2\/categories?post=97207"},{"taxonomy":"post_tag","embeddable":true,"href":"https:\/\/gorica.info\/en\/wp-json\/wp\/v2\/tags?post=97207"}],"curies":[{"name":"wp","href":"https:\/\/api.w.org\/{rel}","templated":true}]}}