{"id":97298,"date":"2025-11-03T08:46:57","date_gmt":"2025-11-03T07:46:57","guid":{"rendered":"https:\/\/gorica.info\/?p=97298"},"modified":"2025-11-15T18:06:05","modified_gmt":"2025-11-15T17:06:05","slug":"ukljucite-se-s-prijedlozima-u-izradu-proracuna-velike-gorice-za-sljedecu-godinu-2","status":"publish","type":"post","link":"https:\/\/gorica.info\/en\/ukljucite-se-s-prijedlozima-u-izradu-proracuna-velike-gorice-za-sljedecu-godinu-2\/","title":{"rendered":"Uklju\u010dite se s prijedlozima u izradu prora\u010duna Velike Gorice za sljede\u0107u godinu"},"content":{"rendered":"<p><span style=\"font-size: 20px\"><strong>Iz <a href=\"https:\/\/gorica.hr\/2025\/11\/anketa-sudjelujte-u-izradi-proracuna-grada-velike-gorice-za-2026-godinu\/\">Gradske uprave<\/a><\/strong> pozvali su Velikogori\u010dane da se uklju\u010de s prijedlozima u izradu prora\u010duna za sljede\u0107u godinu. <strong>Anketni upitnik<\/strong> dostupan je na gradskim stranicama.<\/span><\/p>\n<p><span style=\"font-size: 20px\">Prora\u010dun je temeljni dokument koji usmjerava razvoj na\u0161eg grada u idu\u0107oj godini \u2013 zato \u017eelimo da u njegovoj izradi sudjeluju i na\u0161i sugra\u0111ani, kazao je gradona\u010delnik <strong>Kre\u0161imir A\u010dkar<\/strong>.<\/span><\/p>\n<p><span style=\"font-size: 20px\">U <a href=\"https:\/\/gorica.info\/en\/anketa-o-proracunu-besplatni-vrtici-gradanima-najvazniji-a-dnevna-bolnica-je-na-listi-zelja\/\">anketi, <\/a>za \u010dije \u0107e vam ispunjavanje biti potrebno svega nekoliko minuta, mo\u017eete ocijeniti va\u017enost prora\u010dunskih izdvajanja za odre\u0111ena podru\u010dja, ocijeniti va\u017enost sada\u0161njih i mogu\u0107ih projekata i programa, navesti za koje stavke mislite da je potrebno pove\u0107ati ili smanjiti prora\u010dunska izdvajanja, a na kraju mo\u017eete navesti projekte i programe za koje mislite da su bitni za Veliku Goricu.<\/span><\/p>\n<p><span style=\"font-size: 20px\">Anketa se mo\u017ee popuniti <strong>do 11. studenoga 2025. <a href=\"https:\/\/gorica.hr\/2025\/11\/anketa-sudjelujte-u-izradi-proracuna-grada-velike-gorice-za-2026-godinu\/\">OVDJE<\/a>.<\/strong><\/span><\/p>","protected":false},"excerpt":{"rendered":"<p>Iz Gradske uprave pozvali su Velikogori\u010dane da se uklju\u010de s prijedlozima u izradu prora\u010duna za sljede\u0107u godinu. Anketni upitnik dostupan je na gradskim stranicama. Prora\u010dun je temeljni dokument koji usmjerava razvoj na\u0161eg grada u idu\u0107oj godini \u2013 zato \u017eelimo da u njegovoj izradi sudjeluju i na\u0161i sugra\u0111ani, kazao je gradona\u010delnik Kre\u0161imir A\u010dkar. U anketi, za [&hellip;]<\/p>\n","protected":false},"author":23,"featured_media":97299,"comment_status":"closed","ping_status":"closed","sticky":false,"template":"","format":"standard","meta":{"limit_modified_date":"1","last_modified_date":"","jnews-multi-image_gallery":[],"jnews_single_post":{"subtitle":"","format":"standard","override":[{"template":"3","parallax":"1","fullscreen":"1","layout":"right-sidebar","sidebar":"default-sidebar","second_sidebar":"default-sidebar","sticky_sidebar":"1","share_position":"top","share_float_style":"share-monocrhome","show_featured":"1","show_post_meta":"1","show_post_author":"1","show_post_author_image":"1","show_post_date":"1","post_date_format":"default","post_date_format_custom":"Y\/m\/d","show_post_category":"1","show_post_reading_time":"1","post_reading_time_wpm":"300","post_calculate_word_method":"str_word_count","zoom_button_out_step":"2","zoom_button_in_step":"3","show_post_tag":"1","show_popup_post":"1","show_comment_section":"1","number_popup_post":"1","show_post_related":"1"}],"image_override":[{"single_post_thumbnail_size":"crop-500","single_post_gallery_size":"crop-500"}],"trending_post_position":"meta","trending_post_label":"Trending","sponsored_post_label":"Sponsored by","disable_ad":"0"},"jnews_primary_category":[],"jnews_override_counter":{"view_counter_number":"0","share_counter_number":"0","like_counter_number":"0","dislike_counter_number":"0"},"footnotes":""},"categories":[87],"tags":[11481,20920,1020,2578,1601,7264,122,15549,15554],"class_list":["post-97298","post","type-post","status-publish","format-standard","has-post-thumbnail","hentry","category-gorica","tag-anketni-upitnik","tag-goricki-proracun","tag-gradska-uprava","tag-poziv-gradanima","tag-proracun","tag-ulaganja","tag-velika-gorica","tag-velika-gorica-danas","tag-vg-vijesti"],"yoast_head":"<!-- This site is optimized with the Yoast SEO Premium plugin v27.4 (Yoast SEO v27.4) - https:\/\/yoast.com\/product\/yoast-seo-premium-wordpress\/ -->\n<title>Uklju\u010dite se s prijedlozima u izradu prora\u010duna Velike Gorice za sljede\u0107u godinu - Gorica Info<\/title>\n<meta name=\"description\" content=\"Poziv gra\u0111anima: Uklju\u010dite se s prijedlozima u izradu prora\u010duna Velike Gorice za sljede\u0107u godinu. Ispunjavanje upitnika traje kratko.\" \/>\n<meta name=\"robots\" content=\"index, follow, max-snippet:-1, max-image-preview:large, max-video-preview:-1\" \/>\n<link rel=\"canonical\" href=\"https:\/\/gorica.info\/en\/ukljucite-se-s-prijedlozima-u-izradu-proracuna-velike-gorice-za-sljedecu-godinu-2\/\" \/>\n<meta property=\"og:locale\" content=\"en_US\" \/>\n<meta property=\"og:type\" content=\"article\" \/>\n<meta property=\"og:title\" content=\"Uklju\u010dite se s prijedlozima u izradu prora\u010duna Velike Gorice za sljede\u0107u godinu\" \/>\n<meta property=\"og:description\" content=\"Poziv gra\u0111anima: Uklju\u010dite se s prijedlozima u izradu prora\u010duna Velike Gorice za sljede\u0107u godinu. Ispunjavanje upitnika traje kratko.\" \/>\n<meta property=\"og:url\" content=\"https:\/\/gorica.info\/en\/ukljucite-se-s-prijedlozima-u-izradu-proracuna-velike-gorice-za-sljedecu-godinu-2\/\" \/>\n<meta property=\"og:site_name\" content=\"Gorica Info\" \/>\n<meta property=\"article:publisher\" content=\"https:\/\/www.facebook.com\/Goricainfo-106005144489262\" \/>\n<meta property=\"article:published_time\" content=\"2025-11-03T07:46:57+00:00\" \/>\n<meta property=\"article:modified_time\" content=\"2025-11-15T17:06:05+00:00\" \/>\n<meta property=\"og:image\" content=\"https:\/\/gorica.info\/wp-content\/uploads\/2025\/11\/gradska-uprava-vg.jpg\" \/>\n\t<meta property=\"og:image:width\" content=\"1200\" \/>\n\t<meta property=\"og:image:height\" content=\"897\" \/>\n\t<meta property=\"og:image:type\" content=\"image\/jpeg\" \/>\n<meta name=\"author\" content=\"Gorica. info\" \/>\n<meta name=\"twitter:card\" content=\"summary_large_image\" \/>\n<meta name=\"twitter:creator\" content=\"@GoricaInfo\" \/>\n<meta name=\"twitter:site\" content=\"@GoricaInfo\" \/>\n<meta name=\"twitter:label1\" content=\"Written by\" \/>\n\t<meta name=\"twitter:data1\" content=\"Gorica. info\" \/>\n\t<meta name=\"twitter:label2\" content=\"Est. reading time\" \/>\n\t<meta name=\"twitter:data2\" content=\"1 minute\" \/>\n<meta name=\"geo.placename\" content=\"Velika Gorica\" \/>\n<meta name=\"geo.region\" content=\"Croatia\" \/>\n<!-- \/ Yoast SEO Premium plugin. -->","yoast_head_json":{"title":"Uklju\u010dite se s prijedlozima u izradu prora\u010duna Velike Gorice za sljede\u0107u godinu - Gorica Info","description":"Poziv gra\u0111anima: Uklju\u010dite se s prijedlozima u izradu prora\u010duna Velike Gorice za sljede\u0107u godinu. Ispunjavanje upitnika traje kratko.","robots":{"index":"index","follow":"follow","max-snippet":"max-snippet:-1","max-image-preview":"max-image-preview:large","max-video-preview":"max-video-preview:-1"},"canonical":"https:\/\/gorica.info\/en\/ukljucite-se-s-prijedlozima-u-izradu-proracuna-velike-gorice-za-sljedecu-godinu-2\/","og_locale":"en_US","og_type":"article","og_title":"Uklju\u010dite se s prijedlozima u izradu prora\u010duna Velike Gorice za sljede\u0107u godinu","og_description":"Poziv gra\u0111anima: Uklju\u010dite se s prijedlozima u izradu prora\u010duna Velike Gorice za sljede\u0107u godinu. Ispunjavanje upitnika traje kratko.","og_url":"https:\/\/gorica.info\/en\/ukljucite-se-s-prijedlozima-u-izradu-proracuna-velike-gorice-za-sljedecu-godinu-2\/","og_site_name":"Gorica Info","article_publisher":"https:\/\/www.facebook.com\/Goricainfo-106005144489262","article_published_time":"2025-11-03T07:46:57+00:00","article_modified_time":"2025-11-15T17:06:05+00:00","og_image":[{"width":1200,"height":897,"url":"https:\/\/gorica.info\/wp-content\/uploads\/2025\/11\/gradska-uprava-vg.jpg","type":"image\/jpeg"}],"author":"Gorica. info","twitter_card":"summary_large_image","twitter_creator":"@GoricaInfo","twitter_site":"@GoricaInfo","twitter_misc":{"Written by":"Gorica. info","Est. reading time":"1 minute"},"schema":{"@context":"https:\/\/schema.org","@graph":[{"@type":"NewsArticle","@id":"https:\/\/gorica.info\/ukljucite-se-s-prijedlozima-u-izradu-proracuna-velike-gorice-za-sljedecu-godinu-2\/#article","isPartOf":{"@id":"https:\/\/gorica.info\/ukljucite-se-s-prijedlozima-u-izradu-proracuna-velike-gorice-za-sljedecu-godinu-2\/"},"author":{"name":"Gorica. info","@id":"https:\/\/gorica.info\/#\/schema\/person\/4499af1f22f322670b9b5977ccc2e3de"},"headline":"Uklju\u010dite se s prijedlozima u izradu prora\u010duna Velike Gorice za sljede\u0107u godinu","datePublished":"2025-11-03T07:46:57+00:00","dateModified":"2025-11-15T17:06:05+00:00","mainEntityOfPage":{"@id":"https:\/\/gorica.info\/ukljucite-se-s-prijedlozima-u-izradu-proracuna-velike-gorice-za-sljedecu-godinu-2\/"},"wordCount":155,"publisher":{"@id":"https:\/\/gorica.info\/#organization"},"image":{"@id":"https:\/\/gorica.info\/ukljucite-se-s-prijedlozima-u-izradu-proracuna-velike-gorice-za-sljedecu-godinu-2\/#primaryimage"},"thumbnailUrl":"https:\/\/gorica.info\/wp-content\/uploads\/2025\/11\/gradska-uprava-vg.jpg","keywords":["anketni upitnik","gori\u010dki prora\u010dun","gradska uprava","poziv gra\u0111anima","prora\u010dun","ulaganja","Velika Gorica","velika gorica danas","vg vijesti"],"articleSection":["GORICA"],"inLanguage":"en-US","copyrightYear":"2025","copyrightHolder":{"@id":"https:\/\/gorica.info\/en\/#organization"}},{"@type":"WebPage","@id":"https:\/\/gorica.info\/ukljucite-se-s-prijedlozima-u-izradu-proracuna-velike-gorice-za-sljedecu-godinu-2\/","url":"https:\/\/gorica.info\/ukljucite-se-s-prijedlozima-u-izradu-proracuna-velike-gorice-za-sljedecu-godinu-2\/","name":"Uklju\u010dite se s prijedlozima u izradu prora\u010duna Velike Gorice za sljede\u0107u godinu - Gorica Info","isPartOf":{"@id":"https:\/\/gorica.info\/#website"},"primaryImageOfPage":{"@id":"https:\/\/gorica.info\/ukljucite-se-s-prijedlozima-u-izradu-proracuna-velike-gorice-za-sljedecu-godinu-2\/#primaryimage"},"image":{"@id":"https:\/\/gorica.info\/ukljucite-se-s-prijedlozima-u-izradu-proracuna-velike-gorice-za-sljedecu-godinu-2\/#primaryimage"},"thumbnailUrl":"https:\/\/gorica.info\/wp-content\/uploads\/2025\/11\/gradska-uprava-vg.jpg","datePublished":"2025-11-03T07:46:57+00:00","dateModified":"2025-11-15T17:06:05+00:00","description":"Poziv gra\u0111anima: Uklju\u010dite se s prijedlozima u izradu prora\u010duna Velike Gorice za sljede\u0107u godinu. Ispunjavanje upitnika traje kratko.","breadcrumb":{"@id":"https:\/\/gorica.info\/ukljucite-se-s-prijedlozima-u-izradu-proracuna-velike-gorice-za-sljedecu-godinu-2\/#breadcrumb"},"inLanguage":"en-US","potentialAction":[{"@type":"ReadAction","target":["https:\/\/gorica.info\/ukljucite-se-s-prijedlozima-u-izradu-proracuna-velike-gorice-za-sljedecu-godinu-2\/"]}]},{"@type":"ImageObject","inLanguage":"en-US","@id":"https:\/\/gorica.info\/ukljucite-se-s-prijedlozima-u-izradu-proracuna-velike-gorice-za-sljedecu-godinu-2\/#primaryimage","url":"https:\/\/gorica.info\/wp-content\/uploads\/2025\/11\/gradska-uprava-vg.jpg","contentUrl":"https:\/\/gorica.info\/wp-content\/uploads\/2025\/11\/gradska-uprava-vg.jpg","width":1200,"height":897,"caption":"Foto: Gorica.info"},{"@type":"BreadcrumbList","@id":"https:\/\/gorica.info\/ukljucite-se-s-prijedlozima-u-izradu-proracuna-velike-gorice-za-sljedecu-godinu-2\/#breadcrumb","itemListElement":[{"@type":"ListItem","position":1,"name":"Po\u010detna stranica","item":"https:\/\/gorica.info\/"},{"@type":"ListItem","position":2,"name":"Uklju\u010dite se s prijedlozima u izradu prora\u010duna Velike Gorice za sljede\u0107u godinu"}]},{"@type":"WebSite","@id":"https:\/\/gorica.info\/#website","url":"https:\/\/gorica.info\/","name":"Gorica Info","description":"Vijesti iz Velike Gorice i okolice.","publisher":{"@id":"https:\/\/gorica.info\/#organization"},"potentialAction":[{"@type":"SearchAction","target":{"@type":"EntryPoint","urlTemplate":"https:\/\/gorica.info\/?s={search_term_string}"},"query-input":{"@type":"PropertyValueSpecification","valueRequired":true,"valueName":"search_term_string"}}],"inLanguage":"en-US"},{"@type":["Organization","Place","NewsMediaOrganization"],"@id":"https:\/\/gorica.info\/#organization","name":"Gorica Info","url":"https:\/\/gorica.info\/","logo":{"@id":"https:\/\/gorica.info\/ukljucite-se-s-prijedlozima-u-izradu-proracuna-velike-gorice-za-sljedecu-godinu-2\/#local-main-organization-logo"},"image":{"@id":"https:\/\/gorica.info\/ukljucite-se-s-prijedlozima-u-izradu-proracuna-velike-gorice-za-sljedecu-godinu-2\/#local-main-organization-logo"},"sameAs":["https:\/\/www.facebook.com\/Goricainfo-106005144489262","https:\/\/x.com\/GoricaInfo","https:\/\/www.instagram.com\/gorica.info\/"],"address":{"@id":"https:\/\/gorica.info\/ukljucite-se-s-prijedlozima-u-izradu-proracuna-velike-gorice-za-sljedecu-godinu-2\/#local-main-place-address"},"telephone":[],"openingHoursSpecification":[{"@type":"OpeningHoursSpecification","dayOfWeek":["Monday","Tuesday","Wednesday","Thursday","Friday","Saturday","Sunday"],"opens":"09:00","closes":"17:00"}],"email":"redakcija@gorica.info"},{"@type":"Person","@id":"https:\/\/gorica.info\/#\/schema\/person\/4499af1f22f322670b9b5977ccc2e3de","name":"Gorica. info","description":"Gorica.info je lokalni portal koji prati Veliku Goricu i okolici, svakodnevno donosi najnovije vijesti i pri\u010de, kulturna doga\u0111anja i aktualnosti koje oblikuju \u017eivot gra\u0111ana.","url":"https:\/\/gorica.info\/en\/author\/gorica-info\/"},{"@type":"PostalAddress","@id":"https:\/\/gorica.info\/ukljucite-se-s-prijedlozima-u-izradu-proracuna-velike-gorice-za-sljedecu-godinu-2\/#local-main-place-address","streetAddress":"Horvatova 97","addressLocality":"Velika Gorica","postalCode":"10410","addressRegion":"Croatia","addressCountry":"HR"},{"@type":"ImageObject","inLanguage":"en-US","@id":"https:\/\/gorica.info\/ukljucite-se-s-prijedlozima-u-izradu-proracuna-velike-gorice-za-sljedecu-godinu-2\/#local-main-organization-logo","url":"https:\/\/gorica.info\/wp-content\/uploads\/2024\/07\/Gorica-Info-Logo-mali.png","contentUrl":"https:\/\/gorica.info\/wp-content\/uploads\/2024\/07\/Gorica-Info-Logo-mali.png","width":450,"height":85,"caption":"Gorica Info"}]},"geo.placename":"Velika Gorica","geo.region":"Croatia"},"_links":{"self":[{"href":"https:\/\/gorica.info\/en\/wp-json\/wp\/v2\/posts\/97298","targetHints":{"allow":["GET"]}}],"collection":[{"href":"https:\/\/gorica.info\/en\/wp-json\/wp\/v2\/posts"}],"about":[{"href":"https:\/\/gorica.info\/en\/wp-json\/wp\/v2\/types\/post"}],"author":[{"embeddable":true,"href":"https:\/\/gorica.info\/en\/wp-json\/wp\/v2\/users\/23"}],"replies":[{"embeddable":true,"href":"https:\/\/gorica.info\/en\/wp-json\/wp\/v2\/comments?post=97298"}],"version-history":[{"count":4,"href":"https:\/\/gorica.info\/en\/wp-json\/wp\/v2\/posts\/97298\/revisions"}],"predecessor-version":[{"id":97314,"href":"https:\/\/gorica.info\/en\/wp-json\/wp\/v2\/posts\/97298\/revisions\/97314"}],"wp:featuredmedia":[{"embeddable":true,"href":"https:\/\/gorica.info\/en\/wp-json\/wp\/v2\/media\/97299"}],"wp:attachment":[{"href":"https:\/\/gorica.info\/en\/wp-json\/wp\/v2\/media?parent=97298"}],"wp:term":[{"taxonomy":"category","embeddable":true,"href":"https:\/\/gorica.info\/en\/wp-json\/wp\/v2\/categories?post=97298"},{"taxonomy":"post_tag","embeddable":true,"href":"https:\/\/gorica.info\/en\/wp-json\/wp\/v2\/tags?post=97298"}],"curies":[{"name":"wp","href":"https:\/\/api.w.org\/{rel}","templated":true}]}}