{"id":97801,"date":"2025-11-14T12:38:21","date_gmt":"2025-11-14T11:38:21","guid":{"rendered":"https:\/\/gorica.info\/?p=97801"},"modified":"2026-01-13T08:45:50","modified_gmt":"2026-01-13T07:45:50","slug":"patronazna-sluzba-obiljezila-svjetski-dan-dijabetesa-mjerenjem-secera-i-tlaka","status":"publish","type":"post","link":"https:\/\/gorica.info\/en\/patronazna-sluzba-obiljezila-svjetski-dan-dijabetesa-mjerenjem-secera-i-tlaka\/","title":{"rendered":"Patrona\u017ena slu\u017eba obilje\u017eila Svjetski dan dijabetesa mjerenjem \u0161e\u0107era i tlaka"},"content":{"rendered":"<p><span style=\"font-size: 20px\"><strong>Preventivni pregledi<\/strong>, poput mjerenja <strong>glukoze u krvi i krvnog tlaka<\/strong>, omogu\u0107uju rano otkrivanje poreme\u0107aja koji se mogu razvijati neprimjetno. Visok \u0161e\u0107er u krvi i povi\u0161en tlak \u010desto ne uzrokuju bol ili jasne tegobe, pa mnogi gra\u0111ani ne znaju da imaju problem sve dok se ne pojave <strong>ozbiljne komplikacije<\/strong>. <\/span><\/p>\n<p><span style=\"font-size: 20px\">Povodom <strong>Svjetskog dana \u0161e\u0107erne bolesti<\/strong>, patrona\u017ene sestre jutros su u <strong>Doma zdravlja Velika Gorica<\/strong> provele <strong>preventivnu javnozdravstvenu akciju<\/strong> namijenjenu gra\u0111anima svih dobnih skupina. Ista akcija danas je provedena u svih devet gradova Zagreba\u010dke \u017eupanije.<\/span><\/p>\n<p><img fetchpriority=\"high\" decoding=\"async\" class=\"alignnone wp-image-97802 size-full\" src=\"https:\/\/gorica.info\/wp-content\/uploads\/2025\/11\/secerna-bolest-vg.jpg\" alt=\"\" width=\"1500\" height=\"1125\" srcset=\"https:\/\/gorica.info\/wp-content\/uploads\/2025\/11\/secerna-bolest-vg.jpg 1500w, https:\/\/gorica.info\/wp-content\/uploads\/2025\/11\/secerna-bolest-vg-300x225.jpg 300w, https:\/\/gorica.info\/wp-content\/uploads\/2025\/11\/secerna-bolest-vg-1024x768.jpg 1024w, https:\/\/gorica.info\/wp-content\/uploads\/2025\/11\/secerna-bolest-vg-768x576.jpg 768w, https:\/\/gorica.info\/wp-content\/uploads\/2025\/11\/secerna-bolest-vg-16x12.jpg 16w, https:\/\/gorica.info\/wp-content\/uploads\/2025\/11\/secerna-bolest-vg-750x563.jpg 750w, https:\/\/gorica.info\/wp-content\/uploads\/2025\/11\/secerna-bolest-vg-1140x855.jpg 1140w\" sizes=\"(max-width: 1500px) 100vw, 1500px\" \/><\/p>\n<p><span style=\"font-size: 20px\">Gra\u0111anima je omogu\u0107eno besplatno mjerenje \u0161e\u0107era u krvi i tlaka, kao i individualno savjetovanje o rizicima, prevenciji i ranom otkrivanju dijabetesa.<\/span><\/p>\n<p><img decoding=\"async\" class=\"alignnone wp-image-97805 size-full\" src=\"https:\/\/gorica.info\/wp-content\/uploads\/2025\/11\/secerna-bolest-vg-4.jpg\" alt=\"\" width=\"1500\" height=\"1125\" srcset=\"https:\/\/gorica.info\/wp-content\/uploads\/2025\/11\/secerna-bolest-vg-4.jpg 1500w, https:\/\/gorica.info\/wp-content\/uploads\/2025\/11\/secerna-bolest-vg-4-300x225.jpg 300w, https:\/\/gorica.info\/wp-content\/uploads\/2025\/11\/secerna-bolest-vg-4-1024x768.jpg 1024w, https:\/\/gorica.info\/wp-content\/uploads\/2025\/11\/secerna-bolest-vg-4-768x576.jpg 768w, https:\/\/gorica.info\/wp-content\/uploads\/2025\/11\/secerna-bolest-vg-4-16x12.jpg 16w, https:\/\/gorica.info\/wp-content\/uploads\/2025\/11\/secerna-bolest-vg-4-750x563.jpg 750w, https:\/\/gorica.info\/wp-content\/uploads\/2025\/11\/secerna-bolest-vg-4-1140x855.jpg 1140w\" sizes=\"(max-width: 1500px) 100vw, 1500px\" \/><\/p>\n<p><span style=\"font-size: 20px\">Prema rije\u010dima medicinskih sestara patrona\u017ene slu\u017ebe, odaziv gra\u0111ana bio je iznimno dobar, \u0161to pokazuje porast svijesti o va\u017enosti preventivnih pregleda. Na\u0161a je uloga pribli\u017eiti zdravstvenu brigu zajednici i <strong>potaknuti ljude da preuzmu aktivnu ulogu<\/strong> u o\u010duvanju vlastitog zdravlja. <strong>Dijabetes<\/strong> je podmukla bolest koja \u010desto godinama ne daje simptome, pa su ovakve akcije klju\u010dne, isti\u010du patrona\u017ene sestre.<\/span><\/p>\n<p><span style=\"font-size: 20px\">Patrona\u017ena sestra <strong>Gordana Boca Novak<\/strong> isti\u010de va\u017enost kontrole \u0161e\u0107era i tlaka zbog odr\u017eavanja zdravlja.<\/span><\/p>\n<p><img decoding=\"async\" class=\"alignnone wp-image-97807 size-full\" src=\"https:\/\/gorica.info\/wp-content\/uploads\/2025\/11\/secerna-bolest-vg-6.jpg\" alt=\"\" width=\"900\" height=\"1200\" srcset=\"https:\/\/gorica.info\/wp-content\/uploads\/2025\/11\/secerna-bolest-vg-6.jpg 900w, https:\/\/gorica.info\/wp-content\/uploads\/2025\/11\/secerna-bolest-vg-6-225x300.jpg 225w, https:\/\/gorica.info\/wp-content\/uploads\/2025\/11\/secerna-bolest-vg-6-768x1024.jpg 768w, https:\/\/gorica.info\/wp-content\/uploads\/2025\/11\/secerna-bolest-vg-6-9x12.jpg 9w, https:\/\/gorica.info\/wp-content\/uploads\/2025\/11\/secerna-bolest-vg-6-750x1000.jpg 750w\" sizes=\"(max-width: 900px) 100vw, 900px\" \/><\/p>\n<p><span style=\"font-size: 20px\">&#8211; Ovu akciju organiziramo povodom Svjetskog dana dijabetesa i u sat i pol vremena imali smo osamdesetak pacijenata. Zadovoljni smo odazivom, uglavnom su to pacijenti stariji od 60 godina. Bilo je nekoliko osoba s visokim \u0161e\u0107erom i tlakom, nisu uop\u0107e znali da imaju problema. Odmah smo ih uputili da se jave lije\u010dnicima obiteljske medicine radi daljnjeg pra\u0107enja &#8211; rekla nam je <strong>Gordana Boca Novak<\/strong>. \u00a0<\/span><\/p>\n<p><img loading=\"lazy\" decoding=\"async\" class=\"alignnone wp-image-97804 size-full\" src=\"https:\/\/gorica.info\/wp-content\/uploads\/2025\/11\/secerna-bolest-vg-3.jpg\" alt=\"\" width=\"1500\" height=\"1125\" srcset=\"https:\/\/gorica.info\/wp-content\/uploads\/2025\/11\/secerna-bolest-vg-3.jpg 1500w, https:\/\/gorica.info\/wp-content\/uploads\/2025\/11\/secerna-bolest-vg-3-300x225.jpg 300w, https:\/\/gorica.info\/wp-content\/uploads\/2025\/11\/secerna-bolest-vg-3-1024x768.jpg 1024w, https:\/\/gorica.info\/wp-content\/uploads\/2025\/11\/secerna-bolest-vg-3-768x576.jpg 768w, https:\/\/gorica.info\/wp-content\/uploads\/2025\/11\/secerna-bolest-vg-3-16x12.jpg 16w, https:\/\/gorica.info\/wp-content\/uploads\/2025\/11\/secerna-bolest-vg-3-750x563.jpg 750w, https:\/\/gorica.info\/wp-content\/uploads\/2025\/11\/secerna-bolest-vg-3-1140x855.jpg 1140w\" sizes=\"(max-width: 1500px) 100vw, 1500px\" \/><\/p>\n<p><span style=\"font-size: 20px\">Koliko su ovakve akcije va\u017ene za gra\u0111ane, znaju i u <strong>Dru\u0161tvu \u017eena Velika Mlaka<\/strong>. Povodom Svjetskog dana \u0161e\u0107erne bolesti, Dru\u0161tvo \u017eena, Podru\u017enica umirovljenika Velika Mlaka i udruga<a href=\"https:\/\/gorica.info\/en\/dijabetes-je-posast-modernog-doba-i-neurednog-zivota-sve-vise-obolijevaju-mladi\/\"><strong> VG Dijabeti\u010dar<\/strong><\/a> u petak organiziraju edukativno dru\u017eenje.<\/span><\/p>\n<p><span style=\"font-size: 20px\"><strong>Od 18 do 20 sati<\/strong> u \u010cardaku u Velikoj Mlaki gra\u0111ani \u0107e imati priliku izmjeriti razinu \u0161e\u0107era u krvi, tjelesnu masu i krvni tlak te poslu\u0161ati edukativna predavanja o rizicima bolesti od koje boluje sve vi\u0161e osoba.<\/span><\/p>\n<p><span style=\"font-size: 20px\">U Hrvatskoj je registrirano<strong> oko 400 tisu\u0107a osoba<\/strong> sa \u0161e\u0107ernom bolesti, a broj oboljelih pove\u0107ava se iz godine u godinu. U Zagreba\u010dkoj \u017eupaniji je vi\u0161e od 42 tisu\u0107e oboljelih, dok je broj osoba koje ne znaju da imaju dijabetes znatno ve\u0107i.<\/span><\/p>\n<p><span style=\"font-size: 20px\">Simptomi i znakovi koji mogu upu\u0107ivati da netko <strong>boluje od \u0161e\u0107erne bolesti<\/strong> su poja\u010dano \u017ee\u0111anje, u\u010destalo mokrenje, poja\u010dana glad, umor, zamu\u0107en vid, usporeno cijeljenje rana i smanjenje osjeta i trnci u \u0161akama i stopalima.<\/span><\/p>\n<p><img loading=\"lazy\" decoding=\"async\" class=\"alignnone wp-image-97810 size-full\" src=\"https:\/\/gorica.info\/wp-content\/uploads\/2025\/11\/secerna-bolest-vg-9.jpg\" alt=\"\" width=\"1500\" height=\"1125\" srcset=\"https:\/\/gorica.info\/wp-content\/uploads\/2025\/11\/secerna-bolest-vg-9.jpg 1500w, https:\/\/gorica.info\/wp-content\/uploads\/2025\/11\/secerna-bolest-vg-9-300x225.jpg 300w, https:\/\/gorica.info\/wp-content\/uploads\/2025\/11\/secerna-bolest-vg-9-1024x768.jpg 1024w, https:\/\/gorica.info\/wp-content\/uploads\/2025\/11\/secerna-bolest-vg-9-768x576.jpg 768w, https:\/\/gorica.info\/wp-content\/uploads\/2025\/11\/secerna-bolest-vg-9-16x12.jpg 16w, https:\/\/gorica.info\/wp-content\/uploads\/2025\/11\/secerna-bolest-vg-9-750x563.jpg 750w, https:\/\/gorica.info\/wp-content\/uploads\/2025\/11\/secerna-bolest-vg-9-1140x855.jpg 1140w\" sizes=\"(max-width: 1500px) 100vw, 1500px\" \/><\/p>\n<p><span style=\"font-size: 20px\">U lije\u010denju \u0161e\u0107erne bolesti je, osim bolesnika, potrebno uklju\u010diti i njegovu obitelj. \u010clanovi obitelji trebaju znati \u0161to \u010diniti u slu\u010daju izrazito niskih ili visokih vrijednosti \u0161e\u0107era u krvi.<\/span><\/p>\n<p><img loading=\"lazy\" decoding=\"async\" class=\"alignnone wp-image-97808 size-full\" src=\"https:\/\/gorica.info\/wp-content\/uploads\/2025\/11\/secerna-bolest-vg-7.jpg\" alt=\"\" width=\"1500\" height=\"1125\" srcset=\"https:\/\/gorica.info\/wp-content\/uploads\/2025\/11\/secerna-bolest-vg-7.jpg 1500w, https:\/\/gorica.info\/wp-content\/uploads\/2025\/11\/secerna-bolest-vg-7-300x225.jpg 300w, https:\/\/gorica.info\/wp-content\/uploads\/2025\/11\/secerna-bolest-vg-7-1024x768.jpg 1024w, https:\/\/gorica.info\/wp-content\/uploads\/2025\/11\/secerna-bolest-vg-7-768x576.jpg 768w, https:\/\/gorica.info\/wp-content\/uploads\/2025\/11\/secerna-bolest-vg-7-16x12.jpg 16w, https:\/\/gorica.info\/wp-content\/uploads\/2025\/11\/secerna-bolest-vg-7-750x563.jpg 750w, https:\/\/gorica.info\/wp-content\/uploads\/2025\/11\/secerna-bolest-vg-7-1140x855.jpg 1140w\" sizes=\"(max-width: 1500px) 100vw, 1500px\" \/><\/p>\n<p><span style=\"font-size: 20px\">Tako\u0111er, osim terapije lijekovima, potrebne su promjene \u017eivotnih navika, pa podr\u0161ka obitelji i kvalitetna komunikacija me\u0111u njenim \u010dlanovima zna\u010dajno doprinosi kvaliteti lije\u010denja i smanjenu rizika od pojave komplikacija.<\/span><\/p>\n<p><span style=\"font-size: 20px\">Pravovremenim postavljanjem dijagnoze, odgovaraju\u0107im lije\u010denjem, promjenom \u017eivotnog stila i potporom \u010dlanova obitelji mogu\u0107e je sprije\u010diti komplikacije \u0161e\u0107erne bolesti.<\/span><\/p>\n<p><span style=\"font-size: 20px\">Ukoliko imate \u0161e\u0107ernu bolest va\u017eno je redovito i\u0107i na kontrole kod lije\u010dnika, iako se mo\u017eda osje\u0107ate dobro i nemate tegobe. Kasne komplikacije \u0161e\u0107erne bolesti razvijaju se tiho i na po\u010detku ne daju simptome no upravo ih je tad va\u017eno otkriti, kako bi se njihov razvoj usporio ili potpuno zaustavio, poru\u010duju lije\u010dnici.<\/span><\/p>\n<p><img loading=\"lazy\" decoding=\"async\" class=\"alignnone wp-image-97803 size-full\" src=\"https:\/\/gorica.info\/wp-content\/uploads\/2025\/11\/secerna-bolest-vg2.jpg\" alt=\"\u0161e\u0107er\" width=\"1500\" height=\"1125\" srcset=\"https:\/\/gorica.info\/wp-content\/uploads\/2025\/11\/secerna-bolest-vg2.jpg 1500w, https:\/\/gorica.info\/wp-content\/uploads\/2025\/11\/secerna-bolest-vg2-300x225.jpg 300w, https:\/\/gorica.info\/wp-content\/uploads\/2025\/11\/secerna-bolest-vg2-1024x768.jpg 1024w, https:\/\/gorica.info\/wp-content\/uploads\/2025\/11\/secerna-bolest-vg2-768x576.jpg 768w, https:\/\/gorica.info\/wp-content\/uploads\/2025\/11\/secerna-bolest-vg2-16x12.jpg 16w, https:\/\/gorica.info\/wp-content\/uploads\/2025\/11\/secerna-bolest-vg2-750x563.jpg 750w, https:\/\/gorica.info\/wp-content\/uploads\/2025\/11\/secerna-bolest-vg2-1140x855.jpg 1140w\" sizes=\"(max-width: 1500px) 100vw, 1500px\" \/><img loading=\"lazy\" decoding=\"async\" class=\"alignnone wp-image-97806 size-full\" src=\"https:\/\/gorica.info\/wp-content\/uploads\/2025\/11\/secerna-bolest-vg-5.jpg\" alt=\"\u0161e\u0107er\" width=\"1500\" height=\"1125\" srcset=\"https:\/\/gorica.info\/wp-content\/uploads\/2025\/11\/secerna-bolest-vg-5.jpg 1500w, https:\/\/gorica.info\/wp-content\/uploads\/2025\/11\/secerna-bolest-vg-5-300x225.jpg 300w, https:\/\/gorica.info\/wp-content\/uploads\/2025\/11\/secerna-bolest-vg-5-1024x768.jpg 1024w, https:\/\/gorica.info\/wp-content\/uploads\/2025\/11\/secerna-bolest-vg-5-768x576.jpg 768w, https:\/\/gorica.info\/wp-content\/uploads\/2025\/11\/secerna-bolest-vg-5-16x12.jpg 16w, https:\/\/gorica.info\/wp-content\/uploads\/2025\/11\/secerna-bolest-vg-5-750x563.jpg 750w, https:\/\/gorica.info\/wp-content\/uploads\/2025\/11\/secerna-bolest-vg-5-1140x855.jpg 1140w\" sizes=\"(max-width: 1500px) 100vw, 1500px\" \/> <span style=\"font-size: 20px\">\u00a0 <em>Programski sadr\u017eaj nastao u suradnji sa Zagreba\u010dkom \u017eupanijom<\/em>\u00a0<\/span><\/p>","protected":false},"excerpt":{"rendered":"<p>Preventivni pregledi, poput mjerenja glukoze u krvi i krvnog tlaka, omogu\u0107uju rano otkrivanje poreme\u0107aja koji se mogu razvijati neprimjetno. Visok \u0161e\u0107er u krvi i povi\u0161en tlak \u010desto ne uzrokuju bol ili jasne tegobe, pa mnogi gra\u0111ani ne znaju da imaju problem sve dok se ne pojave ozbiljne komplikacije. Povodom Svjetskog dana \u0161e\u0107erne bolesti, patrona\u017ene sestre [&hellip;]<\/p>\n","protected":false},"author":23,"featured_media":97809,"comment_status":"closed","ping_status":"closed","sticky":false,"template":"","format":"standard","meta":{"limit_modified_date":"1","last_modified_date":"","jnews-multi-image_gallery":[],"jnews_single_post":{"format":"standard","override":[{"template":"3","parallax":"1","fullscreen":"1","layout":"right-sidebar","sidebar":"default-sidebar","second_sidebar":"default-sidebar","sticky_sidebar":"1","share_position":"top","share_float_style":"share-monocrhome","show_featured":"1","show_post_meta":"1","show_post_author":"1","show_post_author_image":"1","show_post_date":"1","post_date_format":"default","post_date_format_custom":"Y\/m\/d","show_post_category":"1","show_post_reading_time":"1","post_reading_time_wpm":"300","post_calculate_word_method":"str_word_count","zoom_button_out_step":"2","zoom_button_in_step":"3","show_post_tag":"1","show_popup_post":"1","show_comment_section":"1","number_popup_post":"1","show_post_related":"1"}],"image_override":[{"single_post_thumbnail_size":"crop-500","single_post_gallery_size":"crop-500"}],"trending_post_position":"meta","trending_post_label":"Trending","sponsored_post_label":"Sponsored by","disable_ad":"0","subtitle":"Gra\u0111anima je omogu\u0107eno besplatno mjerenje \u0161e\u0107era u krvi i tlaka, kao i individualno savjetovanje o rizicima, prevenciji i ranom otkrivanju dijabetesa"},"jnews_primary_category":[],"jnews_override_counter":{"view_counter_number":"0","share_counter_number":"0","like_counter_number":"0","dislike_counter_number":"0"},"footnotes":""},"categories":[87],"tags":[2186,6810,18115,5647,2189,15549,15554,7939],"class_list":["post-97801","post","type-post","status-publish","format-standard","has-post-thumbnail","hentry","category-gorica","tag-dijabetes","tag-patronazna-sluzba","tag-patronazne-sestre","tag-secer","tag-secerna-bolest","tag-velika-gorica-danas","tag-vg-vijesti","tag-visoki-krvni-tlak"],"yoast_head":"<!-- This site is optimized with the Yoast SEO Premium plugin v27.4 (Yoast SEO v27.4) - https:\/\/yoast.com\/product\/yoast-seo-premium-wordpress\/ -->\n<title>Patrona\u017ena slu\u017eba obilje\u017eila Svjetski dan dijabetesa mjerenjem \u0161e\u0107era i tlaka - Gorica Info<\/title>\n<meta name=\"description\" content=\"Visok \u0161e\u0107er u krvi i povi\u0161en tlak \u010desto ne uzrokuju bol ili jasne tegobe, pa mnogi gra\u0111ani ne znaju da imaju ozbiljne pote\u0161ko\u0107e.\" \/>\n<meta name=\"robots\" content=\"index, follow, max-snippet:-1, max-image-preview:large, max-video-preview:-1\" \/>\n<link rel=\"canonical\" href=\"https:\/\/gorica.info\/en\/patronazna-sluzba-obiljezila-svjetski-dan-dijabetesa-mjerenjem-secera-i-tlaka\/\" \/>\n<meta property=\"og:locale\" content=\"en_US\" \/>\n<meta property=\"og:type\" content=\"article\" \/>\n<meta property=\"og:title\" content=\"Patrona\u017ena slu\u017eba obilje\u017eila Svjetski dan dijabetesa mjerenjem \u0161e\u0107era i tlaka\" \/>\n<meta property=\"og:description\" content=\"Visok \u0161e\u0107er u krvi i povi\u0161en tlak \u010desto ne uzrokuju bol ili jasne tegobe, pa mnogi gra\u0111ani ne znaju da imaju ozbiljne pote\u0161ko\u0107e.\" \/>\n<meta property=\"og:url\" content=\"https:\/\/gorica.info\/en\/patronazna-sluzba-obiljezila-svjetski-dan-dijabetesa-mjerenjem-secera-i-tlaka\/\" \/>\n<meta property=\"og:site_name\" content=\"Gorica Info\" \/>\n<meta property=\"article:publisher\" content=\"https:\/\/www.facebook.com\/Goricainfo-106005144489262\" \/>\n<meta property=\"article:published_time\" content=\"2025-11-14T11:38:21+00:00\" \/>\n<meta property=\"article:modified_time\" content=\"2026-01-13T07:45:50+00:00\" \/>\n<meta property=\"og:image\" content=\"https:\/\/gorica.info\/wp-content\/uploads\/2025\/11\/secerna-bolest-vg-8-e1763123048441.jpg\" \/>\n\t<meta property=\"og:image:width\" content=\"1500\" \/>\n\t<meta property=\"og:image:height\" content=\"978\" \/>\n\t<meta property=\"og:image:type\" content=\"image\/jpeg\" \/>\n<meta name=\"author\" content=\"Gorica. info\" \/>\n<meta name=\"twitter:card\" content=\"summary_large_image\" \/>\n<meta name=\"twitter:creator\" content=\"@GoricaInfo\" \/>\n<meta name=\"twitter:site\" content=\"@GoricaInfo\" \/>\n<meta name=\"twitter:label1\" content=\"Written by\" \/>\n\t<meta name=\"twitter:data1\" content=\"Gorica. info\" \/>\n\t<meta name=\"twitter:label2\" content=\"Est. reading time\" \/>\n\t<meta name=\"twitter:data2\" content=\"5 minutes\" \/>\n<meta name=\"geo.placename\" content=\"Velika Gorica\" \/>\n<meta name=\"geo.region\" content=\"Croatia\" \/>\n<!-- \/ Yoast SEO Premium plugin. -->","yoast_head_json":{"title":"Patrona\u017ena slu\u017eba obilje\u017eila Svjetski dan dijabetesa mjerenjem \u0161e\u0107era i tlaka - Gorica Info","description":"Visok \u0161e\u0107er u krvi i povi\u0161en tlak \u010desto ne uzrokuju bol ili jasne tegobe, pa mnogi gra\u0111ani ne znaju da imaju ozbiljne pote\u0161ko\u0107e.","robots":{"index":"index","follow":"follow","max-snippet":"max-snippet:-1","max-image-preview":"max-image-preview:large","max-video-preview":"max-video-preview:-1"},"canonical":"https:\/\/gorica.info\/en\/patronazna-sluzba-obiljezila-svjetski-dan-dijabetesa-mjerenjem-secera-i-tlaka\/","og_locale":"en_US","og_type":"article","og_title":"Patrona\u017ena slu\u017eba obilje\u017eila Svjetski dan dijabetesa mjerenjem \u0161e\u0107era i tlaka","og_description":"Visok \u0161e\u0107er u krvi i povi\u0161en tlak \u010desto ne uzrokuju bol ili jasne tegobe, pa mnogi gra\u0111ani ne znaju da imaju ozbiljne pote\u0161ko\u0107e.","og_url":"https:\/\/gorica.info\/en\/patronazna-sluzba-obiljezila-svjetski-dan-dijabetesa-mjerenjem-secera-i-tlaka\/","og_site_name":"Gorica Info","article_publisher":"https:\/\/www.facebook.com\/Goricainfo-106005144489262","article_published_time":"2025-11-14T11:38:21+00:00","article_modified_time":"2026-01-13T07:45:50+00:00","og_image":[{"width":1500,"height":978,"url":"https:\/\/gorica.info\/wp-content\/uploads\/2025\/11\/secerna-bolest-vg-8-e1763123048441.jpg","type":"image\/jpeg"}],"author":"Gorica. info","twitter_card":"summary_large_image","twitter_creator":"@GoricaInfo","twitter_site":"@GoricaInfo","twitter_misc":{"Written by":"Gorica. info","Est. reading time":"5 minutes"},"schema":{"@context":"https:\/\/schema.org","@graph":[{"@type":"NewsArticle","@id":"https:\/\/gorica.info\/patronazna-sluzba-obiljezila-svjetski-dan-dijabetesa-mjerenjem-secera-i-tlaka\/#article","isPartOf":{"@id":"https:\/\/gorica.info\/patronazna-sluzba-obiljezila-svjetski-dan-dijabetesa-mjerenjem-secera-i-tlaka\/"},"author":{"name":"Gorica. info","@id":"https:\/\/gorica.info\/#\/schema\/person\/4499af1f22f322670b9b5977ccc2e3de"},"headline":"Patrona\u017ena slu\u017eba obilje\u017eila Svjetski dan dijabetesa mjerenjem \u0161e\u0107era i tlaka","datePublished":"2025-11-14T11:38:21+00:00","dateModified":"2026-01-13T07:45:50+00:00","mainEntityOfPage":{"@id":"https:\/\/gorica.info\/patronazna-sluzba-obiljezila-svjetski-dan-dijabetesa-mjerenjem-secera-i-tlaka\/"},"wordCount":611,"publisher":{"@id":"https:\/\/gorica.info\/#organization"},"image":{"@id":"https:\/\/gorica.info\/patronazna-sluzba-obiljezila-svjetski-dan-dijabetesa-mjerenjem-secera-i-tlaka\/#primaryimage"},"thumbnailUrl":"https:\/\/gorica.info\/wp-content\/uploads\/2025\/11\/secerna-bolest-vg-8-e1763123048441.jpg","keywords":["dijabetes","patrona\u017ena slu\u017eba","patrona\u017ene sestre","\u0161e\u0107er","\u0161e\u0107erna bolest","velika gorica danas","vg vijesti","visoki krvni tlak"],"articleSection":["GORICA"],"inLanguage":"en-US","copyrightYear":"2025","copyrightHolder":{"@id":"https:\/\/gorica.info\/en\/#organization"}},{"@type":"WebPage","@id":"https:\/\/gorica.info\/patronazna-sluzba-obiljezila-svjetski-dan-dijabetesa-mjerenjem-secera-i-tlaka\/","url":"https:\/\/gorica.info\/patronazna-sluzba-obiljezila-svjetski-dan-dijabetesa-mjerenjem-secera-i-tlaka\/","name":"Patrona\u017ena slu\u017eba obilje\u017eila Svjetski dan dijabetesa mjerenjem \u0161e\u0107era i tlaka - Gorica Info","isPartOf":{"@id":"https:\/\/gorica.info\/#website"},"primaryImageOfPage":{"@id":"https:\/\/gorica.info\/patronazna-sluzba-obiljezila-svjetski-dan-dijabetesa-mjerenjem-secera-i-tlaka\/#primaryimage"},"image":{"@id":"https:\/\/gorica.info\/patronazna-sluzba-obiljezila-svjetski-dan-dijabetesa-mjerenjem-secera-i-tlaka\/#primaryimage"},"thumbnailUrl":"https:\/\/gorica.info\/wp-content\/uploads\/2025\/11\/secerna-bolest-vg-8-e1763123048441.jpg","datePublished":"2025-11-14T11:38:21+00:00","dateModified":"2026-01-13T07:45:50+00:00","description":"Visok \u0161e\u0107er u krvi i povi\u0161en tlak \u010desto ne uzrokuju bol ili jasne tegobe, pa mnogi gra\u0111ani ne znaju da imaju ozbiljne pote\u0161ko\u0107e.","breadcrumb":{"@id":"https:\/\/gorica.info\/patronazna-sluzba-obiljezila-svjetski-dan-dijabetesa-mjerenjem-secera-i-tlaka\/#breadcrumb"},"inLanguage":"en-US","potentialAction":[{"@type":"ReadAction","target":["https:\/\/gorica.info\/patronazna-sluzba-obiljezila-svjetski-dan-dijabetesa-mjerenjem-secera-i-tlaka\/"]}]},{"@type":"ImageObject","inLanguage":"en-US","@id":"https:\/\/gorica.info\/patronazna-sluzba-obiljezila-svjetski-dan-dijabetesa-mjerenjem-secera-i-tlaka\/#primaryimage","url":"https:\/\/gorica.info\/wp-content\/uploads\/2025\/11\/secerna-bolest-vg-8-e1763123048441.jpg","contentUrl":"https:\/\/gorica.info\/wp-content\/uploads\/2025\/11\/secerna-bolest-vg-8-e1763123048441.jpg","width":1500,"height":978,"caption":"Foto: Gorica.info"},{"@type":"BreadcrumbList","@id":"https:\/\/gorica.info\/patronazna-sluzba-obiljezila-svjetski-dan-dijabetesa-mjerenjem-secera-i-tlaka\/#breadcrumb","itemListElement":[{"@type":"ListItem","position":1,"name":"Po\u010detna stranica","item":"https:\/\/gorica.info\/"},{"@type":"ListItem","position":2,"name":"Patrona\u017ena slu\u017eba obilje\u017eila Svjetski dan dijabetesa mjerenjem \u0161e\u0107era i tlaka"}]},{"@type":"WebSite","@id":"https:\/\/gorica.info\/#website","url":"https:\/\/gorica.info\/","name":"Gorica Info","description":"Vijesti iz Velike Gorice i okolice.","publisher":{"@id":"https:\/\/gorica.info\/#organization"},"potentialAction":[{"@type":"SearchAction","target":{"@type":"EntryPoint","urlTemplate":"https:\/\/gorica.info\/?s={search_term_string}"},"query-input":{"@type":"PropertyValueSpecification","valueRequired":true,"valueName":"search_term_string"}}],"inLanguage":"en-US"},{"@type":["Organization","Place","NewsMediaOrganization"],"@id":"https:\/\/gorica.info\/#organization","name":"Gorica Info","url":"https:\/\/gorica.info\/","logo":{"@id":"https:\/\/gorica.info\/patronazna-sluzba-obiljezila-svjetski-dan-dijabetesa-mjerenjem-secera-i-tlaka\/#local-main-organization-logo"},"image":{"@id":"https:\/\/gorica.info\/patronazna-sluzba-obiljezila-svjetski-dan-dijabetesa-mjerenjem-secera-i-tlaka\/#local-main-organization-logo"},"sameAs":["https:\/\/www.facebook.com\/Goricainfo-106005144489262","https:\/\/x.com\/GoricaInfo","https:\/\/www.instagram.com\/gorica.info\/"],"address":{"@id":"https:\/\/gorica.info\/patronazna-sluzba-obiljezila-svjetski-dan-dijabetesa-mjerenjem-secera-i-tlaka\/#local-main-place-address"},"telephone":[],"openingHoursSpecification":[{"@type":"OpeningHoursSpecification","dayOfWeek":["Monday","Tuesday","Wednesday","Thursday","Friday","Saturday","Sunday"],"opens":"09:00","closes":"17:00"}],"email":"redakcija@gorica.info"},{"@type":"Person","@id":"https:\/\/gorica.info\/#\/schema\/person\/4499af1f22f322670b9b5977ccc2e3de","name":"Gorica. info","description":"Gorica.info je lokalni portal koji prati Veliku Goricu i okolici, svakodnevno donosi najnovije vijesti i pri\u010de, kulturna doga\u0111anja i aktualnosti koje oblikuju \u017eivot gra\u0111ana.","url":"https:\/\/gorica.info\/en\/author\/gorica-info\/"},{"@type":"PostalAddress","@id":"https:\/\/gorica.info\/patronazna-sluzba-obiljezila-svjetski-dan-dijabetesa-mjerenjem-secera-i-tlaka\/#local-main-place-address","streetAddress":"Horvatova 97","addressLocality":"Velika Gorica","postalCode":"10410","addressRegion":"Croatia","addressCountry":"HR"},{"@type":"ImageObject","inLanguage":"en-US","@id":"https:\/\/gorica.info\/patronazna-sluzba-obiljezila-svjetski-dan-dijabetesa-mjerenjem-secera-i-tlaka\/#local-main-organization-logo","url":"https:\/\/gorica.info\/wp-content\/uploads\/2024\/07\/Gorica-Info-Logo-mali.png","contentUrl":"https:\/\/gorica.info\/wp-content\/uploads\/2024\/07\/Gorica-Info-Logo-mali.png","width":450,"height":85,"caption":"Gorica Info"}]},"geo.placename":"Velika Gorica","geo.region":"Croatia"},"_links":{"self":[{"href":"https:\/\/gorica.info\/en\/wp-json\/wp\/v2\/posts\/97801","targetHints":{"allow":["GET"]}}],"collection":[{"href":"https:\/\/gorica.info\/en\/wp-json\/wp\/v2\/posts"}],"about":[{"href":"https:\/\/gorica.info\/en\/wp-json\/wp\/v2\/types\/post"}],"author":[{"embeddable":true,"href":"https:\/\/gorica.info\/en\/wp-json\/wp\/v2\/users\/23"}],"replies":[{"embeddable":true,"href":"https:\/\/gorica.info\/en\/wp-json\/wp\/v2\/comments?post=97801"}],"version-history":[{"count":2,"href":"https:\/\/gorica.info\/en\/wp-json\/wp\/v2\/posts\/97801\/revisions"}],"predecessor-version":[{"id":97812,"href":"https:\/\/gorica.info\/en\/wp-json\/wp\/v2\/posts\/97801\/revisions\/97812"}],"wp:featuredmedia":[{"embeddable":true,"href":"https:\/\/gorica.info\/en\/wp-json\/wp\/v2\/media\/97809"}],"wp:attachment":[{"href":"https:\/\/gorica.info\/en\/wp-json\/wp\/v2\/media?parent=97801"}],"wp:term":[{"taxonomy":"category","embeddable":true,"href":"https:\/\/gorica.info\/en\/wp-json\/wp\/v2\/categories?post=97801"},{"taxonomy":"post_tag","embeddable":true,"href":"https:\/\/gorica.info\/en\/wp-json\/wp\/v2\/tags?post=97801"}],"curies":[{"name":"wp","href":"https:\/\/api.w.org\/{rel}","templated":true}]}}