{"id":97945,"date":"2025-11-17T12:23:08","date_gmt":"2025-11-17T11:23:08","guid":{"rendered":"https:\/\/gorica.info\/?p=97945"},"modified":"2025-11-17T12:48:20","modified_gmt":"2025-11-17T11:48:20","slug":"mali-borci-s-velikim-srcem-danas-obiljezavamo-dan-palcica","status":"publish","type":"post","link":"https:\/\/gorica.info\/en\/mali-borci-s-velikim-srcem-danas-obiljezavamo-dan-palcica\/","title":{"rendered":"Mali borci s velikim srcem: Danas obilje\u017eavamo Dan pal\u010di\u0107a"},"content":{"rendered":"<p><span style=\"font-size: 20px\">Danas obilje\u017eavamo<strong> Dan pal\u010di\u0107a<\/strong> posve\u0107en <strong>prijevremeno ro\u0111enim bebama<\/strong>, njihovim obiteljima i stru\u010dnjacima koji svakodnevno brinu o njima. Iako te\u017ee svega nekoliko stotina grama, \u201cpal\u010di\u0107i\u201d u sebi nose nevjerojatnu snagu i borbenost. Oni su maleni, ali njihovi su koraci golemi.<\/span><\/p>\n<p><span style=\"font-size: 20px\">Pal\u010di\u0107ima nazivamo bebe <strong>ro\u0111ene prije 37. tjedna trudno\u0107e<\/strong>. Njihovi prvi dani nisu ispunjeni mirnim uspavankama i zagrljajima roditelja, nego svjetlima inkubatora, cjev\u010dicama i ti\u0161inom neonatalnih odjela. Ondje se odvija najve\u0107a borba \u2013 borba za svaki udisaj, gutljaj, gram i dan.<\/span><\/p>\n<p><span style=\"font-size: 20px\">Iza svakog pal\u010di\u0107a stoji <a href=\"https:\/\/gorica.info\/en\/danas-obiljezavamo-dan-prijevremeno-rodene-djece-upoznajte-palcicu-janu-iz-velike-gorice-koja-je-rodena-s-1350-grama-i-38-centimetara\/\">pri\u010da o hrabrosti<\/a>, ljubavi i neizvjesnosti.<\/span><\/p>\n<figure id=\"attachment_97947\" aria-describedby=\"caption-attachment-97947\" style=\"width: 1024px\" class=\"wp-caption alignnone\"><img fetchpriority=\"high\" decoding=\"async\" class=\"wp-image-97947 size-full\" src=\"https:\/\/gorica.info\/wp-content\/uploads\/2025\/11\/palcici-ai.jpg\" alt=\"dan pal\u010di\u0107a\" width=\"1024\" height=\"1024\" srcset=\"https:\/\/gorica.info\/wp-content\/uploads\/2025\/11\/palcici-ai.jpg 1024w, https:\/\/gorica.info\/wp-content\/uploads\/2025\/11\/palcici-ai-300x300.jpg 300w, https:\/\/gorica.info\/wp-content\/uploads\/2025\/11\/palcici-ai-150x150.jpg 150w, https:\/\/gorica.info\/wp-content\/uploads\/2025\/11\/palcici-ai-768x768.jpg 768w, https:\/\/gorica.info\/wp-content\/uploads\/2025\/11\/palcici-ai-12x12.jpg 12w, https:\/\/gorica.info\/wp-content\/uploads\/2025\/11\/palcici-ai-75x75.jpg 75w, https:\/\/gorica.info\/wp-content\/uploads\/2025\/11\/palcici-ai-350x350.jpg 350w, https:\/\/gorica.info\/wp-content\/uploads\/2025\/11\/palcici-ai-750x750.jpg 750w\" sizes=\"(max-width: 1024px) 100vw, 1024px\" \/><figcaption id=\"caption-attachment-97947\" class=\"wp-caption-text\">Foto:AI<\/figcaption><\/figure>\n<p><span style=\"font-size: 20px\">Prijevremeno ro\u0111eno novoro\u0111en\u010de zahtijeva poja\u010danu bolni\u010dku i izvanbolni\u010dku skrb jer zbog nezrelosti imaju ve\u0107i rizik razvoja razli\u010ditih komplikacija koje rezultiraju pove\u0107anim pobolom i smrtno\u0161\u0107u. Osobito je ugro\u017eena novoro\u0111en\u010dad ispod navr\u0161ena 32 tjedna trudno\u0107e i s porodnom masom manjom od 1500 grama.<\/span><\/p>\n<p><span style=\"font-size: 20px\"> Pre\u017eivljavanje i daljnji ishod lije\u010denja tijekom novoro\u0111ena\u010dkog i poslijenovoro\u0111ena\u010dkog razdoblja ove skupine novoro\u0111en\u010dadi uvelike ovisi o dostupnosti posebno educiranih stru\u010dnjaka razli\u010ditih specijalnosti, potrebnim prostornim uvjetima i opremi, navode iz <a href=\"https:\/\/www.hzjz.hr\/sluzba-javno-zdravstvo\/medunarodni-dan-svjesnosti-o-prijevremenom-rodenju-2025-g\/\">Hrvatskog zavoda za javno zdravstvo<\/a>.<\/span><\/p>\n<p><span style=\"font-size: 20px\">U Hrvatskoj se godi\u0161nje prijevremeno rodi <strong>oko 2.000 novoro\u0111en\u010dadi<\/strong>, odnosno 6,0 \u2013 6,5 % \u017eivoro\u0111enih \u010diji udio u zadnjem desetlje\u0107u postupno raste.<\/span><\/p>","protected":false},"excerpt":{"rendered":"<p>Danas obilje\u017eavamo Dan pal\u010di\u0107a posve\u0107en prijevremeno ro\u0111enim bebama, njihovim obiteljima i stru\u010dnjacima koji svakodnevno brinu o njima. Iako te\u017ee svega nekoliko stotina grama, \u201cpal\u010di\u0107i\u201d u sebi nose nevjerojatnu snagu i borbenost. Oni su maleni, ali njihovi su koraci golemi. Pal\u010di\u0107ima nazivamo bebe ro\u0111ene prije 37. tjedna trudno\u0107e. Njihovi prvi dani nisu ispunjeni mirnim uspavankama i [&hellip;]<\/p>\n","protected":false},"author":23,"featured_media":97946,"comment_status":"closed","ping_status":"closed","sticky":false,"template":"","format":"standard","meta":{"limit_modified_date":"1","last_modified_date":"","jnews-multi-image_gallery":[],"jnews_single_post":{"subtitle":"Pal\u010di\u0107ima nazivamo bebe ro\u0111ene prije 37. tjedna trudno\u0107e \/\/\/ Njihovi prvi dani nisu ispunjeni mirnim uspavankama i zagrljajima roditelja, nego svjetlima inkubatora, cjev\u010dicama i ti\u0161inom neonatalnih odjela \/\/\/","format":"standard","override":[{"template":"3","parallax":"1","fullscreen":"1","layout":"right-sidebar","sidebar":"default-sidebar","second_sidebar":"default-sidebar","sticky_sidebar":"1","share_position":"top","share_float_style":"share-monocrhome","show_featured":"1","show_post_meta":"1","show_post_author":"1","show_post_author_image":"1","show_post_date":"1","post_date_format":"default","post_date_format_custom":"Y\/m\/d","show_post_category":"1","show_post_reading_time":"1","post_reading_time_wpm":"300","post_calculate_word_method":"str_word_count","zoom_button_out_step":"2","zoom_button_in_step":"3","show_post_tag":"1","show_popup_post":"1","show_comment_section":"1","number_popup_post":"1","show_post_related":"1"}],"image_override":[{"single_post_thumbnail_size":"crop-500","single_post_gallery_size":"crop-500"}],"trending_post_position":"meta","trending_post_label":"Trending","sponsored_post_label":"Sponsored by","disable_ad":"0"},"jnews_primary_category":[],"jnews_override_counter":{"view_counter_number":"0","share_counter_number":"0","like_counter_number":"0","dislike_counter_number":"0"},"footnotes":""},"categories":[109],"tags":[21163,21166,21165,21169,7879,21170,21168,21167,21164,21171],"class_list":["post-97945","post","type-post","status-publish","format-standard","has-post-thumbnail","hentry","category-zivot","tag-dan-palcica","tag-inkubator","tag-neonatalna-skrb","tag-neonatologija","tag-palcici","tag-palcici-hrvatska","tag-podrska-roditeljima","tag-prijevremeno-rodene-bebe","tag-prijevremeno-rodenje","tag-svijest-o-palcicim"],"yoast_head":"<!-- This site is optimized with the Yoast SEO Premium plugin v27.5 (Yoast SEO v27.5) - https:\/\/yoast.com\/product\/yoast-seo-premium-wordpress\/ -->\n<title>Mali borci s velikim srcem: Danas obilje\u017eavamo Dan pal\u010di\u0107a - Gorica Info<\/title>\n<meta name=\"description\" content=\"U Hrvatskoj se godi\u0161nje prijevremeno rodi oko 2.000 novoro\u0111en\u010dadi. Danas obilje\u017eavamo Dan pal\u010di\u0107a posve\u0107en malim borcima.\" \/>\n<meta name=\"robots\" content=\"index, follow, max-snippet:-1, max-image-preview:large, max-video-preview:-1\" \/>\n<link rel=\"canonical\" href=\"https:\/\/gorica.info\/en\/mali-borci-s-velikim-srcem-danas-obiljezavamo-dan-palcica\/\" \/>\n<meta property=\"og:locale\" content=\"en_US\" \/>\n<meta property=\"og:type\" content=\"article\" \/>\n<meta property=\"og:title\" content=\"Mali borci s velikim srcem: Danas obilje\u017eavamo Dan pal\u010di\u0107a\" \/>\n<meta property=\"og:description\" content=\"U Hrvatskoj se godi\u0161nje prijevremeno rodi oko 2.000 novoro\u0111en\u010dadi. Danas obilje\u017eavamo Dan pal\u010di\u0107a posve\u0107en malim borcima.\" \/>\n<meta property=\"og:url\" content=\"https:\/\/gorica.info\/en\/mali-borci-s-velikim-srcem-danas-obiljezavamo-dan-palcica\/\" \/>\n<meta property=\"og:site_name\" content=\"Gorica Info\" \/>\n<meta property=\"article:publisher\" content=\"https:\/\/www.facebook.com\/Goricainfo-106005144489262\" \/>\n<meta property=\"article:published_time\" content=\"2025-11-17T11:23:08+00:00\" \/>\n<meta property=\"article:modified_time\" content=\"2025-11-17T11:48:20+00:00\" \/>\n<meta property=\"og:image\" content=\"https:\/\/gorica.info\/wp-content\/uploads\/2025\/11\/novorodence-freepik.jpg\" \/>\n\t<meta property=\"og:image:width\" content=\"1000\" \/>\n\t<meta property=\"og:image:height\" content=\"667\" \/>\n\t<meta property=\"og:image:type\" content=\"image\/jpeg\" \/>\n<meta name=\"author\" content=\"Gorica. info\" \/>\n<meta name=\"twitter:card\" content=\"summary_large_image\" \/>\n<meta name=\"twitter:creator\" content=\"@GoricaInfo\" \/>\n<meta name=\"twitter:site\" content=\"@GoricaInfo\" \/>\n<meta name=\"twitter:label1\" content=\"Written by\" \/>\n\t<meta name=\"twitter:data1\" content=\"Gorica. info\" \/>\n\t<meta name=\"twitter:label2\" content=\"Est. reading time\" \/>\n\t<meta name=\"twitter:data2\" content=\"2 minutes\" \/>\n<meta name=\"geo.placename\" content=\"Velika Gorica\" \/>\n<meta name=\"geo.region\" content=\"Croatia\" \/>\n<!-- \/ Yoast SEO Premium plugin. -->","yoast_head_json":{"title":"Mali borci s velikim srcem: Danas obilje\u017eavamo Dan pal\u010di\u0107a - Gorica Info","description":"U Hrvatskoj se godi\u0161nje prijevremeno rodi oko 2.000 novoro\u0111en\u010dadi. Danas obilje\u017eavamo Dan pal\u010di\u0107a posve\u0107en malim borcima.","robots":{"index":"index","follow":"follow","max-snippet":"max-snippet:-1","max-image-preview":"max-image-preview:large","max-video-preview":"max-video-preview:-1"},"canonical":"https:\/\/gorica.info\/en\/mali-borci-s-velikim-srcem-danas-obiljezavamo-dan-palcica\/","og_locale":"en_US","og_type":"article","og_title":"Mali borci s velikim srcem: Danas obilje\u017eavamo Dan pal\u010di\u0107a","og_description":"U Hrvatskoj se godi\u0161nje prijevremeno rodi oko 2.000 novoro\u0111en\u010dadi. Danas obilje\u017eavamo Dan pal\u010di\u0107a posve\u0107en malim borcima.","og_url":"https:\/\/gorica.info\/en\/mali-borci-s-velikim-srcem-danas-obiljezavamo-dan-palcica\/","og_site_name":"Gorica Info","article_publisher":"https:\/\/www.facebook.com\/Goricainfo-106005144489262","article_published_time":"2025-11-17T11:23:08+00:00","article_modified_time":"2025-11-17T11:48:20+00:00","og_image":[{"width":1000,"height":667,"url":"https:\/\/gorica.info\/wp-content\/uploads\/2025\/11\/novorodence-freepik.jpg","type":"image\/jpeg"}],"author":"Gorica. info","twitter_card":"summary_large_image","twitter_creator":"@GoricaInfo","twitter_site":"@GoricaInfo","twitter_misc":{"Written by":"Gorica. info","Est. reading time":"2 minutes"},"schema":{"@context":"https:\/\/schema.org","@graph":[{"@type":"NewsArticle","@id":"https:\/\/gorica.info\/mali-borci-s-velikim-srcem-danas-obiljezavamo-dan-palcica\/#article","isPartOf":{"@id":"https:\/\/gorica.info\/mali-borci-s-velikim-srcem-danas-obiljezavamo-dan-palcica\/"},"author":{"name":"Gorica. info","@id":"https:\/\/gorica.info\/#\/schema\/person\/4499af1f22f322670b9b5977ccc2e3de"},"headline":"Mali borci s velikim srcem: Danas obilje\u017eavamo Dan pal\u010di\u0107a","datePublished":"2025-11-17T11:23:08+00:00","dateModified":"2025-11-17T11:48:20+00:00","mainEntityOfPage":{"@id":"https:\/\/gorica.info\/mali-borci-s-velikim-srcem-danas-obiljezavamo-dan-palcica\/"},"wordCount":247,"publisher":{"@id":"https:\/\/gorica.info\/#organization"},"image":{"@id":"https:\/\/gorica.info\/mali-borci-s-velikim-srcem-danas-obiljezavamo-dan-palcica\/#primaryimage"},"thumbnailUrl":"https:\/\/gorica.info\/wp-content\/uploads\/2025\/11\/novorodence-freepik.jpg","keywords":["dan pal\u010di\u010da","inkubator","neonatalna skrb","neonatologija","pal\u010di\u0107i","pal\u010di\u0107i Hrvatska","podr\u0161ka roditeljima","prijevremeno ro\u0111ene bebe","prijevremeno ro\u0111enje","svijest o pal\u010di\u0107im"],"articleSection":["\u017dIVOT"],"inLanguage":"en-US","copyrightYear":"2025","copyrightHolder":{"@id":"https:\/\/gorica.info\/en\/#organization"}},{"@type":"WebPage","@id":"https:\/\/gorica.info\/mali-borci-s-velikim-srcem-danas-obiljezavamo-dan-palcica\/","url":"https:\/\/gorica.info\/mali-borci-s-velikim-srcem-danas-obiljezavamo-dan-palcica\/","name":"Mali borci s velikim srcem: Danas obilje\u017eavamo Dan pal\u010di\u0107a - Gorica Info","isPartOf":{"@id":"https:\/\/gorica.info\/#website"},"primaryImageOfPage":{"@id":"https:\/\/gorica.info\/mali-borci-s-velikim-srcem-danas-obiljezavamo-dan-palcica\/#primaryimage"},"image":{"@id":"https:\/\/gorica.info\/mali-borci-s-velikim-srcem-danas-obiljezavamo-dan-palcica\/#primaryimage"},"thumbnailUrl":"https:\/\/gorica.info\/wp-content\/uploads\/2025\/11\/novorodence-freepik.jpg","datePublished":"2025-11-17T11:23:08+00:00","dateModified":"2025-11-17T11:48:20+00:00","description":"U Hrvatskoj se godi\u0161nje prijevremeno rodi oko 2.000 novoro\u0111en\u010dadi. Danas obilje\u017eavamo Dan pal\u010di\u0107a posve\u0107en malim borcima.","breadcrumb":{"@id":"https:\/\/gorica.info\/mali-borci-s-velikim-srcem-danas-obiljezavamo-dan-palcica\/#breadcrumb"},"inLanguage":"en-US","potentialAction":[{"@type":"ReadAction","target":["https:\/\/gorica.info\/mali-borci-s-velikim-srcem-danas-obiljezavamo-dan-palcica\/"]}]},{"@type":"ImageObject","inLanguage":"en-US","@id":"https:\/\/gorica.info\/mali-borci-s-velikim-srcem-danas-obiljezavamo-dan-palcica\/#primaryimage","url":"https:\/\/gorica.info\/wp-content\/uploads\/2025\/11\/novorodence-freepik.jpg","contentUrl":"https:\/\/gorica.info\/wp-content\/uploads\/2025\/11\/novorodence-freepik.jpg","width":1000,"height":667,"caption":"Foto: Freepik"},{"@type":"BreadcrumbList","@id":"https:\/\/gorica.info\/mali-borci-s-velikim-srcem-danas-obiljezavamo-dan-palcica\/#breadcrumb","itemListElement":[{"@type":"ListItem","position":1,"name":"Po\u010detna stranica","item":"https:\/\/gorica.info\/"},{"@type":"ListItem","position":2,"name":"Mali borci s velikim srcem: Danas obilje\u017eavamo Dan pal\u010di\u0107a"}]},{"@type":"WebSite","@id":"https:\/\/gorica.info\/#website","url":"https:\/\/gorica.info\/","name":"Gorica Info","description":"Vijesti iz Velike Gorice i okolice.","publisher":{"@id":"https:\/\/gorica.info\/#organization"},"potentialAction":[{"@type":"SearchAction","target":{"@type":"EntryPoint","urlTemplate":"https:\/\/gorica.info\/?s={search_term_string}"},"query-input":{"@type":"PropertyValueSpecification","valueRequired":true,"valueName":"search_term_string"}}],"inLanguage":"en-US"},{"@type":["Organization","Place","NewsMediaOrganization"],"@id":"https:\/\/gorica.info\/#organization","name":"Gorica Info","url":"https:\/\/gorica.info\/","logo":{"@id":"https:\/\/gorica.info\/mali-borci-s-velikim-srcem-danas-obiljezavamo-dan-palcica\/#local-main-organization-logo"},"image":{"@id":"https:\/\/gorica.info\/mali-borci-s-velikim-srcem-danas-obiljezavamo-dan-palcica\/#local-main-organization-logo"},"sameAs":["https:\/\/www.facebook.com\/Goricainfo-106005144489262","https:\/\/x.com\/GoricaInfo","https:\/\/www.instagram.com\/gorica.info\/"],"address":{"@id":"https:\/\/gorica.info\/mali-borci-s-velikim-srcem-danas-obiljezavamo-dan-palcica\/#local-main-place-address"},"telephone":[],"openingHoursSpecification":[{"@type":"OpeningHoursSpecification","dayOfWeek":["Monday","Tuesday","Wednesday","Thursday","Friday","Saturday","Sunday"],"opens":"09:00","closes":"17:00"}],"email":"redakcija@gorica.info"},{"@type":"Person","@id":"https:\/\/gorica.info\/#\/schema\/person\/4499af1f22f322670b9b5977ccc2e3de","name":"Gorica. info","description":"Gorica.info je lokalni portal koji prati Veliku Goricu i okolici, svakodnevno donosi najnovije vijesti i pri\u010de, kulturna doga\u0111anja i aktualnosti koje oblikuju \u017eivot gra\u0111ana.","url":"https:\/\/gorica.info\/en\/author\/gorica-info\/"},{"@type":"PostalAddress","@id":"https:\/\/gorica.info\/mali-borci-s-velikim-srcem-danas-obiljezavamo-dan-palcica\/#local-main-place-address","streetAddress":"Horvatova 97","addressLocality":"Velika Gorica","postalCode":"10410","addressRegion":"Croatia","addressCountry":"HR"},{"@type":"ImageObject","inLanguage":"en-US","@id":"https:\/\/gorica.info\/mali-borci-s-velikim-srcem-danas-obiljezavamo-dan-palcica\/#local-main-organization-logo","url":"https:\/\/gorica.info\/wp-content\/uploads\/2024\/07\/Gorica-Info-Logo-mali.png","contentUrl":"https:\/\/gorica.info\/wp-content\/uploads\/2024\/07\/Gorica-Info-Logo-mali.png","width":450,"height":85,"caption":"Gorica Info"}]},"geo.placename":"Velika Gorica","geo.region":"Croatia"},"_links":{"self":[{"href":"https:\/\/gorica.info\/en\/wp-json\/wp\/v2\/posts\/97945","targetHints":{"allow":["GET"]}}],"collection":[{"href":"https:\/\/gorica.info\/en\/wp-json\/wp\/v2\/posts"}],"about":[{"href":"https:\/\/gorica.info\/en\/wp-json\/wp\/v2\/types\/post"}],"author":[{"embeddable":true,"href":"https:\/\/gorica.info\/en\/wp-json\/wp\/v2\/users\/23"}],"replies":[{"embeddable":true,"href":"https:\/\/gorica.info\/en\/wp-json\/wp\/v2\/comments?post=97945"}],"version-history":[{"count":1,"href":"https:\/\/gorica.info\/en\/wp-json\/wp\/v2\/posts\/97945\/revisions"}],"predecessor-version":[{"id":97948,"href":"https:\/\/gorica.info\/en\/wp-json\/wp\/v2\/posts\/97945\/revisions\/97948"}],"wp:featuredmedia":[{"embeddable":true,"href":"https:\/\/gorica.info\/en\/wp-json\/wp\/v2\/media\/97946"}],"wp:attachment":[{"href":"https:\/\/gorica.info\/en\/wp-json\/wp\/v2\/media?parent=97945"}],"wp:term":[{"taxonomy":"category","embeddable":true,"href":"https:\/\/gorica.info\/en\/wp-json\/wp\/v2\/categories?post=97945"},{"taxonomy":"post_tag","embeddable":true,"href":"https:\/\/gorica.info\/en\/wp-json\/wp\/v2\/tags?post=97945"}],"curies":[{"name":"wp","href":"https:\/\/api.w.org\/{rel}","templated":true}]}}