{"id":98036,"date":"2025-11-22T10:36:19","date_gmt":"2025-11-22T09:36:19","guid":{"rendered":"https:\/\/gorica.info\/?p=98036"},"modified":"2025-11-23T08:41:29","modified_gmt":"2025-11-23T07:41:29","slug":"martina-validzic-u-novom-serijalu-istrazuje-kako-popularne-tv-serije-utjecu-na-nase-zivote","status":"publish","type":"post","link":"https:\/\/gorica.info\/en\/martina-validzic-u-novom-serijalu-istrazuje-kako-popularne-tv-serije-utjecu-na-nase-zivote\/","title":{"rendered":"Martina Valid\u017ei\u0107 u novom serijalu istra\u017euje kako popularne TV serije utje\u010du na na\u0161e \u017eivote"},"content":{"rendered":"<p><span style=\"font-size: 20px\">Nagra\u0111ivana <a href=\"https:\/\/hrtprikazuje.hrt.hr\/dokumentarci\/serijski-brijaci-meksiko-12421194\">HTV-ova novinarka<\/a> i autorica <strong>Martina Valid\u017ei\u0107<\/strong> snimila je novi dokumentarni serijal <strong>\u201eSerijski brija\u010di&#8221;.<\/strong> U ponedjeljak, 24. studenoga pogledajte prvu od ukupno <strong>\u010detiri epizode<\/strong> novog dokumentarnog serijala.<\/span><\/p>\n<p><img fetchpriority=\"high\" decoding=\"async\" class=\"alignnone wp-image-98038 size-full\" src=\"https:\/\/gorica.info\/wp-content\/uploads\/2025\/11\/SERIJSKI_BRIJACI_ep_MEKSIKO_002B.jpg\" alt=\"\" width=\"1500\" height=\"844\" srcset=\"https:\/\/gorica.info\/wp-content\/uploads\/2025\/11\/SERIJSKI_BRIJACI_ep_MEKSIKO_002B.jpg 1500w, https:\/\/gorica.info\/wp-content\/uploads\/2025\/11\/SERIJSKI_BRIJACI_ep_MEKSIKO_002B-300x169.jpg 300w, https:\/\/gorica.info\/wp-content\/uploads\/2025\/11\/SERIJSKI_BRIJACI_ep_MEKSIKO_002B-1024x576.jpg 1024w, https:\/\/gorica.info\/wp-content\/uploads\/2025\/11\/SERIJSKI_BRIJACI_ep_MEKSIKO_002B-768x432.jpg 768w, https:\/\/gorica.info\/wp-content\/uploads\/2025\/11\/SERIJSKI_BRIJACI_ep_MEKSIKO_002B-18x10.jpg 18w, https:\/\/gorica.info\/wp-content\/uploads\/2025\/11\/SERIJSKI_BRIJACI_ep_MEKSIKO_002B-750x422.jpg 750w, https:\/\/gorica.info\/wp-content\/uploads\/2025\/11\/SERIJSKI_BRIJACI_ep_MEKSIKO_002B-1140x641.jpg 1140w\" sizes=\"(max-width: 1500px) 100vw, 1500px\" \/><\/p>\n<p><span style=\"font-size: 20px\">Martina Valid\u017ei\u0107 gledatelje vodi u <strong>Veliku Britaniju<\/strong>, <strong>Meksiko<\/strong>, <strong>Tursku<\/strong> i <strong>Ju\u017enu Koreju<\/strong>. A sve to kako bi na licu mjesta istra\u017eila <strong>fenomen gledanih televizijskih serija<\/strong> i kako one utje\u010du na na\u0161u svakida\u0161njicu.<\/span><\/p>\n<p><span style=\"font-size: 20px\">Meksi\u010dke telenovele, turski diziji, britanski krimi\u0107i i ju\u017enokorejske serije, tzv. K-drame, postali su audiovizualni ambasadori svojih zemalja, a istovremeno unaprijedili tamo\u0161nje gospodarstvo i turizam. Saznat \u0107emo koliki su obrisi stvarnosti iz serija stvarni na terenu.<\/span><\/p>\n<p><img decoding=\"async\" class=\"alignnone wp-image-98039 size-full\" src=\"https:\/\/gorica.info\/wp-content\/uploads\/2025\/11\/SERIJSKI_BRIJACI_ep_MEKSIKO_005.jpg\" alt=\"\" width=\"1500\" height=\"999\" srcset=\"https:\/\/gorica.info\/wp-content\/uploads\/2025\/11\/SERIJSKI_BRIJACI_ep_MEKSIKO_005.jpg 1500w, https:\/\/gorica.info\/wp-content\/uploads\/2025\/11\/SERIJSKI_BRIJACI_ep_MEKSIKO_005-300x200.jpg 300w, https:\/\/gorica.info\/wp-content\/uploads\/2025\/11\/SERIJSKI_BRIJACI_ep_MEKSIKO_005-1024x682.jpg 1024w, https:\/\/gorica.info\/wp-content\/uploads\/2025\/11\/SERIJSKI_BRIJACI_ep_MEKSIKO_005-768x511.jpg 768w, https:\/\/gorica.info\/wp-content\/uploads\/2025\/11\/SERIJSKI_BRIJACI_ep_MEKSIKO_005-18x12.jpg 18w, https:\/\/gorica.info\/wp-content\/uploads\/2025\/11\/SERIJSKI_BRIJACI_ep_MEKSIKO_005-750x500.jpg 750w, https:\/\/gorica.info\/wp-content\/uploads\/2025\/11\/SERIJSKI_BRIJACI_ep_MEKSIKO_005-1140x759.jpg 1140w\" sizes=\"(max-width: 1500px) 100vw, 1500px\" \/><\/p>\n<p><span style=\"font-size: 20px\">U prvoj epizodi Martina je s ekipom otputovala u <strong>Ciudad de M\u00e9xico<\/strong>. Esmeralda, Marisol, Otima\u010dica, neke su od nezaboravnih telenovela koje su pro\u0161le na\u0161im ekranima, ostavile traga u na\u0161im sje\u0107anjima, zbog nekih smo po\u010deli u\u010diti \u0161panjolski, a zbog nekih u\u010dili o meksi\u010dkoj kulturi i tradiciji.<\/span><\/p>\n<p><span style=\"font-size: 20px\">Martina je posjetila glasovitu Televisu, bila je u domu kod slavne glumice Leticije Calder\u00f3n, na festivalu mariachija u Guadalajari \u2013 sve kako bi istra\u017eila za\u0161to je ova televizijska forma postala i ostala najisplativiji meksi\u010dki TV proizvod.<\/span><\/p>\n<p><img decoding=\"async\" class=\"alignnone wp-image-98041 size-full\" src=\"https:\/\/gorica.info\/wp-content\/uploads\/2025\/11\/SERIJSKI_BRIJACI_ep_MEKSIKO_012A_ekipa_serije.jpg\" alt=\"martina valid\u017ei\u0107\" width=\"1500\" height=\"999\" srcset=\"https:\/\/gorica.info\/wp-content\/uploads\/2025\/11\/SERIJSKI_BRIJACI_ep_MEKSIKO_012A_ekipa_serije.jpg 1500w, https:\/\/gorica.info\/wp-content\/uploads\/2025\/11\/SERIJSKI_BRIJACI_ep_MEKSIKO_012A_ekipa_serije-300x200.jpg 300w, https:\/\/gorica.info\/wp-content\/uploads\/2025\/11\/SERIJSKI_BRIJACI_ep_MEKSIKO_012A_ekipa_serije-1024x682.jpg 1024w, https:\/\/gorica.info\/wp-content\/uploads\/2025\/11\/SERIJSKI_BRIJACI_ep_MEKSIKO_012A_ekipa_serije-768x511.jpg 768w, https:\/\/gorica.info\/wp-content\/uploads\/2025\/11\/SERIJSKI_BRIJACI_ep_MEKSIKO_012A_ekipa_serije-18x12.jpg 18w, https:\/\/gorica.info\/wp-content\/uploads\/2025\/11\/SERIJSKI_BRIJACI_ep_MEKSIKO_012A_ekipa_serije-750x500.jpg 750w, https:\/\/gorica.info\/wp-content\/uploads\/2025\/11\/SERIJSKI_BRIJACI_ep_MEKSIKO_012A_ekipa_serije-1140x759.jpg 1140w\" sizes=\"(max-width: 1500px) 100vw, 1500px\" \/><\/p>\n<p><span style=\"font-size: 20px\">Scenaristica, redateljica i novinarka Martina Valid\u017ei\u0107, monta\u017ea: <strong>Boris Luk\u0161a<\/strong>, <strong>Robert Cecelja<\/strong>, <strong>Matea \u0160ari\u0107<\/strong>, direktor fotografije: <strong>Igor Kne\u017eevi\u0107<\/strong>, snimatelji: <strong>Sini\u0161a Galar<\/strong> i <strong>Luk\u0161a Marotti<\/strong>.<\/span><\/p>\n<p><span style=\"font-size: 20px\">Dokumentarnu seriju mo\u017eete gledati <strong>ponedjeljkom od 20.15 sati<\/strong> na Prvome programu <a href=\"https:\/\/gorica.info\/en\/prica-iz-svakodnevnog-zivota-na-hrt-stize-humoristicna-serija-blaz-medu-zenama\/\">Hrvatske televizije<\/a>.<\/span><\/p>\n<p><img loading=\"lazy\" decoding=\"async\" class=\"alignnone wp-image-98040 size-full\" src=\"https:\/\/gorica.info\/wp-content\/uploads\/2025\/11\/SERIJSKI_BRIJACI_ep_MEKSIKO_006_LETICIA_CALDERON.jpg\" alt=\"martina valid\u017ei\u0107\" width=\"1500\" height=\"999\" srcset=\"https:\/\/gorica.info\/wp-content\/uploads\/2025\/11\/SERIJSKI_BRIJACI_ep_MEKSIKO_006_LETICIA_CALDERON.jpg 1500w, https:\/\/gorica.info\/wp-content\/uploads\/2025\/11\/SERIJSKI_BRIJACI_ep_MEKSIKO_006_LETICIA_CALDERON-300x200.jpg 300w, https:\/\/gorica.info\/wp-content\/uploads\/2025\/11\/SERIJSKI_BRIJACI_ep_MEKSIKO_006_LETICIA_CALDERON-1024x682.jpg 1024w, https:\/\/gorica.info\/wp-content\/uploads\/2025\/11\/SERIJSKI_BRIJACI_ep_MEKSIKO_006_LETICIA_CALDERON-768x511.jpg 768w, https:\/\/gorica.info\/wp-content\/uploads\/2025\/11\/SERIJSKI_BRIJACI_ep_MEKSIKO_006_LETICIA_CALDERON-18x12.jpg 18w, https:\/\/gorica.info\/wp-content\/uploads\/2025\/11\/SERIJSKI_BRIJACI_ep_MEKSIKO_006_LETICIA_CALDERON-750x500.jpg 750w, https:\/\/gorica.info\/wp-content\/uploads\/2025\/11\/SERIJSKI_BRIJACI_ep_MEKSIKO_006_LETICIA_CALDERON-1140x759.jpg 1140w\" sizes=\"(max-width: 1500px) 100vw, 1500px\" \/><\/p>","protected":false},"excerpt":{"rendered":"<p>Nagra\u0111ivana HTV-ova novinarka i autorica Martina Valid\u017ei\u0107 snimila je novi dokumentarni serijal \u201eSerijski brija\u010di&#8221;. U ponedjeljak, 24. studenoga pogledajte prvu od ukupno \u010detiri epizode novog dokumentarnog serijala. Martina Valid\u017ei\u0107 gledatelje vodi u Veliku Britaniju, Meksiko, Tursku i Ju\u017enu Koreju. A sve to kako bi na licu mjesta istra\u017eila fenomen gledanih televizijskih serija i kako one [&hellip;]<\/p>\n","protected":false},"author":25,"featured_media":98037,"comment_status":"closed","ping_status":"closed","sticky":false,"template":"","format":"standard","meta":{"limit_modified_date":"1","last_modified_date":"","jnews-multi-image_gallery":[],"jnews_single_post":{"format":"standard","override":[{"template":"3","parallax":"1","fullscreen":"1","layout":"right-sidebar","sidebar":"default-sidebar","second_sidebar":"default-sidebar","sticky_sidebar":"1","share_position":"top","share_float_style":"share-monocrhome","show_featured":"1","show_post_meta":"1","show_post_author":"1","show_post_author_image":"1","show_post_date":"1","post_date_format":"default","post_date_format_custom":"Y\/m\/d","show_post_category":"1","show_post_reading_time":"1","post_reading_time_wpm":"300","post_calculate_word_method":"str_word_count","zoom_button_out_step":"2","zoom_button_in_step":"3","show_post_tag":"1","show_popup_post":"1","show_comment_section":"1","number_popup_post":"1","show_post_related":"1"}],"image_override":[{"single_post_thumbnail_size":"crop-500","single_post_gallery_size":"crop-500"}],"trending_post_position":"meta","trending_post_label":"Trending","sponsored_post_label":"Sponsored by","disable_ad":"0","subtitle":"U ponedjeljak, 24. studenoga pogledajte prvu od ukupno \u010detiri epizode novog dokumentarnog serijala \"Serijski brija\u010di\""},"jnews_primary_category":[],"jnews_override_counter":{"view_counter_number":"0","share_counter_number":"0","like_counter_number":"0","dislike_counter_number":"0"},"footnotes":""},"categories":[115],"tags":[21191,14607,3247,1026,15398,21192,21193],"class_list":["post-98036","post","type-post","status-publish","format-standard","has-post-thumbnail","hentry","category-scena","tag-cetiri-epizode","tag-dokumentarna-serija","tag-hrt","tag-htv","tag-martina-validzic","tag-serijski-brijaci","tag-tv-serije"],"yoast_head":"<!-- This site is optimized with the Yoast SEO Premium plugin v27.4 (Yoast SEO v27.4) - https:\/\/yoast.com\/product\/yoast-seo-premium-wordpress\/ -->\n<title>Martina Valid\u017ei\u0107 u novom serijalu istra\u017euje kako popularne TV serije utje\u010du na na\u0161e \u017eivote - Gorica Info<\/title>\n<meta name=\"description\" content=\"Nagra\u0111ivana HTV-ova novinarka i autorica Martina Valid\u017ei\u0107 snimila je novi dokumentarni serijal \u201eSerijski brija\u010di&quot;\" \/>\n<meta name=\"robots\" content=\"index, follow, max-snippet:-1, max-image-preview:large, max-video-preview:-1\" \/>\n<link rel=\"canonical\" href=\"https:\/\/gorica.info\/en\/martina-validzic-u-novom-serijalu-istrazuje-kako-popularne-tv-serije-utjecu-na-nase-zivote\/\" \/>\n<meta property=\"og:locale\" content=\"en_US\" \/>\n<meta property=\"og:type\" content=\"article\" \/>\n<meta property=\"og:title\" content=\"Martina Valid\u017ei\u0107 u novom serijalu istra\u017euje kako popularne TV serije utje\u010du na na\u0161e \u017eivote\" \/>\n<meta property=\"og:description\" content=\"Nagra\u0111ivana HTV-ova novinarka i autorica Martina Valid\u017ei\u0107 snimila je novi dokumentarni serijal \u201eSerijski brija\u010di&quot;\" \/>\n<meta property=\"og:url\" content=\"https:\/\/gorica.info\/en\/martina-validzic-u-novom-serijalu-istrazuje-kako-popularne-tv-serije-utjecu-na-nase-zivote\/\" \/>\n<meta property=\"og:site_name\" content=\"Gorica Info\" \/>\n<meta property=\"article:publisher\" content=\"https:\/\/www.facebook.com\/Goricainfo-106005144489262\" \/>\n<meta property=\"article:published_time\" content=\"2025-11-22T09:36:19+00:00\" \/>\n<meta property=\"article:modified_time\" content=\"2025-11-23T07:41:29+00:00\" \/>\n<meta property=\"og:image\" content=\"https:\/\/gorica.info\/wp-content\/uploads\/2025\/11\/SERIJSKI_BRIJACI_ep_MEKSIKO_002A.jpg\" \/>\n\t<meta property=\"og:image:width\" content=\"1500\" \/>\n\t<meta property=\"og:image:height\" content=\"999\" \/>\n\t<meta property=\"og:image:type\" content=\"image\/jpeg\" \/>\n<meta name=\"author\" content=\"Marta Horvat\" \/>\n<meta name=\"twitter:card\" content=\"summary_large_image\" \/>\n<meta name=\"twitter:creator\" content=\"@GoricaInfo\" \/>\n<meta name=\"twitter:site\" content=\"@GoricaInfo\" \/>\n<meta name=\"twitter:label1\" content=\"Written by\" \/>\n\t<meta name=\"twitter:data1\" content=\"Marta Horvat\" \/>\n\t<meta name=\"twitter:label2\" content=\"Est. reading time\" \/>\n\t<meta name=\"twitter:data2\" content=\"3 minutes\" \/>\n<meta name=\"geo.placename\" content=\"Velika Gorica\" \/>\n<meta name=\"geo.region\" content=\"Croatia\" \/>\n<!-- \/ Yoast SEO Premium plugin. -->","yoast_head_json":{"title":"Martina Valid\u017ei\u0107 u novom serijalu istra\u017euje kako popularne TV serije utje\u010du na na\u0161e \u017eivote - Gorica Info","description":"Nagra\u0111ivana HTV-ova novinarka i autorica Martina Valid\u017ei\u0107 snimila je novi dokumentarni serijal \u201eSerijski brija\u010di\"","robots":{"index":"index","follow":"follow","max-snippet":"max-snippet:-1","max-image-preview":"max-image-preview:large","max-video-preview":"max-video-preview:-1"},"canonical":"https:\/\/gorica.info\/en\/martina-validzic-u-novom-serijalu-istrazuje-kako-popularne-tv-serije-utjecu-na-nase-zivote\/","og_locale":"en_US","og_type":"article","og_title":"Martina Valid\u017ei\u0107 u novom serijalu istra\u017euje kako popularne TV serije utje\u010du na na\u0161e \u017eivote","og_description":"Nagra\u0111ivana HTV-ova novinarka i autorica Martina Valid\u017ei\u0107 snimila je novi dokumentarni serijal \u201eSerijski brija\u010di\"","og_url":"https:\/\/gorica.info\/en\/martina-validzic-u-novom-serijalu-istrazuje-kako-popularne-tv-serije-utjecu-na-nase-zivote\/","og_site_name":"Gorica Info","article_publisher":"https:\/\/www.facebook.com\/Goricainfo-106005144489262","article_published_time":"2025-11-22T09:36:19+00:00","article_modified_time":"2025-11-23T07:41:29+00:00","og_image":[{"width":1500,"height":999,"url":"https:\/\/gorica.info\/wp-content\/uploads\/2025\/11\/SERIJSKI_BRIJACI_ep_MEKSIKO_002A.jpg","type":"image\/jpeg"}],"author":"Marta Horvat","twitter_card":"summary_large_image","twitter_creator":"@GoricaInfo","twitter_site":"@GoricaInfo","twitter_misc":{"Written by":"Marta Horvat","Est. reading time":"3 minutes"},"schema":{"@context":"https:\/\/schema.org","@graph":[{"@type":"NewsArticle","@id":"https:\/\/gorica.info\/martina-validzic-u-novom-serijalu-istrazuje-kako-popularne-tv-serije-utjecu-na-nase-zivote\/#article","isPartOf":{"@id":"https:\/\/gorica.info\/martina-validzic-u-novom-serijalu-istrazuje-kako-popularne-tv-serije-utjecu-na-nase-zivote\/"},"author":{"name":"Marta Horvat","@id":"https:\/\/gorica.info\/#\/schema\/person\/b2df2f6fb2a9073c0fa5af2672befd52"},"headline":"Martina Valid\u017ei\u0107 u novom serijalu istra\u017euje kako popularne TV serije utje\u010du na na\u0161e \u017eivote","datePublished":"2025-11-22T09:36:19+00:00","dateModified":"2025-11-23T07:41:29+00:00","mainEntityOfPage":{"@id":"https:\/\/gorica.info\/martina-validzic-u-novom-serijalu-istrazuje-kako-popularne-tv-serije-utjecu-na-nase-zivote\/"},"wordCount":260,"publisher":{"@id":"https:\/\/gorica.info\/#organization"},"image":{"@id":"https:\/\/gorica.info\/martina-validzic-u-novom-serijalu-istrazuje-kako-popularne-tv-serije-utjecu-na-nase-zivote\/#primaryimage"},"thumbnailUrl":"https:\/\/gorica.info\/wp-content\/uploads\/2025\/11\/SERIJSKI_BRIJACI_ep_MEKSIKO_002A.jpg","keywords":["\u010detiri epizode","dokumentarna serija","hrt","htv","Martina Valid\u017ei\u0107","serijski brija\u010di","tv serije"],"articleSection":["SCENA"],"inLanguage":"en-US","copyrightYear":"2025","copyrightHolder":{"@id":"https:\/\/gorica.info\/en\/#organization"}},{"@type":"WebPage","@id":"https:\/\/gorica.info\/martina-validzic-u-novom-serijalu-istrazuje-kako-popularne-tv-serije-utjecu-na-nase-zivote\/","url":"https:\/\/gorica.info\/martina-validzic-u-novom-serijalu-istrazuje-kako-popularne-tv-serije-utjecu-na-nase-zivote\/","name":"Martina Valid\u017ei\u0107 u novom serijalu istra\u017euje kako popularne TV serije utje\u010du na na\u0161e \u017eivote - Gorica Info","isPartOf":{"@id":"https:\/\/gorica.info\/#website"},"primaryImageOfPage":{"@id":"https:\/\/gorica.info\/martina-validzic-u-novom-serijalu-istrazuje-kako-popularne-tv-serije-utjecu-na-nase-zivote\/#primaryimage"},"image":{"@id":"https:\/\/gorica.info\/martina-validzic-u-novom-serijalu-istrazuje-kako-popularne-tv-serije-utjecu-na-nase-zivote\/#primaryimage"},"thumbnailUrl":"https:\/\/gorica.info\/wp-content\/uploads\/2025\/11\/SERIJSKI_BRIJACI_ep_MEKSIKO_002A.jpg","datePublished":"2025-11-22T09:36:19+00:00","dateModified":"2025-11-23T07:41:29+00:00","description":"Nagra\u0111ivana HTV-ova novinarka i autorica Martina Valid\u017ei\u0107 snimila je novi dokumentarni serijal \u201eSerijski brija\u010di\"","breadcrumb":{"@id":"https:\/\/gorica.info\/martina-validzic-u-novom-serijalu-istrazuje-kako-popularne-tv-serije-utjecu-na-nase-zivote\/#breadcrumb"},"inLanguage":"en-US","potentialAction":[{"@type":"ReadAction","target":["https:\/\/gorica.info\/martina-validzic-u-novom-serijalu-istrazuje-kako-popularne-tv-serije-utjecu-na-nase-zivote\/"]}]},{"@type":"ImageObject","inLanguage":"en-US","@id":"https:\/\/gorica.info\/martina-validzic-u-novom-serijalu-istrazuje-kako-popularne-tv-serije-utjecu-na-nase-zivote\/#primaryimage","url":"https:\/\/gorica.info\/wp-content\/uploads\/2025\/11\/SERIJSKI_BRIJACI_ep_MEKSIKO_002A.jpg","contentUrl":"https:\/\/gorica.info\/wp-content\/uploads\/2025\/11\/SERIJSKI_BRIJACI_ep_MEKSIKO_002A.jpg","width":1500,"height":999,"caption":"Foto: Promo \/ HRT"},{"@type":"BreadcrumbList","@id":"https:\/\/gorica.info\/martina-validzic-u-novom-serijalu-istrazuje-kako-popularne-tv-serije-utjecu-na-nase-zivote\/#breadcrumb","itemListElement":[{"@type":"ListItem","position":1,"name":"Po\u010detna stranica","item":"https:\/\/gorica.info\/"},{"@type":"ListItem","position":2,"name":"Martina Valid\u017ei\u0107 u novom serijalu istra\u017euje kako popularne TV serije utje\u010du na na\u0161e \u017eivote"}]},{"@type":"WebSite","@id":"https:\/\/gorica.info\/#website","url":"https:\/\/gorica.info\/","name":"Gorica Info","description":"Vijesti iz Velike Gorice i okolice.","publisher":{"@id":"https:\/\/gorica.info\/#organization"},"potentialAction":[{"@type":"SearchAction","target":{"@type":"EntryPoint","urlTemplate":"https:\/\/gorica.info\/?s={search_term_string}"},"query-input":{"@type":"PropertyValueSpecification","valueRequired":true,"valueName":"search_term_string"}}],"inLanguage":"en-US"},{"@type":["Organization","Place","NewsMediaOrganization"],"@id":"https:\/\/gorica.info\/#organization","name":"Gorica Info","url":"https:\/\/gorica.info\/","logo":{"@id":"https:\/\/gorica.info\/martina-validzic-u-novom-serijalu-istrazuje-kako-popularne-tv-serije-utjecu-na-nase-zivote\/#local-main-organization-logo"},"image":{"@id":"https:\/\/gorica.info\/martina-validzic-u-novom-serijalu-istrazuje-kako-popularne-tv-serije-utjecu-na-nase-zivote\/#local-main-organization-logo"},"sameAs":["https:\/\/www.facebook.com\/Goricainfo-106005144489262","https:\/\/x.com\/GoricaInfo","https:\/\/www.instagram.com\/gorica.info\/"],"address":{"@id":"https:\/\/gorica.info\/martina-validzic-u-novom-serijalu-istrazuje-kako-popularne-tv-serije-utjecu-na-nase-zivote\/#local-main-place-address"},"telephone":[],"openingHoursSpecification":[{"@type":"OpeningHoursSpecification","dayOfWeek":["Monday","Tuesday","Wednesday","Thursday","Friday","Saturday","Sunday"],"opens":"09:00","closes":"17:00"}],"email":"redakcija@gorica.info"},{"@type":"Person","@id":"https:\/\/gorica.info\/#\/schema\/person\/b2df2f6fb2a9073c0fa5af2672befd52","name":"Marta Horvat","description":"Marta Horvat je studentica koja redovito pi\u0161e za portal, prati sva gradska doga\u0111anja i u\u017eiva isprobavati nove recept koje dijeli s na\u0161im \u010ditateljima.","url":"https:\/\/gorica.info\/en\/author\/marta-horvat\/"},{"@type":"PostalAddress","@id":"https:\/\/gorica.info\/martina-validzic-u-novom-serijalu-istrazuje-kako-popularne-tv-serije-utjecu-na-nase-zivote\/#local-main-place-address","streetAddress":"Horvatova 97","addressLocality":"Velika Gorica","postalCode":"10410","addressRegion":"Croatia","addressCountry":"HR"},{"@type":"ImageObject","inLanguage":"en-US","@id":"https:\/\/gorica.info\/martina-validzic-u-novom-serijalu-istrazuje-kako-popularne-tv-serije-utjecu-na-nase-zivote\/#local-main-organization-logo","url":"https:\/\/gorica.info\/wp-content\/uploads\/2024\/07\/Gorica-Info-Logo-mali.png","contentUrl":"https:\/\/gorica.info\/wp-content\/uploads\/2024\/07\/Gorica-Info-Logo-mali.png","width":450,"height":85,"caption":"Gorica Info"}]},"geo.placename":"Velika Gorica","geo.region":"Croatia"},"_links":{"self":[{"href":"https:\/\/gorica.info\/en\/wp-json\/wp\/v2\/posts\/98036","targetHints":{"allow":["GET"]}}],"collection":[{"href":"https:\/\/gorica.info\/en\/wp-json\/wp\/v2\/posts"}],"about":[{"href":"https:\/\/gorica.info\/en\/wp-json\/wp\/v2\/types\/post"}],"author":[{"embeddable":true,"href":"https:\/\/gorica.info\/en\/wp-json\/wp\/v2\/users\/25"}],"replies":[{"embeddable":true,"href":"https:\/\/gorica.info\/en\/wp-json\/wp\/v2\/comments?post=98036"}],"version-history":[{"count":6,"href":"https:\/\/gorica.info\/en\/wp-json\/wp\/v2\/posts\/98036\/revisions"}],"predecessor-version":[{"id":98043,"href":"https:\/\/gorica.info\/en\/wp-json\/wp\/v2\/posts\/98036\/revisions\/98043"}],"wp:featuredmedia":[{"embeddable":true,"href":"https:\/\/gorica.info\/en\/wp-json\/wp\/v2\/media\/98037"}],"wp:attachment":[{"href":"https:\/\/gorica.info\/en\/wp-json\/wp\/v2\/media?parent=98036"}],"wp:term":[{"taxonomy":"category","embeddable":true,"href":"https:\/\/gorica.info\/en\/wp-json\/wp\/v2\/categories?post=98036"},{"taxonomy":"post_tag","embeddable":true,"href":"https:\/\/gorica.info\/en\/wp-json\/wp\/v2\/tags?post=98036"}],"curies":[{"name":"wp","href":"https:\/\/api.w.org\/{rel}","templated":true}]}}