{"id":98127,"date":"2025-11-20T13:58:17","date_gmt":"2025-11-20T12:58:17","guid":{"rendered":"https:\/\/gorica.info\/?p=98127"},"modified":"2025-11-20T16:05:24","modified_gmt":"2025-11-20T15:05:24","slug":"tijekom-rusenja-stabla-u-sumi-poginuo-radnik-hrvatskih-suma","status":"publish","type":"post","link":"https:\/\/gorica.info\/en\/tijekom-rusenja-stabla-u-sumi-poginuo-radnik-hrvatskih-suma\/","title":{"rendered":"Tijekom ru\u0161enja stabla: U \u0161umi poginuo radnik Hrvatskih \u0161uma"},"content":{"rendered":"<p><span style=\"font-size: 20px\"><strong>Tijekom ru\u0161enja stabla<\/strong> u \u0161umi, smrtno je stradao<strong> 41-godi\u0161nji radnik Hrvatskih \u0161uma<\/strong>. Nesre\u0107a se dogodila u \u010detvrtak ujutro oko 9 sati u \u0161umi nedaleko od mjesta Dereza pokraj \u010cazme, izvijestila je <a href=\"https:\/\/bjelovarsko-bilogorska-policija.gov.hr\/\">policija<\/a>.<\/span><\/p>\n<p><span style=\"font-size: 20px\">U padu stabla nesretni <a href=\"https:\/\/gorica.info\/en\/opet-nesreca-u-sumi-radnim-strojem-rusio-stablo-i-zadobio-teske-ozljede\/\">radnik<\/a> je <strong>zadobio te\u0161ke ozljede<\/strong>. Policija na mjestu doga\u0111aja provodi o\u010devid nakon kojeg bi trebalo biti poznato vi\u0161e detalja o ovom tragi\u010dnom doga\u0111aju.<\/span><\/p>","protected":false},"excerpt":{"rendered":"<p>Tijekom ru\u0161enja stabla u \u0161umi, smrtno je stradao 41-godi\u0161nji radnik Hrvatskih \u0161uma. Nesre\u0107a se dogodila u \u010detvrtak ujutro oko 9 sati u \u0161umi nedaleko od mjesta Dereza pokraj \u010cazme, izvijestila je policija. U padu stabla nesretni radnik je zadobio te\u0161ke ozljede. Policija na mjestu doga\u0111aja provodi o\u010devid nakon kojeg bi trebalo biti poznato vi\u0161e detalja [&hellip;]<\/p>\n","protected":false},"author":23,"featured_media":98128,"comment_status":"closed","ping_status":"closed","sticky":false,"template":"","format":"standard","meta":{"limit_modified_date":"1","last_modified_date":"","jnews-multi-image_gallery":[],"jnews_single_post":{"format":"standard","override":[{"template":"3","parallax":"1","fullscreen":"1","layout":"right-sidebar","sidebar":"default-sidebar","second_sidebar":"default-sidebar","sticky_sidebar":"1","share_position":"top","share_float_style":"share-monocrhome","show_featured":"1","show_post_meta":"1","show_post_author":"1","show_post_author_image":"1","show_post_date":"1","post_date_format":"default","post_date_format_custom":"Y\/m\/d","show_post_category":"1","show_post_reading_time":"1","post_reading_time_wpm":"300","post_calculate_word_method":"str_word_count","zoom_button_out_step":"2","zoom_button_in_step":"3","show_post_tag":"1","show_popup_post":"1","show_comment_section":"1","number_popup_post":"1","show_post_related":"1"}],"image_override":[{"single_post_thumbnail_size":"crop-500","single_post_gallery_size":"crop-500"}],"trending_post_position":"meta","trending_post_label":"Trending","sponsored_post_label":"Sponsored by","disable_ad":"0","subtitle":"Policija na mjestu doga\u0111aja provodi o\u010devid nakon kojeg bi trebalo biti poznato vi\u0161e detalja o ovom tragi\u010dnom doga\u0111aju"},"jnews_primary_category":[],"jnews_override_counter":{"view_counter_number":"0","share_counter_number":"0","like_counter_number":"0","dislike_counter_number":"0"},"footnotes":""},"categories":[93],"tags":[2026,21215,5256,21216,21214],"class_list":["post-98127","post","type-post","status-publish","format-standard","has-post-thumbnail","hentry","category-crna-kronika","tag-nesreca-na-radu","tag-radnik-hrvatskih-suma","tag-rusio-stablo","tag-stablo-usmrtilo-radnika","tag-u-sumi"],"yoast_head":"<!-- This site is optimized with the Yoast SEO Premium plugin v27.4 (Yoast SEO v27.4) - https:\/\/yoast.com\/product\/yoast-seo-premium-wordpress\/ -->\n<title>Tijekom ru\u0161enja stabla: U \u0161umi poginuo radnik Hrvatskih \u0161uma - Gorica Info<\/title>\n<meta name=\"description\" content=\"Tijekom ru\u0161enja stabla u \u0161umi smrtno je stradao 41-godi\u0161nji radnik Hrvatskih \u0161uma. Nesre\u0107a se dogodila u \u010detvrtak ujutro oko 9 sati kod \u010cazme\" \/>\n<meta name=\"robots\" content=\"index, follow, max-snippet:-1, max-image-preview:large, max-video-preview:-1\" \/>\n<link rel=\"canonical\" href=\"https:\/\/gorica.info\/en\/tijekom-rusenja-stabla-u-sumi-poginuo-radnik-hrvatskih-suma\/\" \/>\n<meta property=\"og:locale\" content=\"en_US\" \/>\n<meta property=\"og:type\" content=\"article\" \/>\n<meta property=\"og:title\" content=\"Tijekom ru\u0161enja stabla: U \u0161umi poginuo radnik Hrvatskih \u0161uma\" \/>\n<meta property=\"og:description\" content=\"Tijekom ru\u0161enja stabla u \u0161umi smrtno je stradao 41-godi\u0161nji radnik Hrvatskih \u0161uma. Nesre\u0107a se dogodila u \u010detvrtak ujutro oko 9 sati kod \u010cazme\" \/>\n<meta property=\"og:url\" content=\"https:\/\/gorica.info\/en\/tijekom-rusenja-stabla-u-sumi-poginuo-radnik-hrvatskih-suma\/\" \/>\n<meta property=\"og:site_name\" content=\"Gorica Info\" \/>\n<meta property=\"article:publisher\" content=\"https:\/\/www.facebook.com\/Goricainfo-106005144489262\" \/>\n<meta property=\"article:published_time\" content=\"2025-11-20T12:58:17+00:00\" \/>\n<meta property=\"article:modified_time\" content=\"2025-11-20T15:05:24+00:00\" \/>\n<meta property=\"og:image\" content=\"https:\/\/gorica.info\/wp-content\/uploads\/2025\/11\/stablo-motorna-pila-pixabay.jpg\" \/>\n\t<meta property=\"og:image:width\" content=\"900\" \/>\n\t<meta property=\"og:image:height\" content=\"1200\" \/>\n\t<meta property=\"og:image:type\" content=\"image\/jpeg\" \/>\n<meta name=\"author\" content=\"Gorica. info\" \/>\n<meta name=\"twitter:card\" content=\"summary_large_image\" \/>\n<meta name=\"twitter:creator\" content=\"@GoricaInfo\" \/>\n<meta name=\"twitter:site\" content=\"@GoricaInfo\" \/>\n<meta name=\"twitter:label1\" content=\"Written by\" \/>\n\t<meta name=\"twitter:data1\" content=\"Gorica. info\" \/>\n\t<meta name=\"twitter:label2\" content=\"Est. reading time\" \/>\n\t<meta name=\"twitter:data2\" content=\"1 minute\" \/>\n<meta name=\"geo.placename\" content=\"Velika Gorica\" \/>\n<meta name=\"geo.region\" content=\"Croatia\" \/>\n<!-- \/ Yoast SEO Premium plugin. -->","yoast_head_json":{"title":"Tijekom ru\u0161enja stabla: U \u0161umi poginuo radnik Hrvatskih \u0161uma - Gorica Info","description":"Tijekom ru\u0161enja stabla u \u0161umi smrtno je stradao 41-godi\u0161nji radnik Hrvatskih \u0161uma. Nesre\u0107a se dogodila u \u010detvrtak ujutro oko 9 sati kod \u010cazme","robots":{"index":"index","follow":"follow","max-snippet":"max-snippet:-1","max-image-preview":"max-image-preview:large","max-video-preview":"max-video-preview:-1"},"canonical":"https:\/\/gorica.info\/en\/tijekom-rusenja-stabla-u-sumi-poginuo-radnik-hrvatskih-suma\/","og_locale":"en_US","og_type":"article","og_title":"Tijekom ru\u0161enja stabla: U \u0161umi poginuo radnik Hrvatskih \u0161uma","og_description":"Tijekom ru\u0161enja stabla u \u0161umi smrtno je stradao 41-godi\u0161nji radnik Hrvatskih \u0161uma. Nesre\u0107a se dogodila u \u010detvrtak ujutro oko 9 sati kod \u010cazme","og_url":"https:\/\/gorica.info\/en\/tijekom-rusenja-stabla-u-sumi-poginuo-radnik-hrvatskih-suma\/","og_site_name":"Gorica Info","article_publisher":"https:\/\/www.facebook.com\/Goricainfo-106005144489262","article_published_time":"2025-11-20T12:58:17+00:00","article_modified_time":"2025-11-20T15:05:24+00:00","og_image":[{"width":900,"height":1200,"url":"https:\/\/gorica.info\/wp-content\/uploads\/2025\/11\/stablo-motorna-pila-pixabay.jpg","type":"image\/jpeg"}],"author":"Gorica. info","twitter_card":"summary_large_image","twitter_creator":"@GoricaInfo","twitter_site":"@GoricaInfo","twitter_misc":{"Written by":"Gorica. info","Est. reading time":"1 minute"},"schema":{"@context":"https:\/\/schema.org","@graph":[{"@type":"NewsArticle","@id":"https:\/\/gorica.info\/tijekom-rusenja-stabla-u-sumi-poginuo-radnik-hrvatskih-suma\/#article","isPartOf":{"@id":"https:\/\/gorica.info\/tijekom-rusenja-stabla-u-sumi-poginuo-radnik-hrvatskih-suma\/"},"author":{"name":"Gorica. info","@id":"https:\/\/gorica.info\/#\/schema\/person\/4499af1f22f322670b9b5977ccc2e3de"},"headline":"Tijekom ru\u0161enja stabla: U \u0161umi poginuo radnik Hrvatskih \u0161uma","datePublished":"2025-11-20T12:58:17+00:00","dateModified":"2025-11-20T15:05:24+00:00","mainEntityOfPage":{"@id":"https:\/\/gorica.info\/tijekom-rusenja-stabla-u-sumi-poginuo-radnik-hrvatskih-suma\/"},"wordCount":77,"publisher":{"@id":"https:\/\/gorica.info\/#organization"},"image":{"@id":"https:\/\/gorica.info\/tijekom-rusenja-stabla-u-sumi-poginuo-radnik-hrvatskih-suma\/#primaryimage"},"thumbnailUrl":"https:\/\/gorica.info\/wp-content\/uploads\/2025\/11\/stablo-motorna-pila-pixabay.jpg","keywords":["nesre\u0107a na radu","radnik hrvatskih \u0161uma","ru\u0161io stablo","stablo usmrtilo radnika","u \u0161umi"],"articleSection":["CRNA KRONIKA"],"inLanguage":"en-US","copyrightYear":"2025","copyrightHolder":{"@id":"https:\/\/gorica.info\/en\/#organization"}},{"@type":"WebPage","@id":"https:\/\/gorica.info\/tijekom-rusenja-stabla-u-sumi-poginuo-radnik-hrvatskih-suma\/","url":"https:\/\/gorica.info\/tijekom-rusenja-stabla-u-sumi-poginuo-radnik-hrvatskih-suma\/","name":"Tijekom ru\u0161enja stabla: U \u0161umi poginuo radnik Hrvatskih \u0161uma - Gorica Info","isPartOf":{"@id":"https:\/\/gorica.info\/#website"},"primaryImageOfPage":{"@id":"https:\/\/gorica.info\/tijekom-rusenja-stabla-u-sumi-poginuo-radnik-hrvatskih-suma\/#primaryimage"},"image":{"@id":"https:\/\/gorica.info\/tijekom-rusenja-stabla-u-sumi-poginuo-radnik-hrvatskih-suma\/#primaryimage"},"thumbnailUrl":"https:\/\/gorica.info\/wp-content\/uploads\/2025\/11\/stablo-motorna-pila-pixabay.jpg","datePublished":"2025-11-20T12:58:17+00:00","dateModified":"2025-11-20T15:05:24+00:00","description":"Tijekom ru\u0161enja stabla u \u0161umi smrtno je stradao 41-godi\u0161nji radnik Hrvatskih \u0161uma. Nesre\u0107a se dogodila u \u010detvrtak ujutro oko 9 sati kod \u010cazme","breadcrumb":{"@id":"https:\/\/gorica.info\/tijekom-rusenja-stabla-u-sumi-poginuo-radnik-hrvatskih-suma\/#breadcrumb"},"inLanguage":"en-US","potentialAction":[{"@type":"ReadAction","target":["https:\/\/gorica.info\/tijekom-rusenja-stabla-u-sumi-poginuo-radnik-hrvatskih-suma\/"]}]},{"@type":"ImageObject","inLanguage":"en-US","@id":"https:\/\/gorica.info\/tijekom-rusenja-stabla-u-sumi-poginuo-radnik-hrvatskih-suma\/#primaryimage","url":"https:\/\/gorica.info\/wp-content\/uploads\/2025\/11\/stablo-motorna-pila-pixabay.jpg","contentUrl":"https:\/\/gorica.info\/wp-content\/uploads\/2025\/11\/stablo-motorna-pila-pixabay.jpg","width":900,"height":1200,"caption":"Ilustracija: Pixabay"},{"@type":"BreadcrumbList","@id":"https:\/\/gorica.info\/tijekom-rusenja-stabla-u-sumi-poginuo-radnik-hrvatskih-suma\/#breadcrumb","itemListElement":[{"@type":"ListItem","position":1,"name":"Po\u010detna stranica","item":"https:\/\/gorica.info\/"},{"@type":"ListItem","position":2,"name":"Tijekom ru\u0161enja stabla: U \u0161umi poginuo radnik Hrvatskih \u0161uma"}]},{"@type":"WebSite","@id":"https:\/\/gorica.info\/#website","url":"https:\/\/gorica.info\/","name":"Gorica Info","description":"Vijesti iz Velike Gorice i okolice.","publisher":{"@id":"https:\/\/gorica.info\/#organization"},"potentialAction":[{"@type":"SearchAction","target":{"@type":"EntryPoint","urlTemplate":"https:\/\/gorica.info\/?s={search_term_string}"},"query-input":{"@type":"PropertyValueSpecification","valueRequired":true,"valueName":"search_term_string"}}],"inLanguage":"en-US"},{"@type":["Organization","Place","NewsMediaOrganization"],"@id":"https:\/\/gorica.info\/#organization","name":"Gorica Info","url":"https:\/\/gorica.info\/","logo":{"@id":"https:\/\/gorica.info\/tijekom-rusenja-stabla-u-sumi-poginuo-radnik-hrvatskih-suma\/#local-main-organization-logo"},"image":{"@id":"https:\/\/gorica.info\/tijekom-rusenja-stabla-u-sumi-poginuo-radnik-hrvatskih-suma\/#local-main-organization-logo"},"sameAs":["https:\/\/www.facebook.com\/Goricainfo-106005144489262","https:\/\/x.com\/GoricaInfo","https:\/\/www.instagram.com\/gorica.info\/"],"address":{"@id":"https:\/\/gorica.info\/tijekom-rusenja-stabla-u-sumi-poginuo-radnik-hrvatskih-suma\/#local-main-place-address"},"telephone":[],"openingHoursSpecification":[{"@type":"OpeningHoursSpecification","dayOfWeek":["Monday","Tuesday","Wednesday","Thursday","Friday","Saturday","Sunday"],"opens":"09:00","closes":"17:00"}],"email":"redakcija@gorica.info"},{"@type":"Person","@id":"https:\/\/gorica.info\/#\/schema\/person\/4499af1f22f322670b9b5977ccc2e3de","name":"Gorica. info","description":"Gorica.info je lokalni portal koji prati Veliku Goricu i okolici, svakodnevno donosi najnovije vijesti i pri\u010de, kulturna doga\u0111anja i aktualnosti koje oblikuju \u017eivot gra\u0111ana.","url":"https:\/\/gorica.info\/en\/author\/gorica-info\/"},{"@type":"PostalAddress","@id":"https:\/\/gorica.info\/tijekom-rusenja-stabla-u-sumi-poginuo-radnik-hrvatskih-suma\/#local-main-place-address","streetAddress":"Horvatova 97","addressLocality":"Velika Gorica","postalCode":"10410","addressRegion":"Croatia","addressCountry":"HR"},{"@type":"ImageObject","inLanguage":"en-US","@id":"https:\/\/gorica.info\/tijekom-rusenja-stabla-u-sumi-poginuo-radnik-hrvatskih-suma\/#local-main-organization-logo","url":"https:\/\/gorica.info\/wp-content\/uploads\/2024\/07\/Gorica-Info-Logo-mali.png","contentUrl":"https:\/\/gorica.info\/wp-content\/uploads\/2024\/07\/Gorica-Info-Logo-mali.png","width":450,"height":85,"caption":"Gorica Info"}]},"geo.placename":"Velika Gorica","geo.region":"Croatia"},"_links":{"self":[{"href":"https:\/\/gorica.info\/en\/wp-json\/wp\/v2\/posts\/98127","targetHints":{"allow":["GET"]}}],"collection":[{"href":"https:\/\/gorica.info\/en\/wp-json\/wp\/v2\/posts"}],"about":[{"href":"https:\/\/gorica.info\/en\/wp-json\/wp\/v2\/types\/post"}],"author":[{"embeddable":true,"href":"https:\/\/gorica.info\/en\/wp-json\/wp\/v2\/users\/23"}],"replies":[{"embeddable":true,"href":"https:\/\/gorica.info\/en\/wp-json\/wp\/v2\/comments?post=98127"}],"version-history":[{"count":3,"href":"https:\/\/gorica.info\/en\/wp-json\/wp\/v2\/posts\/98127\/revisions"}],"predecessor-version":[{"id":98131,"href":"https:\/\/gorica.info\/en\/wp-json\/wp\/v2\/posts\/98127\/revisions\/98131"}],"wp:featuredmedia":[{"embeddable":true,"href":"https:\/\/gorica.info\/en\/wp-json\/wp\/v2\/media\/98128"}],"wp:attachment":[{"href":"https:\/\/gorica.info\/en\/wp-json\/wp\/v2\/media?parent=98127"}],"wp:term":[{"taxonomy":"category","embeddable":true,"href":"https:\/\/gorica.info\/en\/wp-json\/wp\/v2\/categories?post=98127"},{"taxonomy":"post_tag","embeddable":true,"href":"https:\/\/gorica.info\/en\/wp-json\/wp\/v2\/tags?post=98127"}],"curies":[{"name":"wp","href":"https:\/\/api.w.org\/{rel}","templated":true}]}}