{"id":98265,"date":"2025-11-24T08:25:29","date_gmt":"2025-11-24T07:25:29","guid":{"rendered":"https:\/\/gorica.info\/?p=98265"},"modified":"2025-11-24T08:32:16","modified_gmt":"2025-11-24T07:32:16","slug":"cvrkutavci-osvojili-drugo-mjesto-na-hrvatskom-djecjem-festivalu","status":"publish","type":"post","link":"https:\/\/gorica.info\/en\/cvrkutavci-osvojili-drugo-mjesto-na-hrvatskom-djecjem-festivalu\/","title":{"rendered":"Cvrkutavci osvojili drugo mjesto na Hrvatskom dje\u010djem festivalu"},"content":{"rendered":"<p><span style=\"font-size: 20px\">U Koncertnoj dvorani Vatroslava Lisinskog u Zagrebu u nedjelju je odr\u017ean 29. <strong>Hrvatski dje\u010dji festival<\/strong>. Na<a href=\"https:\/\/gorica.info\/en\/festival-djecjeg-glazbenog-izrazavanja-mali-izvodaci-pokazat-ce-svoj-talent-kroz-pjesmu-i-ples\/\"> festivalu<\/a> su nastupili <strong>zborovi iz cijele Hrvatske<\/strong>, a gori\u010dki <strong>Cvrkutavci<\/strong> osvojili su <strong>drugo mjesto<\/strong> s autorskom pjesmom \u201eSre\u0107a\u201c.<\/span><\/p>\n<p><img fetchpriority=\"high\" decoding=\"async\" class=\"alignnone wp-image-98267 size-full\" src=\"https:\/\/gorica.info\/wp-content\/uploads\/2025\/11\/cvrkutavci-lisinski-1.jpg\" alt=\"cvrkutavci\" width=\"720\" height=\"960\" srcset=\"https:\/\/gorica.info\/wp-content\/uploads\/2025\/11\/cvrkutavci-lisinski-1.jpg 720w, https:\/\/gorica.info\/wp-content\/uploads\/2025\/11\/cvrkutavci-lisinski-1-225x300.jpg 225w, https:\/\/gorica.info\/wp-content\/uploads\/2025\/11\/cvrkutavci-lisinski-1-9x12.jpg 9w\" sizes=\"(max-width: 720px) 100vw, 720px\" \/><\/p>\n<p><span style=\"font-size: 20px\">Festival koji promovira autorsku dje\u010dju pjesmu i ovoga je puta nadma\u0161io samoga sebe fantasti\u010dni pjesmama, koreografijama i izvedbama u \u010dijem sredi\u0161tu je dijete.<\/span><\/p>\n<p><span style=\"font-size: 20px\"> Ponosna sam na svoje Cvrkutavce koji su osvojili 2. mjesto a posebno zahvaljujem <strong>Plesnom klubu Megablast<\/strong> koji nas je i ove godine pratio izvrsnom plesnom koreografijom, poru\u010dila je <a href=\"https:\/\/www.facebook.com\/visnjinaglazbalica?locale=hr_HR\">voditeljica zbora<\/a><strong> Vi\u0161nja Ore\u0161kovi\u0107<\/strong>.<\/span><\/p>","protected":false},"excerpt":{"rendered":"<p>U Koncertnoj dvorani Vatroslava Lisinskog u Zagrebu u nedjelju je odr\u017ean 29. Hrvatski dje\u010dji festival. Na festivalu su nastupili zborovi iz cijele Hrvatske, a gori\u010dki Cvrkutavci osvojili su drugo mjesto s autorskom pjesmom \u201eSre\u0107a\u201c. Festival koji promovira autorsku dje\u010dju pjesmu i ovoga je puta nadma\u0161io samoga sebe fantasti\u010dni pjesmama, koreografijama i izvedbama u \u010dijem sredi\u0161tu [&hellip;]<\/p>\n","protected":false},"author":25,"featured_media":98266,"comment_status":"closed","ping_status":"closed","sticky":false,"template":"","format":"standard","meta":{"limit_modified_date":"1","last_modified_date":"","jnews-multi-image_gallery":[],"jnews_single_post":{"subtitle":"Na festivalu su nastupili zborovi iz cijele Hrvatske, a gori\u010dki zbor predstavio se s autorskom pjesmom \u201eSre\u0107a\u201c","format":"standard","override":[{"template":"3","parallax":"1","fullscreen":"1","layout":"right-sidebar","sidebar":"default-sidebar","second_sidebar":"default-sidebar","sticky_sidebar":"1","share_position":"top","share_float_style":"share-monocrhome","show_featured":"1","show_post_meta":"1","show_post_author":"1","show_post_author_image":"1","show_post_date":"1","post_date_format":"default","post_date_format_custom":"Y\/m\/d","show_post_category":"1","show_post_reading_time":"1","post_reading_time_wpm":"300","post_calculate_word_method":"str_word_count","zoom_button_out_step":"2","zoom_button_in_step":"3","show_post_tag":"1","show_popup_post":"1","show_comment_section":"1","number_popup_post":"1","show_post_related":"1"}],"image_override":[{"single_post_thumbnail_size":"crop-500","single_post_gallery_size":"crop-500"}],"trending_post_position":"meta","trending_post_label":"Trending","sponsored_post_label":"Sponsored by","disable_ad":"0"},"jnews_primary_category":[],"jnews_override_counter":{"view_counter_number":"0","share_counter_number":"0","like_counter_number":"0","dislike_counter_number":"0"},"footnotes":""},"categories":[87],"tags":[7081,21277,4384,21278,21280,21279],"class_list":["post-98265","post","type-post","status-publish","format-standard","has-post-thumbnail","hentry","category-gorica","tag-djecji-festival","tag-djecji-zbor-cvrkutavci","tag-drugo-mjesto","tag-kd-vatroslava-lisinskog","tag-pjesma-sreca","tag-visnja-oreskovic"],"yoast_head":"<!-- This site is optimized with the Yoast SEO Premium plugin v27.5 (Yoast SEO v27.5) - https:\/\/yoast.com\/product\/yoast-seo-premium-wordpress\/ -->\n<title>Cvrkutavci osvojili drugo mjesto na Hrvatskom dje\u010djem festivalu - Gorica Info<\/title>\n<meta name=\"description\" content=\"U Koncertnoj dvorani Vatroslava Lisinskog u Zagrebu u nedjelju je odr\u017ean 29. Hrvatski dje\u010dji festival. Cvrkutavci su osvojili drugo mjesto\" \/>\n<meta name=\"robots\" content=\"index, follow, max-snippet:-1, max-image-preview:large, max-video-preview:-1\" \/>\n<link rel=\"canonical\" href=\"https:\/\/gorica.info\/en\/cvrkutavci-osvojili-drugo-mjesto-na-hrvatskom-djecjem-festivalu\/\" \/>\n<meta property=\"og:locale\" content=\"en_US\" \/>\n<meta property=\"og:type\" content=\"article\" \/>\n<meta property=\"og:title\" content=\"Cvrkutavci osvojili drugo mjesto na Hrvatskom dje\u010djem festivalu\" \/>\n<meta property=\"og:description\" content=\"U Koncertnoj dvorani Vatroslava Lisinskog u Zagrebu u nedjelju je odr\u017ean 29. Hrvatski dje\u010dji festival. Cvrkutavci su osvojili drugo mjesto\" \/>\n<meta property=\"og:url\" content=\"https:\/\/gorica.info\/en\/cvrkutavci-osvojili-drugo-mjesto-na-hrvatskom-djecjem-festivalu\/\" \/>\n<meta property=\"og:site_name\" content=\"Gorica Info\" \/>\n<meta property=\"article:publisher\" content=\"https:\/\/www.facebook.com\/Goricainfo-106005144489262\" \/>\n<meta property=\"article:published_time\" content=\"2025-11-24T07:25:29+00:00\" \/>\n<meta property=\"article:modified_time\" content=\"2025-11-24T07:32:16+00:00\" \/>\n<meta property=\"og:image\" content=\"https:\/\/gorica.info\/wp-content\/uploads\/2025\/11\/cvrkutavci-lisinski-e1763969370689.jpg\" \/>\n\t<meta property=\"og:image:width\" content=\"1500\" \/>\n\t<meta property=\"og:image:height\" content=\"935\" \/>\n\t<meta property=\"og:image:type\" content=\"image\/jpeg\" \/>\n<meta name=\"author\" content=\"Marta Horvat\" \/>\n<meta name=\"twitter:card\" content=\"summary_large_image\" \/>\n<meta name=\"twitter:creator\" content=\"@GoricaInfo\" \/>\n<meta name=\"twitter:site\" content=\"@GoricaInfo\" \/>\n<meta name=\"twitter:label1\" content=\"Written by\" \/>\n\t<meta name=\"twitter:data1\" content=\"Marta Horvat\" \/>\n\t<meta name=\"twitter:label2\" content=\"Est. reading time\" \/>\n\t<meta name=\"twitter:data2\" content=\"1 minute\" \/>\n<meta name=\"geo.placename\" content=\"Velika Gorica\" \/>\n<meta name=\"geo.region\" content=\"Croatia\" \/>\n<!-- \/ Yoast SEO Premium plugin. -->","yoast_head_json":{"title":"Cvrkutavci osvojili drugo mjesto na Hrvatskom dje\u010djem festivalu - Gorica Info","description":"U Koncertnoj dvorani Vatroslava Lisinskog u Zagrebu u nedjelju je odr\u017ean 29. Hrvatski dje\u010dji festival. Cvrkutavci su osvojili drugo mjesto","robots":{"index":"index","follow":"follow","max-snippet":"max-snippet:-1","max-image-preview":"max-image-preview:large","max-video-preview":"max-video-preview:-1"},"canonical":"https:\/\/gorica.info\/en\/cvrkutavci-osvojili-drugo-mjesto-na-hrvatskom-djecjem-festivalu\/","og_locale":"en_US","og_type":"article","og_title":"Cvrkutavci osvojili drugo mjesto na Hrvatskom dje\u010djem festivalu","og_description":"U Koncertnoj dvorani Vatroslava Lisinskog u Zagrebu u nedjelju je odr\u017ean 29. Hrvatski dje\u010dji festival. Cvrkutavci su osvojili drugo mjesto","og_url":"https:\/\/gorica.info\/en\/cvrkutavci-osvojili-drugo-mjesto-na-hrvatskom-djecjem-festivalu\/","og_site_name":"Gorica Info","article_publisher":"https:\/\/www.facebook.com\/Goricainfo-106005144489262","article_published_time":"2025-11-24T07:25:29+00:00","article_modified_time":"2025-11-24T07:32:16+00:00","og_image":[{"width":1500,"height":935,"url":"https:\/\/gorica.info\/wp-content\/uploads\/2025\/11\/cvrkutavci-lisinski-e1763969370689.jpg","type":"image\/jpeg"}],"author":"Marta Horvat","twitter_card":"summary_large_image","twitter_creator":"@GoricaInfo","twitter_site":"@GoricaInfo","twitter_misc":{"Written by":"Marta Horvat","Est. reading time":"1 minute"},"schema":{"@context":"https:\/\/schema.org","@graph":[{"@type":"NewsArticle","@id":"https:\/\/gorica.info\/cvrkutavci-osvojili-drugo-mjesto-na-hrvatskom-djecjem-festivalu\/#article","isPartOf":{"@id":"https:\/\/gorica.info\/cvrkutavci-osvojili-drugo-mjesto-na-hrvatskom-djecjem-festivalu\/"},"author":{"name":"Marta Horvat","@id":"https:\/\/gorica.info\/#\/schema\/person\/b2df2f6fb2a9073c0fa5af2672befd52"},"headline":"Cvrkutavci osvojili drugo mjesto na Hrvatskom dje\u010djem festivalu","datePublished":"2025-11-24T07:25:29+00:00","dateModified":"2025-11-24T07:32:16+00:00","mainEntityOfPage":{"@id":"https:\/\/gorica.info\/cvrkutavci-osvojili-drugo-mjesto-na-hrvatskom-djecjem-festivalu\/"},"wordCount":107,"publisher":{"@id":"https:\/\/gorica.info\/#organization"},"image":{"@id":"https:\/\/gorica.info\/cvrkutavci-osvojili-drugo-mjesto-na-hrvatskom-djecjem-festivalu\/#primaryimage"},"thumbnailUrl":"https:\/\/gorica.info\/wp-content\/uploads\/2025\/11\/cvrkutavci-lisinski-e1763969370689.jpg","keywords":["dje\u010dji festival","dje\u010dji zbor cvrkutavci","drugo mjesto","kd vatroslava lisinskog","pjesma sre\u0107a","vi\u0161nja ore\u0161kovi\u0107"],"articleSection":["GORICA"],"inLanguage":"en-US","copyrightYear":"2025","copyrightHolder":{"@id":"https:\/\/gorica.info\/en\/#organization"}},{"@type":"WebPage","@id":"https:\/\/gorica.info\/cvrkutavci-osvojili-drugo-mjesto-na-hrvatskom-djecjem-festivalu\/","url":"https:\/\/gorica.info\/cvrkutavci-osvojili-drugo-mjesto-na-hrvatskom-djecjem-festivalu\/","name":"Cvrkutavci osvojili drugo mjesto na Hrvatskom dje\u010djem festivalu - Gorica Info","isPartOf":{"@id":"https:\/\/gorica.info\/#website"},"primaryImageOfPage":{"@id":"https:\/\/gorica.info\/cvrkutavci-osvojili-drugo-mjesto-na-hrvatskom-djecjem-festivalu\/#primaryimage"},"image":{"@id":"https:\/\/gorica.info\/cvrkutavci-osvojili-drugo-mjesto-na-hrvatskom-djecjem-festivalu\/#primaryimage"},"thumbnailUrl":"https:\/\/gorica.info\/wp-content\/uploads\/2025\/11\/cvrkutavci-lisinski-e1763969370689.jpg","datePublished":"2025-11-24T07:25:29+00:00","dateModified":"2025-11-24T07:32:16+00:00","description":"U Koncertnoj dvorani Vatroslava Lisinskog u Zagrebu u nedjelju je odr\u017ean 29. Hrvatski dje\u010dji festival. Cvrkutavci su osvojili drugo mjesto","breadcrumb":{"@id":"https:\/\/gorica.info\/cvrkutavci-osvojili-drugo-mjesto-na-hrvatskom-djecjem-festivalu\/#breadcrumb"},"inLanguage":"en-US","potentialAction":[{"@type":"ReadAction","target":["https:\/\/gorica.info\/cvrkutavci-osvojili-drugo-mjesto-na-hrvatskom-djecjem-festivalu\/"]}]},{"@type":"ImageObject","inLanguage":"en-US","@id":"https:\/\/gorica.info\/cvrkutavci-osvojili-drugo-mjesto-na-hrvatskom-djecjem-festivalu\/#primaryimage","url":"https:\/\/gorica.info\/wp-content\/uploads\/2025\/11\/cvrkutavci-lisinski-e1763969370689.jpg","contentUrl":"https:\/\/gorica.info\/wp-content\/uploads\/2025\/11\/cvrkutavci-lisinski-e1763969370689.jpg","width":1500,"height":935,"caption":"Foto: Dje\u010dji zbor Cvrkutavci"},{"@type":"BreadcrumbList","@id":"https:\/\/gorica.info\/cvrkutavci-osvojili-drugo-mjesto-na-hrvatskom-djecjem-festivalu\/#breadcrumb","itemListElement":[{"@type":"ListItem","position":1,"name":"Po\u010detna stranica","item":"https:\/\/gorica.info\/"},{"@type":"ListItem","position":2,"name":"Cvrkutavci osvojili drugo mjesto na Hrvatskom dje\u010djem festivalu"}]},{"@type":"WebSite","@id":"https:\/\/gorica.info\/#website","url":"https:\/\/gorica.info\/","name":"Gorica Info","description":"Vijesti iz Velike Gorice i okolice.","publisher":{"@id":"https:\/\/gorica.info\/#organization"},"potentialAction":[{"@type":"SearchAction","target":{"@type":"EntryPoint","urlTemplate":"https:\/\/gorica.info\/?s={search_term_string}"},"query-input":{"@type":"PropertyValueSpecification","valueRequired":true,"valueName":"search_term_string"}}],"inLanguage":"en-US"},{"@type":["Organization","Place","NewsMediaOrganization"],"@id":"https:\/\/gorica.info\/#organization","name":"Gorica Info","url":"https:\/\/gorica.info\/","logo":{"@id":"https:\/\/gorica.info\/cvrkutavci-osvojili-drugo-mjesto-na-hrvatskom-djecjem-festivalu\/#local-main-organization-logo"},"image":{"@id":"https:\/\/gorica.info\/cvrkutavci-osvojili-drugo-mjesto-na-hrvatskom-djecjem-festivalu\/#local-main-organization-logo"},"sameAs":["https:\/\/www.facebook.com\/Goricainfo-106005144489262","https:\/\/x.com\/GoricaInfo","https:\/\/www.instagram.com\/gorica.info\/"],"address":{"@id":"https:\/\/gorica.info\/cvrkutavci-osvojili-drugo-mjesto-na-hrvatskom-djecjem-festivalu\/#local-main-place-address"},"telephone":[],"openingHoursSpecification":[{"@type":"OpeningHoursSpecification","dayOfWeek":["Monday","Tuesday","Wednesday","Thursday","Friday","Saturday","Sunday"],"opens":"09:00","closes":"17:00"}],"email":"redakcija@gorica.info"},{"@type":"Person","@id":"https:\/\/gorica.info\/#\/schema\/person\/b2df2f6fb2a9073c0fa5af2672befd52","name":"Marta Horvat","description":"Marta Horvat je studentica koja redovito pi\u0161e za portal, prati sva gradska doga\u0111anja i u\u017eiva isprobavati nove recept koje dijeli s na\u0161im \u010ditateljima.","url":"https:\/\/gorica.info\/en\/author\/marta-horvat\/"},{"@type":"PostalAddress","@id":"https:\/\/gorica.info\/cvrkutavci-osvojili-drugo-mjesto-na-hrvatskom-djecjem-festivalu\/#local-main-place-address","streetAddress":"Horvatova 97","addressLocality":"Velika Gorica","postalCode":"10410","addressRegion":"Croatia","addressCountry":"HR"},{"@type":"ImageObject","inLanguage":"en-US","@id":"https:\/\/gorica.info\/cvrkutavci-osvojili-drugo-mjesto-na-hrvatskom-djecjem-festivalu\/#local-main-organization-logo","url":"https:\/\/gorica.info\/wp-content\/uploads\/2024\/07\/Gorica-Info-Logo-mali.png","contentUrl":"https:\/\/gorica.info\/wp-content\/uploads\/2024\/07\/Gorica-Info-Logo-mali.png","width":450,"height":85,"caption":"Gorica Info"}]},"geo.placename":"Velika Gorica","geo.region":"Croatia"},"_links":{"self":[{"href":"https:\/\/gorica.info\/en\/wp-json\/wp\/v2\/posts\/98265","targetHints":{"allow":["GET"]}}],"collection":[{"href":"https:\/\/gorica.info\/en\/wp-json\/wp\/v2\/posts"}],"about":[{"href":"https:\/\/gorica.info\/en\/wp-json\/wp\/v2\/types\/post"}],"author":[{"embeddable":true,"href":"https:\/\/gorica.info\/en\/wp-json\/wp\/v2\/users\/25"}],"replies":[{"embeddable":true,"href":"https:\/\/gorica.info\/en\/wp-json\/wp\/v2\/comments?post=98265"}],"version-history":[{"count":2,"href":"https:\/\/gorica.info\/en\/wp-json\/wp\/v2\/posts\/98265\/revisions"}],"predecessor-version":[{"id":98269,"href":"https:\/\/gorica.info\/en\/wp-json\/wp\/v2\/posts\/98265\/revisions\/98269"}],"wp:featuredmedia":[{"embeddable":true,"href":"https:\/\/gorica.info\/en\/wp-json\/wp\/v2\/media\/98266"}],"wp:attachment":[{"href":"https:\/\/gorica.info\/en\/wp-json\/wp\/v2\/media?parent=98265"}],"wp:term":[{"taxonomy":"category","embeddable":true,"href":"https:\/\/gorica.info\/en\/wp-json\/wp\/v2\/categories?post=98265"},{"taxonomy":"post_tag","embeddable":true,"href":"https:\/\/gorica.info\/en\/wp-json\/wp\/v2\/tags?post=98265"}],"curies":[{"name":"wp","href":"https:\/\/api.w.org\/{rel}","templated":true}]}}