{"id":99072,"date":"2025-12-10T08:25:03","date_gmt":"2025-12-10T07:25:03","guid":{"rendered":"https:\/\/gorica.info\/?p=99072"},"modified":"2025-12-10T08:24:28","modified_gmt":"2025-12-10T07:24:28","slug":"velika-gorica-uvodi-elektricne-autobuse-u-gradski-prijevoz","status":"publish","type":"post","link":"https:\/\/gorica.info\/en\/velika-gorica-uvodi-elektricne-autobuse-u-gradski-prijevoz\/","title":{"rendered":"Velika Gorica uvodi elektri\u010dne autobuse u gradski prijevoz"},"content":{"rendered":"<p><span style=\"font-size: 20px\"><strong>Velika Gorica<\/strong> od sije\u010dnja 2026. uvodi <strong>elektri\u010dne autobuse<\/strong> u svakodnevni gradski prijevoz. Gra\u0111ani \u0107e ih prvi put mo\u0107i razgledati povodom Dana grada, 12. i 13. prosinca, na parkirali\u0161tu pored Muzeja Turopolja, gdje \u0107e biti organizirano predstavljanje i prezentacija njihovih mogu\u0107nosti.<\/span><\/p>\n<p><span style=\"font-size: 20px\">U promet kre\u0107e <strong>pet elektri\u010dnih autobusa<\/strong> marke <strong>VDL Citea SLF 120 Electric<\/strong> \u2013 dvoosovinskih, niskopodnih vozila u potpunosti prilago\u0111enih osobama s invaliditetom, izvijestili su iz <a href=\"https:\/\/gorica.hr\/\">Gradske uprave. <\/a><\/span><\/p>\n<p><span style=\"font-size: 20px\">Svaki autobus ima kapacitet od <strong>92 putnika<\/strong>, opremljen je <strong>USB uti\u010dnicama<\/strong>, ure\u0111ajima za <strong>validaciju \u010dipova i karata<\/strong>, te <strong>audio-vizualnim sustavom za najavu stanica<\/strong>.<\/span><\/p>\n<p><span style=\"font-size: 20px\">Baterija snage <strong>180 kW<\/strong> omogu\u0107uje doseg od oko <strong>150 kilometara<\/strong>, \u0161to ove autobuse \u010dini idealnima za redovan rad na gradskim linijama i doprinosi smanjenju emisija u urbanom okru\u017eenju. <\/span><span style=\"font-size: 20px\">Pro\u0161loga ljeta uveli smo besplatan lokalni prijevoz na ukupno 16 autobusnih linija, a na\u0161i velikogori\u010dki autobusi ubrzo su postali jedan od za\u0161titnih znakova grada. <\/span><\/p>\n<p><span style=\"font-size: 20px\">Sada, u suradnji s na\u0161im partnerom Arriva Hrvatska, na gradske linije uvodimo i pet elektri\u010dnih autobusa, \u010dime dodatno moderniziramo na\u0161 sustav lokalnog prijevoza i \u010dinimo ga jo\u0161 ekolo\u0161ki prihvatljivijim. Ovo je jo\u0161 jedan projekt kojim podi\u017eemo kvalitetu \u017eivota u na\u0161em gradu &#8211; istaknuo je gradona\u010delnik Velike Gorice <strong>Kre\u0161imir A\u010dkar.<\/strong><\/span><\/p>\n<p><span style=\"font-size: 20px\">&#8211; Od sije\u010dnja 2026. u gradski prijevoz Velike Gorice uvodimo pet elektri\u010dnih autobusa, \u010dime \u010dinimo va\u017ean korak prema odr\u017eivijem, \u010di\u0161\u0107em i ugodnijem javnom prijevozu. U <a href=\"https:\/\/gorica.info\/en\/stigao-novi-prijevoznik-velikogoricani-se-od-danas-voze-besplatno-po-gradu-i-okolnim-naseljima\/\">Velikoj Gorici<\/a> prometujemo od 1. srpnja 2024., a elektrifikacija dijela flote va\u017ean je korak u podizanju kvalitete usluge za na\u0161e putnike i smanjenju emisija u urbanom okru\u017eenju. <\/span><\/p>\n<p><span style=\"font-size: 20px\">Odr\u017eivost je u sredi\u0161tu strategije Arrive, kako u Hrvatskoj tako i na razini cijele Grupe. Stoga kontinuirano razvijamo projekte koji smanjuju utjecaj na okoli\u0161 i poti\u010du prelazak na zeleniju mobilnost. Otvoreni smo za investicije u elektri\u010dne autobuse i u drugim hrvatskim gradovima u kojima vidimo realan potencijal za razvoj odr\u017eivog javnog prijevoza. <\/span><\/p>\n<p><span style=\"font-size: 20px\">Na\u0161 cilj je iskustvo i modele koje razvijamo u Velikoj Gorici uspje\u0161no prenijeti i drugdje \u2013 u korist putnika, zajednice i okoli\u0161a &#8211; rekao je generalni direktor Arriva Hrvatska <strong>Dra\u017een Divjak<\/strong>.<\/span><\/p>","protected":false},"excerpt":{"rendered":"<p>Velika Gorica od sije\u010dnja 2026. uvodi elektri\u010dne autobuse u svakodnevni gradski prijevoz. Gra\u0111ani \u0107e ih prvi put mo\u0107i razgledati povodom Dana grada, 12. i 13. prosinca, na parkirali\u0161tu pored Muzeja Turopolja, gdje \u0107e biti organizirano predstavljanje i prezentacija njihovih mogu\u0107nosti. U promet kre\u0107e pet elektri\u010dnih autobusa marke VDL Citea SLF 120 Electric \u2013 dvoosovinskih, niskopodnih [&hellip;]<\/p>\n","protected":false},"author":23,"featured_media":99073,"comment_status":"closed","ping_status":"closed","sticky":false,"template":"","format":"standard","meta":{"limit_modified_date":"1","last_modified_date":"","jnews-multi-image_gallery":[],"jnews_single_post":{"format":"standard","override":[{"template":"3","parallax":"1","fullscreen":"1","layout":"right-sidebar","sidebar":"default-sidebar","second_sidebar":"default-sidebar","sticky_sidebar":"1","share_position":"top","share_float_style":"share-monocrhome","show_featured":"1","show_post_meta":"1","show_post_author":"1","show_post_author_image":"1","show_post_date":"1","post_date_format":"default","post_date_format_custom":"Y\/m\/d","show_post_category":"1","show_post_reading_time":"1","post_reading_time_wpm":"300","post_calculate_word_method":"str_word_count","zoom_button_out_step":"2","zoom_button_in_step":"3","show_post_tag":"1","show_popup_post":"1","show_comment_section":"1","number_popup_post":"1","show_post_related":"1"}],"image_override":[{"single_post_thumbnail_size":"crop-500","single_post_gallery_size":"crop-500"}],"trending_post_position":"meta","trending_post_label":"Trending","sponsored_post_label":"Sponsored by","disable_ad":"0","subtitle":"Gra\u0111ani \u0107e ih prvi put mo\u0107i razgledati povodom Dana grada, 12. i 13. prosinca, na parkirali\u0161tu pored Muzeja Turopolja"},"jnews_primary_category":[],"jnews_override_counter":{"view_counter_number":"0","share_counter_number":"0","like_counter_number":"0","dislike_counter_number":"0"},"footnotes":""},"categories":[87],"tags":[1867,21619,20856,122,15554],"class_list":["post-99072","post","type-post","status-publish","format-standard","has-post-thumbnail","hentry","category-gorica","tag-dan-grada","tag-elektricni-autobusi","tag-gradski-autobusi","tag-velika-gorica","tag-vg-vijesti"],"yoast_head":"<!-- This site is optimized with the Yoast SEO Premium plugin v27.4 (Yoast SEO v27.4) - https:\/\/yoast.com\/product\/yoast-seo-premium-wordpress\/ -->\n<title>Velika Gorica uvodi elektri\u010dne autobuse u gradski prijevoz - Gorica Info<\/title>\n<meta name=\"description\" content=\"Gra\u0111ani \u0107e elektri\u010dne autobuse prvi put mo\u0107i razgledati povodom Dana grada, 12. i 13. prosinca na parkirali\u0161tu pored Muzeja Turopolja.\" \/>\n<meta name=\"robots\" content=\"index, follow, max-snippet:-1, max-image-preview:large, max-video-preview:-1\" \/>\n<link rel=\"canonical\" href=\"https:\/\/gorica.info\/en\/velika-gorica-uvodi-elektricne-autobuse-u-gradski-prijevoz\/\" \/>\n<meta property=\"og:locale\" content=\"en_US\" \/>\n<meta property=\"og:type\" content=\"article\" \/>\n<meta property=\"og:title\" content=\"Velika Gorica uvodi elektri\u010dne autobuse u gradski prijevoz\" \/>\n<meta property=\"og:description\" content=\"Gra\u0111ani \u0107e elektri\u010dne autobuse prvi put mo\u0107i razgledati povodom Dana grada, 12. i 13. prosinca na parkirali\u0161tu pored Muzeja Turopolja.\" \/>\n<meta property=\"og:url\" content=\"https:\/\/gorica.info\/en\/velika-gorica-uvodi-elektricne-autobuse-u-gradski-prijevoz\/\" \/>\n<meta property=\"og:site_name\" content=\"Gorica Info\" \/>\n<meta property=\"article:publisher\" content=\"https:\/\/www.facebook.com\/Goricainfo-106005144489262\" \/>\n<meta property=\"article:published_time\" content=\"2025-12-10T07:25:03+00:00\" \/>\n<meta property=\"og:image\" content=\"https:\/\/gorica.info\/wp-content\/uploads\/2025\/12\/arriva-bus.jpg\" \/>\n\t<meta property=\"og:image:width\" content=\"1075\" \/>\n\t<meta property=\"og:image:height\" content=\"628\" \/>\n\t<meta property=\"og:image:type\" content=\"image\/jpeg\" \/>\n<meta name=\"author\" content=\"Gorica. info\" \/>\n<meta name=\"twitter:card\" content=\"summary_large_image\" \/>\n<meta name=\"twitter:creator\" content=\"@GoricaInfo\" \/>\n<meta name=\"twitter:site\" content=\"@GoricaInfo\" \/>\n<meta name=\"twitter:label1\" content=\"Written by\" \/>\n\t<meta name=\"twitter:data1\" content=\"Gorica. info\" \/>\n\t<meta name=\"twitter:label2\" content=\"Est. reading time\" \/>\n\t<meta name=\"twitter:data2\" content=\"2 minutes\" \/>\n<meta name=\"geo.placename\" content=\"Velika Gorica\" \/>\n<meta name=\"geo.region\" content=\"Croatia\" \/>\n<!-- \/ Yoast SEO Premium plugin. -->","yoast_head_json":{"title":"Velika Gorica uvodi elektri\u010dne autobuse u gradski prijevoz - Gorica Info","description":"Gra\u0111ani \u0107e elektri\u010dne autobuse prvi put mo\u0107i razgledati povodom Dana grada, 12. i 13. prosinca na parkirali\u0161tu pored Muzeja Turopolja.","robots":{"index":"index","follow":"follow","max-snippet":"max-snippet:-1","max-image-preview":"max-image-preview:large","max-video-preview":"max-video-preview:-1"},"canonical":"https:\/\/gorica.info\/en\/velika-gorica-uvodi-elektricne-autobuse-u-gradski-prijevoz\/","og_locale":"en_US","og_type":"article","og_title":"Velika Gorica uvodi elektri\u010dne autobuse u gradski prijevoz","og_description":"Gra\u0111ani \u0107e elektri\u010dne autobuse prvi put mo\u0107i razgledati povodom Dana grada, 12. i 13. prosinca na parkirali\u0161tu pored Muzeja Turopolja.","og_url":"https:\/\/gorica.info\/en\/velika-gorica-uvodi-elektricne-autobuse-u-gradski-prijevoz\/","og_site_name":"Gorica Info","article_publisher":"https:\/\/www.facebook.com\/Goricainfo-106005144489262","article_published_time":"2025-12-10T07:25:03+00:00","og_image":[{"width":1075,"height":628,"url":"https:\/\/gorica.info\/wp-content\/uploads\/2025\/12\/arriva-bus.jpg","type":"image\/jpeg"}],"author":"Gorica. info","twitter_card":"summary_large_image","twitter_creator":"@GoricaInfo","twitter_site":"@GoricaInfo","twitter_misc":{"Written by":"Gorica. info","Est. reading time":"2 minutes"},"schema":{"@context":"https:\/\/schema.org","@graph":[{"@type":"NewsArticle","@id":"https:\/\/gorica.info\/velika-gorica-uvodi-elektricne-autobuse-u-gradski-prijevoz\/#article","isPartOf":{"@id":"https:\/\/gorica.info\/velika-gorica-uvodi-elektricne-autobuse-u-gradski-prijevoz\/"},"author":{"name":"Gorica. info","@id":"https:\/\/gorica.info\/#\/schema\/person\/4499af1f22f322670b9b5977ccc2e3de"},"headline":"Velika Gorica uvodi elektri\u010dne autobuse u gradski prijevoz","datePublished":"2025-12-10T07:25:03+00:00","mainEntityOfPage":{"@id":"https:\/\/gorica.info\/velika-gorica-uvodi-elektricne-autobuse-u-gradski-prijevoz\/"},"wordCount":363,"publisher":{"@id":"https:\/\/gorica.info\/#organization"},"image":{"@id":"https:\/\/gorica.info\/velika-gorica-uvodi-elektricne-autobuse-u-gradski-prijevoz\/#primaryimage"},"thumbnailUrl":"https:\/\/gorica.info\/wp-content\/uploads\/2025\/12\/arriva-bus.jpg","keywords":["dan grada","elektri\u010dni autobusi","gradski autobusi","Velika Gorica","vg vijesti"],"articleSection":["GORICA"],"inLanguage":"en-US","copyrightYear":"2025","copyrightHolder":{"@id":"https:\/\/gorica.info\/en\/#organization"}},{"@type":"WebPage","@id":"https:\/\/gorica.info\/velika-gorica-uvodi-elektricne-autobuse-u-gradski-prijevoz\/","url":"https:\/\/gorica.info\/velika-gorica-uvodi-elektricne-autobuse-u-gradski-prijevoz\/","name":"Velika Gorica uvodi elektri\u010dne autobuse u gradski prijevoz - Gorica Info","isPartOf":{"@id":"https:\/\/gorica.info\/#website"},"primaryImageOfPage":{"@id":"https:\/\/gorica.info\/velika-gorica-uvodi-elektricne-autobuse-u-gradski-prijevoz\/#primaryimage"},"image":{"@id":"https:\/\/gorica.info\/velika-gorica-uvodi-elektricne-autobuse-u-gradski-prijevoz\/#primaryimage"},"thumbnailUrl":"https:\/\/gorica.info\/wp-content\/uploads\/2025\/12\/arriva-bus.jpg","datePublished":"2025-12-10T07:25:03+00:00","description":"Gra\u0111ani \u0107e elektri\u010dne autobuse prvi put mo\u0107i razgledati povodom Dana grada, 12. i 13. prosinca na parkirali\u0161tu pored Muzeja Turopolja.","breadcrumb":{"@id":"https:\/\/gorica.info\/velika-gorica-uvodi-elektricne-autobuse-u-gradski-prijevoz\/#breadcrumb"},"inLanguage":"en-US","potentialAction":[{"@type":"ReadAction","target":["https:\/\/gorica.info\/velika-gorica-uvodi-elektricne-autobuse-u-gradski-prijevoz\/"]}]},{"@type":"ImageObject","inLanguage":"en-US","@id":"https:\/\/gorica.info\/velika-gorica-uvodi-elektricne-autobuse-u-gradski-prijevoz\/#primaryimage","url":"https:\/\/gorica.info\/wp-content\/uploads\/2025\/12\/arriva-bus.jpg","contentUrl":"https:\/\/gorica.info\/wp-content\/uploads\/2025\/12\/arriva-bus.jpg","width":1075,"height":628,"caption":"Foto: Grad Velika Gorica"},{"@type":"BreadcrumbList","@id":"https:\/\/gorica.info\/velika-gorica-uvodi-elektricne-autobuse-u-gradski-prijevoz\/#breadcrumb","itemListElement":[{"@type":"ListItem","position":1,"name":"Po\u010detna stranica","item":"https:\/\/gorica.info\/"},{"@type":"ListItem","position":2,"name":"Velika Gorica uvodi elektri\u010dne autobuse u gradski prijevoz"}]},{"@type":"WebSite","@id":"https:\/\/gorica.info\/#website","url":"https:\/\/gorica.info\/","name":"Gorica Info","description":"Vijesti iz Velike Gorice i okolice.","publisher":{"@id":"https:\/\/gorica.info\/#organization"},"potentialAction":[{"@type":"SearchAction","target":{"@type":"EntryPoint","urlTemplate":"https:\/\/gorica.info\/?s={search_term_string}"},"query-input":{"@type":"PropertyValueSpecification","valueRequired":true,"valueName":"search_term_string"}}],"inLanguage":"en-US"},{"@type":["Organization","Place","NewsMediaOrganization"],"@id":"https:\/\/gorica.info\/#organization","name":"Gorica Info","url":"https:\/\/gorica.info\/","logo":{"@id":"https:\/\/gorica.info\/velika-gorica-uvodi-elektricne-autobuse-u-gradski-prijevoz\/#local-main-organization-logo"},"image":{"@id":"https:\/\/gorica.info\/velika-gorica-uvodi-elektricne-autobuse-u-gradski-prijevoz\/#local-main-organization-logo"},"sameAs":["https:\/\/www.facebook.com\/Goricainfo-106005144489262","https:\/\/x.com\/GoricaInfo","https:\/\/www.instagram.com\/gorica.info\/"],"address":{"@id":"https:\/\/gorica.info\/velika-gorica-uvodi-elektricne-autobuse-u-gradski-prijevoz\/#local-main-place-address"},"telephone":[],"openingHoursSpecification":[{"@type":"OpeningHoursSpecification","dayOfWeek":["Monday","Tuesday","Wednesday","Thursday","Friday","Saturday","Sunday"],"opens":"09:00","closes":"17:00"}],"email":"redakcija@gorica.info"},{"@type":"Person","@id":"https:\/\/gorica.info\/#\/schema\/person\/4499af1f22f322670b9b5977ccc2e3de","name":"Gorica. info","description":"Gorica.info je lokalni portal koji prati Veliku Goricu i okolici, svakodnevno donosi najnovije vijesti i pri\u010de, kulturna doga\u0111anja i aktualnosti koje oblikuju \u017eivot gra\u0111ana.","url":"https:\/\/gorica.info\/en\/author\/gorica-info\/"},{"@type":"PostalAddress","@id":"https:\/\/gorica.info\/velika-gorica-uvodi-elektricne-autobuse-u-gradski-prijevoz\/#local-main-place-address","streetAddress":"Horvatova 97","addressLocality":"Velika Gorica","postalCode":"10410","addressRegion":"Croatia","addressCountry":"HR"},{"@type":"ImageObject","inLanguage":"en-US","@id":"https:\/\/gorica.info\/velika-gorica-uvodi-elektricne-autobuse-u-gradski-prijevoz\/#local-main-organization-logo","url":"https:\/\/gorica.info\/wp-content\/uploads\/2024\/07\/Gorica-Info-Logo-mali.png","contentUrl":"https:\/\/gorica.info\/wp-content\/uploads\/2024\/07\/Gorica-Info-Logo-mali.png","width":450,"height":85,"caption":"Gorica Info"}]},"geo.placename":"Velika Gorica","geo.region":"Croatia"},"_links":{"self":[{"href":"https:\/\/gorica.info\/en\/wp-json\/wp\/v2\/posts\/99072","targetHints":{"allow":["GET"]}}],"collection":[{"href":"https:\/\/gorica.info\/en\/wp-json\/wp\/v2\/posts"}],"about":[{"href":"https:\/\/gorica.info\/en\/wp-json\/wp\/v2\/types\/post"}],"author":[{"embeddable":true,"href":"https:\/\/gorica.info\/en\/wp-json\/wp\/v2\/users\/23"}],"replies":[{"embeddable":true,"href":"https:\/\/gorica.info\/en\/wp-json\/wp\/v2\/comments?post=99072"}],"version-history":[{"count":4,"href":"https:\/\/gorica.info\/en\/wp-json\/wp\/v2\/posts\/99072\/revisions"}],"predecessor-version":[{"id":99077,"href":"https:\/\/gorica.info\/en\/wp-json\/wp\/v2\/posts\/99072\/revisions\/99077"}],"wp:featuredmedia":[{"embeddable":true,"href":"https:\/\/gorica.info\/en\/wp-json\/wp\/v2\/media\/99073"}],"wp:attachment":[{"href":"https:\/\/gorica.info\/en\/wp-json\/wp\/v2\/media?parent=99072"}],"wp:term":[{"taxonomy":"category","embeddable":true,"href":"https:\/\/gorica.info\/en\/wp-json\/wp\/v2\/categories?post=99072"},{"taxonomy":"post_tag","embeddable":true,"href":"https:\/\/gorica.info\/en\/wp-json\/wp\/v2\/tags?post=99072"}],"curies":[{"name":"wp","href":"https:\/\/api.w.org\/{rel}","templated":true}]}}