{"id":99172,"date":"2025-12-12T08:14:12","date_gmt":"2025-12-12T07:14:12","guid":{"rendered":"https:\/\/gorica.info\/?p=99172"},"modified":"2025-12-13T07:58:28","modified_gmt":"2025-12-13T06:58:28","slug":"konferencija-o-gospodarenju-otpadom-na-gorickom-podrucju","status":"publish","type":"post","link":"https:\/\/gorica.info\/en\/konferencija-o-gospodarenju-otpadom-na-gorickom-podrucju\/","title":{"rendered":"Konferencija o gospodarenju otpadom na gori\u010dkom podru\u010dju"},"content":{"rendered":"<p><span style=\"font-size: 20px\"><strong>Grad Velika Gorica<\/strong> u ponedjeljak, 15. prosinca organizira konferenciju o gospodarenju otpadom koja \u0107e se odr\u017eati u prostorijama Turisti\u010dke zajednice Velike Gorice.<\/span><\/p>\n<p><span style=\"font-size: 20px\">Na konferenciji \u0107e biti predstavljeni klju\u010dni koraci te budu\u0107i planovi za unapre\u0111enje sustava za\u0161tite okoli\u0161a u na\u0161em gradu. <\/span><\/p>\n<p><span style=\"font-size: 20px\">Sudionici \u0107e imati priliku saznati vi\u0161e o projektima i inicijativama koje doprinose izgradnji \u010di\u0161\u0107e, sigurnije i odr\u017eivije Velike Gorice. Konferencija po\u010dinje u 9:30 sati.<\/span><\/p>\n<h3><span style=\"font-size: 20px\">PROGRAM KONFERENCIJE<\/span><\/h3>\n<p><span style=\"font-size: 20px\">9:30 \u2013 10:00 \u2013 Okupljanje sudionika i prijava<\/span><\/p>\n<p><span style=\"font-size: 20px\">10:00 \u2013 10:10 \u2013 Pozdrav sudionicima konferencije<\/span><\/p>\n<p><span style=\"font-size: 20px\">\u2013 Potpisivanje ugovora \u201eZero Waste\u201c<\/span><\/p>\n<p><span style=\"font-size: 20px\">10:10 \u2013 10:30 \u2013 Zero Waste \u2013 <strong>Marko Ko\u0161ak<\/strong> (Zelena akcija)<\/span><\/p>\n<p><span style=\"font-size: 20px\">\u2013 Velika Gorica na putu do certifikata uspje\u0161nosti u gospodarenju otpadom \u2013 Zero Waste<\/span><\/p>\n<p><span style=\"font-size: 20px\">10:30 \u2013 11:00 \u2013 Gospodarenje komunalnim otpadom na podru\u010dju GVG \u2013 <strong>VG \u010cisto\u0107a d.o.o.\u00a0<\/strong><\/span><span style=\"font-size: 20px\">(sustav gospodarenja otpadom, mehanizacija)<\/span><\/p>\n<p><span style=\"font-size: 20px\">11:00 \u2013 11:15 \u2013 Analiza sustava i morfolo\u0161kih karakteristika otpada \u2013 <strong>VG \u010cisto\u0107a d.o.o.<\/strong><\/span><\/p>\n<p><span style=\"font-size: 20px\">11:15 \u2013 11:30 \u2013 Pauza za kavu<\/span><\/p>\n<p><span style=\"font-size: 20px\">11:30 \u2013 11:45 \u2013 Borba protiv divljih deponija \u2013 <strong>Mihael Grdeni\u0107<\/strong> (Grad Velika Gorica)<\/span><\/p>\n<p><span style=\"font-size: 20px\">11:45 \u2013 12:00 \u2013<a href=\"https:\/\/gorica.info\/en\/novo-reciklazno-dvoriste-u-kurilovcu-pocelo-s-radom-gradani-mogu-besplatno-odlagati-40-vrsta-otpada\/\"> Recikla\u017ena dvori\u0161ta<\/a> \u2013 VG \u010cisto\u0107a d.o.o.\u00a0<\/span><span style=\"font-size: 20px\">(podaci o radu novootvorenog recikla\u017enog dvori\u0161ta u Kirin\u010di\u0107evoj ulici, nabava opreme)<\/span><\/p>\n<p><span style=\"font-size: 20px\">12:00 \u2013 13:00 \u2013 Ru\u010dak za sudionike \/ Umre\u017eavanje<\/span><\/p>\n<p><span style=\"font-size: 20px\">Prijava sudionika bi \u0107e mogu\u0107a prije po\u010detka same konferencije.<\/span><\/p>\n<p><span style=\"font-size: 20px\">Pozivamo sve zainteresirane da se pridru\u017ee i saznaju vi\u0161e o aktivnostima koje oblikuju na\u0161u zelenu budu\u0107nost, poru\u010dili su iz <a href=\"https:\/\/gorica.hr\/2025\/12\/konferencija-o-gospodarenju-otpadom-prezentacija-projekata-analiza-sustava-i-potpisivanje-zero-waste-ugovora\/\">Gradske uprave<\/a>.<\/span><\/p>","protected":false},"excerpt":{"rendered":"<p>Grad Velika Gorica u ponedjeljak, 15. prosinca organizira konferenciju o gospodarenju otpadom koja \u0107e se odr\u017eati u prostorijama Turisti\u010dke zajednice Velike Gorice. Na konferenciji \u0107e biti predstavljeni klju\u010dni koraci te budu\u0107i planovi za unapre\u0111enje sustava za\u0161tite okoli\u0161a u na\u0161em gradu. Sudionici \u0107e imati priliku saznati vi\u0161e o projektima i inicijativama koje doprinose izgradnji \u010di\u0161\u0107e, sigurnije [&hellip;]<\/p>\n","protected":false},"author":23,"featured_media":99173,"comment_status":"closed","ping_status":"closed","sticky":false,"template":"","format":"standard","meta":{"limit_modified_date":"1","last_modified_date":"","jnews-multi-image_gallery":[],"jnews_single_post":{"subtitle":"Sudionici \u0107e imati priliku saznati vi\u0161e o projektima i inicijativama koje doprinose izgradnji \u010di\u0161\u0107e, sigurnije i odr\u017eivije Velike Gorice","format":"standard","override":[{"template":"3","parallax":"1","fullscreen":"1","layout":"right-sidebar","sidebar":"default-sidebar","second_sidebar":"default-sidebar","sticky_sidebar":"1","share_position":"top","share_float_style":"share-monocrhome","show_featured":"1","show_post_meta":"1","show_post_author":"1","show_post_author_image":"1","show_post_date":"1","post_date_format":"default","post_date_format_custom":"Y\/m\/d","show_post_category":"1","show_post_reading_time":"1","post_reading_time_wpm":"300","post_calculate_word_method":"str_word_count","zoom_button_out_step":"2","zoom_button_in_step":"3","show_post_tag":"1","show_popup_post":"1","show_comment_section":"1","number_popup_post":"1","show_post_related":"1"}],"image_override":[{"single_post_thumbnail_size":"crop-500","single_post_gallery_size":"crop-500"}],"trending_post_position":"meta","trending_post_label":"Trending","sponsored_post_label":"Sponsored by","disable_ad":"0"},"jnews_primary_category":[],"jnews_override_counter":{"view_counter_number":"0","share_counter_number":"0","like_counter_number":"0","dislike_counter_number":"0"},"footnotes":""},"categories":[87],"tags":[2724,21653,14791,15549,321,15554,5854],"class_list":["post-99172","post","type-post","status-publish","format-standard","has-post-thumbnail","hentry","category-gorica","tag-gospodarenje-otpadom","tag-konferencija-o-gospodarenju-otpadom","tag-marko-kosak","tag-velika-gorica-danas","tag-vg-cistoca","tag-vg-vijesti","tag-zelena-akcija"],"yoast_head":"<!-- This site is optimized with the Yoast SEO Premium plugin v27.4 (Yoast SEO v27.4) - https:\/\/yoast.com\/product\/yoast-seo-premium-wordpress\/ -->\n<title>Konferencija o gospodarenju otpadom na gori\u010dkom podru\u010dju - Gorica Info<\/title>\n<meta name=\"description\" content=\"Grad Velika Gorica u ponedjeljak 15. prosinca organizira konferenciju o gospodarenju otpadom koja \u0107e se odr\u017eati u Turisti\u010dkoj zajednici.\" \/>\n<meta name=\"robots\" content=\"index, follow, max-snippet:-1, max-image-preview:large, max-video-preview:-1\" \/>\n<link rel=\"canonical\" href=\"https:\/\/gorica.info\/en\/konferencija-o-gospodarenju-otpadom-na-gorickom-podrucju\/\" \/>\n<meta property=\"og:locale\" content=\"en_US\" \/>\n<meta property=\"og:type\" content=\"article\" \/>\n<meta property=\"og:title\" content=\"Konferencija o gospodarenju otpadom na gori\u010dkom podru\u010dju\" \/>\n<meta property=\"og:description\" content=\"Grad Velika Gorica u ponedjeljak 15. prosinca organizira konferenciju o gospodarenju otpadom koja \u0107e se odr\u017eati u Turisti\u010dkoj zajednici.\" \/>\n<meta property=\"og:url\" content=\"https:\/\/gorica.info\/en\/konferencija-o-gospodarenju-otpadom-na-gorickom-podrucju\/\" \/>\n<meta property=\"og:site_name\" content=\"Gorica Info\" \/>\n<meta property=\"article:publisher\" content=\"https:\/\/www.facebook.com\/Goricainfo-106005144489262\" \/>\n<meta property=\"article:published_time\" content=\"2025-12-12T07:14:12+00:00\" \/>\n<meta property=\"article:modified_time\" content=\"2025-12-13T06:58:28+00:00\" \/>\n<meta property=\"og:image\" content=\"https:\/\/gorica.info\/wp-content\/uploads\/2025\/12\/reciklazno-otvorenje7-2-e1765523349862.jpg\" \/>\n\t<meta property=\"og:image:width\" content=\"1500\" \/>\n\t<meta property=\"og:image:height\" content=\"803\" \/>\n\t<meta property=\"og:image:type\" content=\"image\/jpeg\" \/>\n<meta name=\"author\" content=\"Gorica. info\" \/>\n<meta name=\"twitter:card\" content=\"summary_large_image\" \/>\n<meta name=\"twitter:creator\" content=\"@GoricaInfo\" \/>\n<meta name=\"twitter:site\" content=\"@GoricaInfo\" \/>\n<meta name=\"twitter:label1\" content=\"Written by\" \/>\n\t<meta name=\"twitter:data1\" content=\"Gorica. info\" \/>\n\t<meta name=\"twitter:label2\" content=\"Est. reading time\" \/>\n\t<meta name=\"twitter:data2\" content=\"2 minutes\" \/>\n<meta name=\"geo.placename\" content=\"Velika Gorica\" \/>\n<meta name=\"geo.region\" content=\"Croatia\" \/>\n<!-- \/ Yoast SEO Premium plugin. -->","yoast_head_json":{"title":"Konferencija o gospodarenju otpadom na gori\u010dkom podru\u010dju - Gorica Info","description":"Grad Velika Gorica u ponedjeljak 15. prosinca organizira konferenciju o gospodarenju otpadom koja \u0107e se odr\u017eati u Turisti\u010dkoj zajednici.","robots":{"index":"index","follow":"follow","max-snippet":"max-snippet:-1","max-image-preview":"max-image-preview:large","max-video-preview":"max-video-preview:-1"},"canonical":"https:\/\/gorica.info\/en\/konferencija-o-gospodarenju-otpadom-na-gorickom-podrucju\/","og_locale":"en_US","og_type":"article","og_title":"Konferencija o gospodarenju otpadom na gori\u010dkom podru\u010dju","og_description":"Grad Velika Gorica u ponedjeljak 15. prosinca organizira konferenciju o gospodarenju otpadom koja \u0107e se odr\u017eati u Turisti\u010dkoj zajednici.","og_url":"https:\/\/gorica.info\/en\/konferencija-o-gospodarenju-otpadom-na-gorickom-podrucju\/","og_site_name":"Gorica Info","article_publisher":"https:\/\/www.facebook.com\/Goricainfo-106005144489262","article_published_time":"2025-12-12T07:14:12+00:00","article_modified_time":"2025-12-13T06:58:28+00:00","og_image":[{"width":1500,"height":803,"url":"https:\/\/gorica.info\/wp-content\/uploads\/2025\/12\/reciklazno-otvorenje7-2-e1765523349862.jpg","type":"image\/jpeg"}],"author":"Gorica. info","twitter_card":"summary_large_image","twitter_creator":"@GoricaInfo","twitter_site":"@GoricaInfo","twitter_misc":{"Written by":"Gorica. info","Est. reading time":"2 minutes"},"schema":{"@context":"https:\/\/schema.org","@graph":[{"@type":"NewsArticle","@id":"https:\/\/gorica.info\/konferencija-o-gospodarenju-otpadom-na-gorickom-podrucju\/#article","isPartOf":{"@id":"https:\/\/gorica.info\/konferencija-o-gospodarenju-otpadom-na-gorickom-podrucju\/"},"author":{"name":"Gorica. info","@id":"https:\/\/gorica.info\/#\/schema\/person\/4499af1f22f322670b9b5977ccc2e3de"},"headline":"Konferencija o gospodarenju otpadom na gori\u010dkom podru\u010dju","datePublished":"2025-12-12T07:14:12+00:00","dateModified":"2025-12-13T06:58:28+00:00","mainEntityOfPage":{"@id":"https:\/\/gorica.info\/konferencija-o-gospodarenju-otpadom-na-gorickom-podrucju\/"},"wordCount":226,"publisher":{"@id":"https:\/\/gorica.info\/#organization"},"image":{"@id":"https:\/\/gorica.info\/konferencija-o-gospodarenju-otpadom-na-gorickom-podrucju\/#primaryimage"},"thumbnailUrl":"https:\/\/gorica.info\/wp-content\/uploads\/2025\/12\/reciklazno-otvorenje7-2-e1765523349862.jpg","keywords":["gospodarenje otpadom","konferencija o gospodarenju otpadom","marko ko\u0161ak","velika gorica danas","VG \u010cisto\u0107a","vg vijesti","zelena akcija"],"articleSection":["GORICA"],"inLanguage":"en-US","copyrightYear":"2025","copyrightHolder":{"@id":"https:\/\/gorica.info\/en\/#organization"}},{"@type":"WebPage","@id":"https:\/\/gorica.info\/konferencija-o-gospodarenju-otpadom-na-gorickom-podrucju\/","url":"https:\/\/gorica.info\/konferencija-o-gospodarenju-otpadom-na-gorickom-podrucju\/","name":"Konferencija o gospodarenju otpadom na gori\u010dkom podru\u010dju - Gorica Info","isPartOf":{"@id":"https:\/\/gorica.info\/#website"},"primaryImageOfPage":{"@id":"https:\/\/gorica.info\/konferencija-o-gospodarenju-otpadom-na-gorickom-podrucju\/#primaryimage"},"image":{"@id":"https:\/\/gorica.info\/konferencija-o-gospodarenju-otpadom-na-gorickom-podrucju\/#primaryimage"},"thumbnailUrl":"https:\/\/gorica.info\/wp-content\/uploads\/2025\/12\/reciklazno-otvorenje7-2-e1765523349862.jpg","datePublished":"2025-12-12T07:14:12+00:00","dateModified":"2025-12-13T06:58:28+00:00","description":"Grad Velika Gorica u ponedjeljak 15. prosinca organizira konferenciju o gospodarenju otpadom koja \u0107e se odr\u017eati u Turisti\u010dkoj zajednici.","breadcrumb":{"@id":"https:\/\/gorica.info\/konferencija-o-gospodarenju-otpadom-na-gorickom-podrucju\/#breadcrumb"},"inLanguage":"en-US","potentialAction":[{"@type":"ReadAction","target":["https:\/\/gorica.info\/konferencija-o-gospodarenju-otpadom-na-gorickom-podrucju\/"]}]},{"@type":"ImageObject","inLanguage":"en-US","@id":"https:\/\/gorica.info\/konferencija-o-gospodarenju-otpadom-na-gorickom-podrucju\/#primaryimage","url":"https:\/\/gorica.info\/wp-content\/uploads\/2025\/12\/reciklazno-otvorenje7-2-e1765523349862.jpg","contentUrl":"https:\/\/gorica.info\/wp-content\/uploads\/2025\/12\/reciklazno-otvorenje7-2-e1765523349862.jpg","width":1500,"height":803,"caption":"Foto: Gorica.info"},{"@type":"BreadcrumbList","@id":"https:\/\/gorica.info\/konferencija-o-gospodarenju-otpadom-na-gorickom-podrucju\/#breadcrumb","itemListElement":[{"@type":"ListItem","position":1,"name":"Po\u010detna stranica","item":"https:\/\/gorica.info\/"},{"@type":"ListItem","position":2,"name":"Konferencija o gospodarenju otpadom na gori\u010dkom podru\u010dju"}]},{"@type":"WebSite","@id":"https:\/\/gorica.info\/#website","url":"https:\/\/gorica.info\/","name":"Gorica Info","description":"Vijesti iz Velike Gorice i okolice.","publisher":{"@id":"https:\/\/gorica.info\/#organization"},"potentialAction":[{"@type":"SearchAction","target":{"@type":"EntryPoint","urlTemplate":"https:\/\/gorica.info\/?s={search_term_string}"},"query-input":{"@type":"PropertyValueSpecification","valueRequired":true,"valueName":"search_term_string"}}],"inLanguage":"en-US"},{"@type":["Organization","Place","NewsMediaOrganization"],"@id":"https:\/\/gorica.info\/#organization","name":"Gorica Info","url":"https:\/\/gorica.info\/","logo":{"@id":"https:\/\/gorica.info\/konferencija-o-gospodarenju-otpadom-na-gorickom-podrucju\/#local-main-organization-logo"},"image":{"@id":"https:\/\/gorica.info\/konferencija-o-gospodarenju-otpadom-na-gorickom-podrucju\/#local-main-organization-logo"},"sameAs":["https:\/\/www.facebook.com\/Goricainfo-106005144489262","https:\/\/x.com\/GoricaInfo","https:\/\/www.instagram.com\/gorica.info\/"],"address":{"@id":"https:\/\/gorica.info\/konferencija-o-gospodarenju-otpadom-na-gorickom-podrucju\/#local-main-place-address"},"telephone":[],"openingHoursSpecification":[{"@type":"OpeningHoursSpecification","dayOfWeek":["Monday","Tuesday","Wednesday","Thursday","Friday","Saturday","Sunday"],"opens":"09:00","closes":"17:00"}],"email":"redakcija@gorica.info"},{"@type":"Person","@id":"https:\/\/gorica.info\/#\/schema\/person\/4499af1f22f322670b9b5977ccc2e3de","name":"Gorica. info","description":"Gorica.info je lokalni portal koji prati Veliku Goricu i okolici, svakodnevno donosi najnovije vijesti i pri\u010de, kulturna doga\u0111anja i aktualnosti koje oblikuju \u017eivot gra\u0111ana.","url":"https:\/\/gorica.info\/en\/author\/gorica-info\/"},{"@type":"PostalAddress","@id":"https:\/\/gorica.info\/konferencija-o-gospodarenju-otpadom-na-gorickom-podrucju\/#local-main-place-address","streetAddress":"Horvatova 97","addressLocality":"Velika Gorica","postalCode":"10410","addressRegion":"Croatia","addressCountry":"HR"},{"@type":"ImageObject","inLanguage":"en-US","@id":"https:\/\/gorica.info\/konferencija-o-gospodarenju-otpadom-na-gorickom-podrucju\/#local-main-organization-logo","url":"https:\/\/gorica.info\/wp-content\/uploads\/2024\/07\/Gorica-Info-Logo-mali.png","contentUrl":"https:\/\/gorica.info\/wp-content\/uploads\/2024\/07\/Gorica-Info-Logo-mali.png","width":450,"height":85,"caption":"Gorica Info"}]},"geo.placename":"Velika Gorica","geo.region":"Croatia"},"_links":{"self":[{"href":"https:\/\/gorica.info\/en\/wp-json\/wp\/v2\/posts\/99172","targetHints":{"allow":["GET"]}}],"collection":[{"href":"https:\/\/gorica.info\/en\/wp-json\/wp\/v2\/posts"}],"about":[{"href":"https:\/\/gorica.info\/en\/wp-json\/wp\/v2\/types\/post"}],"author":[{"embeddable":true,"href":"https:\/\/gorica.info\/en\/wp-json\/wp\/v2\/users\/23"}],"replies":[{"embeddable":true,"href":"https:\/\/gorica.info\/en\/wp-json\/wp\/v2\/comments?post=99172"}],"version-history":[{"count":4,"href":"https:\/\/gorica.info\/en\/wp-json\/wp\/v2\/posts\/99172\/revisions"}],"predecessor-version":[{"id":99178,"href":"https:\/\/gorica.info\/en\/wp-json\/wp\/v2\/posts\/99172\/revisions\/99178"}],"wp:featuredmedia":[{"embeddable":true,"href":"https:\/\/gorica.info\/en\/wp-json\/wp\/v2\/media\/99173"}],"wp:attachment":[{"href":"https:\/\/gorica.info\/en\/wp-json\/wp\/v2\/media?parent=99172"}],"wp:term":[{"taxonomy":"category","embeddable":true,"href":"https:\/\/gorica.info\/en\/wp-json\/wp\/v2\/categories?post=99172"},{"taxonomy":"post_tag","embeddable":true,"href":"https:\/\/gorica.info\/en\/wp-json\/wp\/v2\/tags?post=99172"}],"curies":[{"name":"wp","href":"https:\/\/api.w.org\/{rel}","templated":true}]}}