{"id":99249,"date":"2025-12-13T13:51:15","date_gmt":"2025-12-13T12:51:15","guid":{"rendered":"https:\/\/gorica.info\/?p=99249"},"modified":"2025-12-13T16:34:31","modified_gmt":"2025-12-13T15:34:31","slug":"od-sijecnja-gradski-prijevoz-postaje-odrziv-elektricne-autobuse-mozete-razgledati-i-danas","status":"publish","type":"post","link":"https:\/\/gorica.info\/en\/od-sijecnja-gradski-prijevoz-postaje-odrziv-elektricne-autobuse-mozete-razgledati-i-danas\/","title":{"rendered":"Od sije\u010dnja gradski prijevoz postaje odr\u017eiv: Elektri\u010dne autobuse mo\u017eete razgledati i danas"},"content":{"rendered":"<p><span style=\"font-size: 20px\"><strong>Velika Gorica<\/strong> od sije\u010dnja 2026. godine zapo\u010dinje novo poglavlje u razvoju <strong>odr\u017eivog gradskog prometa <\/strong>jer uvodi <strong>elektri\u010dne autobuse<\/strong> u sustav javnog prijevoza. Ovo je va\u017ean iskorak prema <strong>smanjenju emisija \u0161tetnih plinova<\/strong>, pobolj\u0161anju kvalitete zraka te stvaranju ugodnijeg i ti\u0161eg urbanog okru\u017eenja za gra\u0111ane.<\/span><\/p>\n<p><img fetchpriority=\"high\" decoding=\"async\" class=\"alignnone wp-image-99251 size-full\" src=\"https:\/\/gorica.info\/wp-content\/uploads\/2025\/12\/elektricni-autobus-goricainfo.jpg\" alt=\"\" width=\"1600\" height=\"1200\" srcset=\"https:\/\/gorica.info\/wp-content\/uploads\/2025\/12\/elektricni-autobus-goricainfo.jpg 1600w, https:\/\/gorica.info\/wp-content\/uploads\/2025\/12\/elektricni-autobus-goricainfo-300x225.jpg 300w, https:\/\/gorica.info\/wp-content\/uploads\/2025\/12\/elektricni-autobus-goricainfo-1024x768.jpg 1024w, https:\/\/gorica.info\/wp-content\/uploads\/2025\/12\/elektricni-autobus-goricainfo-768x576.jpg 768w, https:\/\/gorica.info\/wp-content\/uploads\/2025\/12\/elektricni-autobus-goricainfo-1536x1152.jpg 1536w, https:\/\/gorica.info\/wp-content\/uploads\/2025\/12\/elektricni-autobus-goricainfo-16x12.jpg 16w, https:\/\/gorica.info\/wp-content\/uploads\/2025\/12\/elektricni-autobus-goricainfo-750x563.jpg 750w, https:\/\/gorica.info\/wp-content\/uploads\/2025\/12\/elektricni-autobus-goricainfo-1140x855.jpg 1140w\" sizes=\"(max-width: 1600px) 100vw, 1600px\" \/><\/p>\n<p><span style=\"font-size: 20px\">Od sije\u010dnja u promet kre\u0107e <strong>pet elektri\u010dnih autobusa<\/strong> marke VDL Citea SLF 120 Electric \u2013 dvoosovinskih, niskopodnih vozila u potpunosti prilago\u0111enih osobama s invaliditetom.<\/span><\/p>\n<div class=\"jeg_video_container jeg_video_content\"><iframe title=\"Velika Gorica uvodi elektri\u010dne autobuse u gradski prijevoz\" width=\"500\" height=\"281\" src=\"https:\/\/www.youtube.com\/embed\/4991fppJStU?feature=oembed\" frameborder=\"0\" allow=\"accelerometer; autoplay; clipboard-write; encrypted-media; gyroscope; picture-in-picture; web-share\" referrerpolicy=\"strict-origin-when-cross-origin\" allowfullscreen><\/iframe><\/div>\n<p><span style=\"font-size: 20px\">Svaki autobus ima kapacitet od\u00a0<strong>92 putnika<\/strong>, opremljen je\u00a0<strong>USB uti\u010dnicama<\/strong>, ure\u0111ajima za\u00a0<strong>validaciju \u010dipova i karata<\/strong>, te\u00a0<strong>audio-vizualnim sustavom za najavu stanica<\/strong>.<\/span><\/p>\n<p><span style=\"font-size: 20px\">Elektri\u010dne autobuse gra\u0111ani mogu razgledati jo\u0161 danas na <strong>parkirali\u0161tu kod Muzeja Turopolja.<\/strong><\/span><\/p>\n<p><span style=\"font-size: 20px\">&#8211; U suradnji s na\u0161im partnerom <a href=\"https:\/\/gorica.info\/en\/velika-gorica-uvodi-elektricne-autobuse-u-gradski-prijevoz\/\">Arriva Hrvatska<\/a>, na gradske linije uvodimo i pet elektri\u010dnih autobusa, \u010dime dodatno moderniziramo na\u0161 sustav lokalnog prijevoza i \u010dinimo ga jo\u0161 ekolo\u0161ki prihvatljivijim. Ovo je jo\u0161 jedan projekt kojim podi\u017eemo kvalitetu \u017eivota u na\u0161em gradu \u2013 poru\u010dio je <a href=\"https:\/\/gorica.hr\/\"><strong>gradona\u010delnik<\/strong> <\/a>Velike Gorice <strong>Kre\u0161imir A\u010dkar.<\/strong><\/span><\/p>\n<figure id=\"attachment_99250\" aria-describedby=\"caption-attachment-99250\" style=\"width: 1600px\" class=\"wp-caption alignnone\"><img decoding=\"async\" class=\"wp-image-99250 size-full\" src=\"https:\/\/gorica.info\/wp-content\/uploads\/2025\/12\/elektricni-autobus-goricainfo-2.jpg\" alt=\"\" width=\"1600\" height=\"1200\" srcset=\"https:\/\/gorica.info\/wp-content\/uploads\/2025\/12\/elektricni-autobus-goricainfo-2.jpg 1600w, https:\/\/gorica.info\/wp-content\/uploads\/2025\/12\/elektricni-autobus-goricainfo-2-300x225.jpg 300w, https:\/\/gorica.info\/wp-content\/uploads\/2025\/12\/elektricni-autobus-goricainfo-2-1024x768.jpg 1024w, https:\/\/gorica.info\/wp-content\/uploads\/2025\/12\/elektricni-autobus-goricainfo-2-768x576.jpg 768w, https:\/\/gorica.info\/wp-content\/uploads\/2025\/12\/elektricni-autobus-goricainfo-2-1536x1152.jpg 1536w, https:\/\/gorica.info\/wp-content\/uploads\/2025\/12\/elektricni-autobus-goricainfo-2-16x12.jpg 16w, https:\/\/gorica.info\/wp-content\/uploads\/2025\/12\/elektricni-autobus-goricainfo-2-750x563.jpg 750w, https:\/\/gorica.info\/wp-content\/uploads\/2025\/12\/elektricni-autobus-goricainfo-2-1140x855.jpg 1140w\" sizes=\"(max-width: 1600px) 100vw, 1600px\" \/><figcaption id=\"caption-attachment-99250\" class=\"wp-caption-text\">Foto: Gorica.info<\/figcaption><\/figure>\n<p><span style=\"font-size: 20px\">Elektri\u010dni autobusi <strong>ne proizvode ispu\u0161ne plinove<\/strong> tijekom vo\u017enje, \u0161to izravno doprinosi <strong>smanjenju one\u010di\u0161\u0107enja zraka<\/strong>. Osim ekolo\u0161kih prednosti, nova vozila donose i znatno ni\u017eu razinu buke, \u010dime se pobolj\u0161ava kvaliteta \u017eivota stanovnika.<\/span><\/p>\n<p><span style=\"font-size: 20px\">Dugoro\u010dno gledano, prelazak na elektri\u010dne autobuse mo\u017ee donijeti i <strong>financijske u\u0161tede<\/strong> kroz ni\u017ee tro\u0161kove energije i odr\u017eavanja, \u0161to otvara prostor za daljnja ulaganja u prometnu i komunalnu infrastrukturu.<\/span><\/p>","protected":false},"excerpt":{"rendered":"<p>Velika Gorica od sije\u010dnja 2026. godine zapo\u010dinje novo poglavlje u razvoju odr\u017eivog gradskog prometa jer uvodi elektri\u010dne autobuse u sustav javnog prijevoza. Ovo je va\u017ean iskorak prema smanjenju emisija \u0161tetnih plinova, pobolj\u0161anju kvalitete zraka te stvaranju ugodnijeg i ti\u0161eg urbanog okru\u017eenja za gra\u0111ane. Od sije\u010dnja u promet kre\u0107e pet elektri\u010dnih autobusa marke VDL Citea SLF [&hellip;]<\/p>\n","protected":false},"author":23,"featured_media":99252,"comment_status":"closed","ping_status":"closed","sticky":false,"template":"","format":"standard","meta":{"limit_modified_date":"1","last_modified_date":"","jnews-multi-image_gallery":[],"jnews_single_post":{"format":"standard","override":[{"template":"3","parallax":"1","fullscreen":"1","layout":"right-sidebar","sidebar":"default-sidebar","second_sidebar":"default-sidebar","sticky_sidebar":"1","share_position":"top","share_float_style":"share-monocrhome","show_featured":"1","show_post_meta":"1","show_post_author":"1","show_post_author_image":"1","show_post_date":"1","post_date_format":"default","post_date_format_custom":"Y\/m\/d","show_post_category":"1","show_post_reading_time":"1","post_reading_time_wpm":"300","post_calculate_word_method":"str_word_count","zoom_button_out_step":"2","zoom_button_in_step":"3","show_post_tag":"1","show_popup_post":"1","show_comment_section":"1","number_popup_post":"1","show_post_related":"1"}],"image_override":[{"single_post_thumbnail_size":"crop-500","single_post_gallery_size":"crop-500"}],"trending_post_position":"meta","trending_post_label":"Trending","sponsored_post_label":"Sponsored by","disable_ad":"0","subtitle":"Putnike \u0107e voziti pet elektri\u010dnih autobusa marke VDL Citea SLF 120 Electric \u2013 dvoosovinskih, niskopodnih vozila u potpunosti prilago\u0111enih osobama s invaliditetom."},"jnews_primary_category":[],"jnews_override_counter":{"view_counter_number":"0","share_counter_number":"0","like_counter_number":"0","dislike_counter_number":"0"},"footnotes":""},"categories":[87],"tags":[1867,21619,21674,21673,3412,21675,21679,21678,122,15549,15554,21676],"class_list":["post-99249","post","type-post","status-publish","format-standard","has-post-thumbnail","hentry","category-gorica","tag-dan-grada","tag-elektricni-autobusi","tag-gradski-prijevoz","tag-ispusni-plinovi","tag-javni-prijevoz","tag-odrziva-mobilnost","tag-odrzivi-gradski-promet","tag-pametni-grad","tag-velika-gorica","tag-velika-gorica-danas","tag-vg-vijesti","tag-zeleni-prijevoz"],"yoast_head":"<!-- This site is optimized with the Yoast SEO Premium plugin v27.4 (Yoast SEO v27.4) - https:\/\/yoast.com\/product\/yoast-seo-premium-wordpress\/ -->\n<title>Od sije\u010dnja gradski prijevoz postaje odr\u017eiv: Elektri\u010dne autobuse mo\u017eete razgledati i danas - Gorica Info<\/title>\n<meta name=\"description\" content=\"Velika Gorica od sije\u010dnja 2026. godine zapo\u010dinje novo poglavlje u razvoju odr\u017eivog gradskog prometa jer uvodi elektri\u010dne autobuse.\" \/>\n<meta name=\"robots\" content=\"index, follow, max-snippet:-1, max-image-preview:large, max-video-preview:-1\" \/>\n<link rel=\"canonical\" href=\"https:\/\/gorica.info\/en\/od-sijecnja-gradski-prijevoz-postaje-odrziv-elektricne-autobuse-mozete-razgledati-i-danas\/\" \/>\n<meta property=\"og:locale\" content=\"en_US\" \/>\n<meta property=\"og:type\" content=\"article\" \/>\n<meta property=\"og:title\" content=\"Od sije\u010dnja gradski prijevoz postaje odr\u017eiv: Elektri\u010dne autobuse mo\u017eete razgledati i danas\" \/>\n<meta property=\"og:description\" content=\"Velika Gorica od sije\u010dnja 2026. godine zapo\u010dinje novo poglavlje u razvoju odr\u017eivog gradskog prometa jer uvodi elektri\u010dne autobuse.\" \/>\n<meta property=\"og:url\" content=\"https:\/\/gorica.info\/en\/od-sijecnja-gradski-prijevoz-postaje-odrziv-elektricne-autobuse-mozete-razgledati-i-danas\/\" \/>\n<meta property=\"og:site_name\" content=\"Gorica Info\" \/>\n<meta property=\"article:publisher\" content=\"https:\/\/www.facebook.com\/Goricainfo-106005144489262\" \/>\n<meta property=\"article:published_time\" content=\"2025-12-13T12:51:15+00:00\" \/>\n<meta property=\"article:modified_time\" content=\"2025-12-13T15:34:31+00:00\" \/>\n<meta property=\"og:image\" content=\"https:\/\/gorica.info\/wp-content\/uploads\/2025\/12\/elektricni-autobusi-goricainfo.jpg\" \/>\n\t<meta property=\"og:image:width\" content=\"1500\" \/>\n\t<meta property=\"og:image:height\" content=\"894\" \/>\n\t<meta property=\"og:image:type\" content=\"image\/jpeg\" \/>\n<meta name=\"author\" content=\"Gorica. info\" \/>\n<meta name=\"twitter:card\" content=\"summary_large_image\" \/>\n<meta name=\"twitter:creator\" content=\"@GoricaInfo\" \/>\n<meta name=\"twitter:site\" content=\"@GoricaInfo\" \/>\n<meta name=\"twitter:label1\" content=\"Written by\" \/>\n\t<meta name=\"twitter:data1\" content=\"Gorica. info\" \/>\n\t<meta name=\"twitter:label2\" content=\"Est. reading time\" \/>\n\t<meta name=\"twitter:data2\" content=\"2 minutes\" \/>\n<meta name=\"geo.placename\" content=\"Velika Gorica\" \/>\n<meta name=\"geo.region\" content=\"Croatia\" \/>\n<!-- \/ Yoast SEO Premium plugin. -->","yoast_head_json":{"title":"Od sije\u010dnja gradski prijevoz postaje odr\u017eiv: Elektri\u010dne autobuse mo\u017eete razgledati i danas - Gorica Info","description":"Velika Gorica od sije\u010dnja 2026. godine zapo\u010dinje novo poglavlje u razvoju odr\u017eivog gradskog prometa jer uvodi elektri\u010dne autobuse.","robots":{"index":"index","follow":"follow","max-snippet":"max-snippet:-1","max-image-preview":"max-image-preview:large","max-video-preview":"max-video-preview:-1"},"canonical":"https:\/\/gorica.info\/en\/od-sijecnja-gradski-prijevoz-postaje-odrziv-elektricne-autobuse-mozete-razgledati-i-danas\/","og_locale":"en_US","og_type":"article","og_title":"Od sije\u010dnja gradski prijevoz postaje odr\u017eiv: Elektri\u010dne autobuse mo\u017eete razgledati i danas","og_description":"Velika Gorica od sije\u010dnja 2026. godine zapo\u010dinje novo poglavlje u razvoju odr\u017eivog gradskog prometa jer uvodi elektri\u010dne autobuse.","og_url":"https:\/\/gorica.info\/en\/od-sijecnja-gradski-prijevoz-postaje-odrziv-elektricne-autobuse-mozete-razgledati-i-danas\/","og_site_name":"Gorica Info","article_publisher":"https:\/\/www.facebook.com\/Goricainfo-106005144489262","article_published_time":"2025-12-13T12:51:15+00:00","article_modified_time":"2025-12-13T15:34:31+00:00","og_image":[{"width":1500,"height":894,"url":"https:\/\/gorica.info\/wp-content\/uploads\/2025\/12\/elektricni-autobusi-goricainfo.jpg","type":"image\/jpeg"}],"author":"Gorica. info","twitter_card":"summary_large_image","twitter_creator":"@GoricaInfo","twitter_site":"@GoricaInfo","twitter_misc":{"Written by":"Gorica. info","Est. reading time":"2 minutes"},"schema":{"@context":"https:\/\/schema.org","@graph":[{"@type":"NewsArticle","@id":"https:\/\/gorica.info\/od-sijecnja-gradski-prijevoz-postaje-odrziv-elektricne-autobuse-mozete-razgledati-i-danas\/#article","isPartOf":{"@id":"https:\/\/gorica.info\/od-sijecnja-gradski-prijevoz-postaje-odrziv-elektricne-autobuse-mozete-razgledati-i-danas\/"},"author":{"name":"Gorica. info","@id":"https:\/\/gorica.info\/#\/schema\/person\/4499af1f22f322670b9b5977ccc2e3de"},"headline":"Od sije\u010dnja gradski prijevoz postaje odr\u017eiv: Elektri\u010dne autobuse mo\u017eete razgledati i danas","datePublished":"2025-12-13T12:51:15+00:00","dateModified":"2025-12-13T15:34:31+00:00","mainEntityOfPage":{"@id":"https:\/\/gorica.info\/od-sijecnja-gradski-prijevoz-postaje-odrziv-elektricne-autobuse-mozete-razgledati-i-danas\/"},"wordCount":280,"publisher":{"@id":"https:\/\/gorica.info\/#organization"},"image":{"@id":"https:\/\/gorica.info\/od-sijecnja-gradski-prijevoz-postaje-odrziv-elektricne-autobuse-mozete-razgledati-i-danas\/#primaryimage"},"thumbnailUrl":"https:\/\/gorica.info\/wp-content\/uploads\/2025\/12\/elektricni-autobusi-goricainfo.jpg","keywords":["dan grada","elektri\u010dni autobusi","gradski prijevoz","ispu\u0161ni plinovi","javni prijevoz","odr\u017eiva mobilnost","odr\u017eivi gradski promet","pametni grad","Velika Gorica","velika gorica danas","vg vijesti","zeleni prijevoz"],"articleSection":["GORICA"],"inLanguage":"en-US","copyrightYear":"2025","copyrightHolder":{"@id":"https:\/\/gorica.info\/en\/#organization"}},{"@type":"WebPage","@id":"https:\/\/gorica.info\/od-sijecnja-gradski-prijevoz-postaje-odrziv-elektricne-autobuse-mozete-razgledati-i-danas\/","url":"https:\/\/gorica.info\/od-sijecnja-gradski-prijevoz-postaje-odrziv-elektricne-autobuse-mozete-razgledati-i-danas\/","name":"Od sije\u010dnja gradski prijevoz postaje odr\u017eiv: Elektri\u010dne autobuse mo\u017eete razgledati i danas - Gorica Info","isPartOf":{"@id":"https:\/\/gorica.info\/#website"},"primaryImageOfPage":{"@id":"https:\/\/gorica.info\/od-sijecnja-gradski-prijevoz-postaje-odrziv-elektricne-autobuse-mozete-razgledati-i-danas\/#primaryimage"},"image":{"@id":"https:\/\/gorica.info\/od-sijecnja-gradski-prijevoz-postaje-odrziv-elektricne-autobuse-mozete-razgledati-i-danas\/#primaryimage"},"thumbnailUrl":"https:\/\/gorica.info\/wp-content\/uploads\/2025\/12\/elektricni-autobusi-goricainfo.jpg","datePublished":"2025-12-13T12:51:15+00:00","dateModified":"2025-12-13T15:34:31+00:00","description":"Velika Gorica od sije\u010dnja 2026. godine zapo\u010dinje novo poglavlje u razvoju odr\u017eivog gradskog prometa jer uvodi elektri\u010dne autobuse.","breadcrumb":{"@id":"https:\/\/gorica.info\/od-sijecnja-gradski-prijevoz-postaje-odrziv-elektricne-autobuse-mozete-razgledati-i-danas\/#breadcrumb"},"inLanguage":"en-US","potentialAction":[{"@type":"ReadAction","target":["https:\/\/gorica.info\/od-sijecnja-gradski-prijevoz-postaje-odrziv-elektricne-autobuse-mozete-razgledati-i-danas\/"]}]},{"@type":"ImageObject","inLanguage":"en-US","@id":"https:\/\/gorica.info\/od-sijecnja-gradski-prijevoz-postaje-odrziv-elektricne-autobuse-mozete-razgledati-i-danas\/#primaryimage","url":"https:\/\/gorica.info\/wp-content\/uploads\/2025\/12\/elektricni-autobusi-goricainfo.jpg","contentUrl":"https:\/\/gorica.info\/wp-content\/uploads\/2025\/12\/elektricni-autobusi-goricainfo.jpg","width":1500,"height":894,"caption":"Foto: Gorica.info"},{"@type":"BreadcrumbList","@id":"https:\/\/gorica.info\/od-sijecnja-gradski-prijevoz-postaje-odrziv-elektricne-autobuse-mozete-razgledati-i-danas\/#breadcrumb","itemListElement":[{"@type":"ListItem","position":1,"name":"Po\u010detna stranica","item":"https:\/\/gorica.info\/"},{"@type":"ListItem","position":2,"name":"Od sije\u010dnja gradski prijevoz postaje odr\u017eiv: Elektri\u010dne autobuse mo\u017eete razgledati i danas"}]},{"@type":"WebSite","@id":"https:\/\/gorica.info\/#website","url":"https:\/\/gorica.info\/","name":"Gorica Info","description":"Vijesti iz Velike Gorice i okolice.","publisher":{"@id":"https:\/\/gorica.info\/#organization"},"potentialAction":[{"@type":"SearchAction","target":{"@type":"EntryPoint","urlTemplate":"https:\/\/gorica.info\/?s={search_term_string}"},"query-input":{"@type":"PropertyValueSpecification","valueRequired":true,"valueName":"search_term_string"}}],"inLanguage":"en-US"},{"@type":["Organization","Place","NewsMediaOrganization"],"@id":"https:\/\/gorica.info\/#organization","name":"Gorica Info","url":"https:\/\/gorica.info\/","logo":{"@id":"https:\/\/gorica.info\/od-sijecnja-gradski-prijevoz-postaje-odrziv-elektricne-autobuse-mozete-razgledati-i-danas\/#local-main-organization-logo"},"image":{"@id":"https:\/\/gorica.info\/od-sijecnja-gradski-prijevoz-postaje-odrziv-elektricne-autobuse-mozete-razgledati-i-danas\/#local-main-organization-logo"},"sameAs":["https:\/\/www.facebook.com\/Goricainfo-106005144489262","https:\/\/x.com\/GoricaInfo","https:\/\/www.instagram.com\/gorica.info\/"],"address":{"@id":"https:\/\/gorica.info\/od-sijecnja-gradski-prijevoz-postaje-odrziv-elektricne-autobuse-mozete-razgledati-i-danas\/#local-main-place-address"},"telephone":[],"openingHoursSpecification":[{"@type":"OpeningHoursSpecification","dayOfWeek":["Monday","Tuesday","Wednesday","Thursday","Friday","Saturday","Sunday"],"opens":"09:00","closes":"17:00"}],"email":"redakcija@gorica.info"},{"@type":"Person","@id":"https:\/\/gorica.info\/#\/schema\/person\/4499af1f22f322670b9b5977ccc2e3de","name":"Gorica. info","description":"Gorica.info je lokalni portal koji prati Veliku Goricu i okolici, svakodnevno donosi najnovije vijesti i pri\u010de, kulturna doga\u0111anja i aktualnosti koje oblikuju \u017eivot gra\u0111ana.","url":"https:\/\/gorica.info\/en\/author\/gorica-info\/"},{"@type":"PostalAddress","@id":"https:\/\/gorica.info\/od-sijecnja-gradski-prijevoz-postaje-odrziv-elektricne-autobuse-mozete-razgledati-i-danas\/#local-main-place-address","streetAddress":"Horvatova 97","addressLocality":"Velika Gorica","postalCode":"10410","addressRegion":"Croatia","addressCountry":"HR"},{"@type":"ImageObject","inLanguage":"en-US","@id":"https:\/\/gorica.info\/od-sijecnja-gradski-prijevoz-postaje-odrziv-elektricne-autobuse-mozete-razgledati-i-danas\/#local-main-organization-logo","url":"https:\/\/gorica.info\/wp-content\/uploads\/2024\/07\/Gorica-Info-Logo-mali.png","contentUrl":"https:\/\/gorica.info\/wp-content\/uploads\/2024\/07\/Gorica-Info-Logo-mali.png","width":450,"height":85,"caption":"Gorica Info"}]},"geo.placename":"Velika Gorica","geo.region":"Croatia"},"_links":{"self":[{"href":"https:\/\/gorica.info\/en\/wp-json\/wp\/v2\/posts\/99249","targetHints":{"allow":["GET"]}}],"collection":[{"href":"https:\/\/gorica.info\/en\/wp-json\/wp\/v2\/posts"}],"about":[{"href":"https:\/\/gorica.info\/en\/wp-json\/wp\/v2\/types\/post"}],"author":[{"embeddable":true,"href":"https:\/\/gorica.info\/en\/wp-json\/wp\/v2\/users\/23"}],"replies":[{"embeddable":true,"href":"https:\/\/gorica.info\/en\/wp-json\/wp\/v2\/comments?post=99249"}],"version-history":[{"count":3,"href":"https:\/\/gorica.info\/en\/wp-json\/wp\/v2\/posts\/99249\/revisions"}],"predecessor-version":[{"id":99303,"href":"https:\/\/gorica.info\/en\/wp-json\/wp\/v2\/posts\/99249\/revisions\/99303"}],"wp:featuredmedia":[{"embeddable":true,"href":"https:\/\/gorica.info\/en\/wp-json\/wp\/v2\/media\/99252"}],"wp:attachment":[{"href":"https:\/\/gorica.info\/en\/wp-json\/wp\/v2\/media?parent=99249"}],"wp:term":[{"taxonomy":"category","embeddable":true,"href":"https:\/\/gorica.info\/en\/wp-json\/wp\/v2\/categories?post=99249"},{"taxonomy":"post_tag","embeddable":true,"href":"https:\/\/gorica.info\/en\/wp-json\/wp\/v2\/tags?post=99249"}],"curies":[{"name":"wp","href":"https:\/\/api.w.org\/{rel}","templated":true}]}}